{"id":584168,"date":"2025-11-18T09:17:14","date_gmt":"2025-11-18T09:17:14","guid":{"rendered":"https:\/\/www.europesays.com\/de\/584168\/"},"modified":"2025-11-18T09:17:14","modified_gmt":"2025-11-18T09:17:14","slug":"koegel-trailer-gmbh-kuendigt-partnerschaft-mit-delta-trailers-in-frankreich-an-koegel-trailer-gmbh-story","status":"publish","type":"post","link":"https:\/\/www.europesays.com\/de\/584168\/","title":{"rendered":"K\u00f6gel Trailer GmbH k\u00fcndigt Partnerschaft mit Delta Trailers in Frankreich an, K\u00f6gel Trailer GmbH, Story"},"content":{"rendered":"<p><b>Die K\u00f6gel Trailer GmbH verst\u00e4rkt ihre Pr\u00e4senz in Frankreich und startet ab November 2025 eine Partnerschaft mit Delta Trailers. Delta Trailers, ein Spezialist f\u00fcr den Vertrieb von Trailern, \u00fcbernimmt als vierter Handelspartner in Frankreich. So ist K\u00f6gel fl\u00e4chendeckend f\u00fcr alle franz\u00f6sischen Kunden mit dem gesamten Produkt- und Serviceangebot verf\u00fcgbar. Auf der Messe Solutrans wird K\u00f6gel bereits von Delta Trailers repr\u00e4sentiert. Kunden und Interessenten k\u00f6nnen sich vom 18. bis 22. November vor Ort auf der Lyon EUROEXPO in Halle 4, Stand D086 informieren.<\/b><\/p>\n<p>Bei beiden Unternehmen steht der Kunde im Mittelpunkt mit dem Ziel, Unternehmen aus allen Branchen zu bedienen. Daf\u00fcr bietet Delta Trailers das komplette Produkt-Portfolio von K\u00f6gel an, von Kipp- \u00fcber Box- und Planenfahrzeugen bis hin zu Container Chassis und K\u00fchlfahrzeugen. Das Angebot umfasst au\u00dferdem K\u00f6gel-Ersatzteile und die entsprechenden Services wie K\u00f6gel Telematics und KIT f\u00fcr die Fahrzeuge. Reparaturen und Services k\u00f6nnen in der eigenen Werkstatt durchgef\u00fchrt werden.<\/p>\n<p><b>Partnerschaft auf Augenh\u00f6he<\/b><\/p>\n<p>Delta Trailers ist seit 2003 auf dem franz\u00f6sischen Markt t\u00e4tig und genie\u00dft einen exzellenten Ruf als vertrauensw\u00fcrdiger und zuverl\u00e4ssiger Partner. Mehr als 25 Mitarbeiter und Mitarbeiterinnen sorgen mit exzellentem Fachwissen und Marktkenntnis f\u00fcr eine hohe Kundenzufriedenheit und ein fl\u00e4chendeckendes Vertriebsnetzwerk.<\/p>\n<p>Louis-Marie Levet, CEO von Delta Trailers, f\u00fchrt aus: \u201eWir freuen uns \u00fcber die Partnerschaft mit K\u00f6gel Trailer GmbH, die es uns erm\u00f6glicht, einen gro\u00dfen Teil Frankreichs mit qualitativ hochwertigen Aufliegern zu bedienen und unseren Kunden eine noch gr\u00f6\u00dfere Auswahl an Fahrzeugen und Services zu bieten. Unsere Kunden wissen, dass wir ihre Bed\u00fcrfnisse immer im Blick haben \u2013 mit K\u00f6gel haben wir einen Hersteller gefunden, der die gleichen Werte teilt, getreu ihrem Motto \u201aBecause we care\u2018.\u201c<\/p>\n<p><b>Langfristige Zusammenarbeit<\/b><\/p>\n<p>F\u00fcr K\u00f6gel bedeutet die Zusammenarbeit mit Delta Trailers eine M\u00f6glichkeit, den franz\u00f6sischen Markt vollst\u00e4ndig zu erschlie\u00dfen und zu bedienen. Bisher bestehende H\u00e4ndlerpartnerschaften \u00e4ndern sich nicht. \u201eMit dieser Partnerschaft schlie\u00dfen wir eine wichtige strategische und geografische L\u00fccke. Wir sind davon \u00fcberzeugt, mit Delta Trailers einen hervorragenden, leistungsf\u00e4higen Vertriebspartner f\u00fcr Frankreich gefunden zu haben, der die franz\u00f6sischen Kunden bestens kennt. Unsere langfristig angelegte Partnerschaft wird die Marke K\u00f6gel noch besser in diesem wichtigen Markt etablieren und unseren Kundenkreis vergr\u00f6\u00dfern\u201c, sagt Thore Bakker, CEO der K\u00f6gel Trailer GmbH. \u201eUnsere langj\u00e4hrigen Partner TH Trucks, Groupe Kroely und Trucks Solutions werden auch k\u00fcnftig in ihren jeweiligen Regionen und Verantwortungsbereichen mit K\u00f6gel Produkten vertreten sein. Die vertrauensvolle Zusammenarbeit mit ihnen f\u00fchren wir fort.\u201c<\/p>\n<p>Das Ziel der Zusammenarbeit ist es, die Marke K\u00f6gel in Frankreich weiterzuentwickeln. Neben einem marktgerechten Portfolio, das au\u00dfer Fahrzeugen auch Services und Ersatzteile beinhaltet, sollen Kunden erfahren, dass ihnen Delta Trailers als K\u00f6gel-Partner zuverl\u00e4ssig zur Seite steht und mit qualitativ hochwertigen Aufliegern ihre Bed\u00fcrfnisse befriedigt.\u00a0<\/p>\n<p>Bitte kontaktieren Sie\u00a0<b>Maximilian Franz<\/b>, Head of Marketing bei K\u00f6gel, falls Sie Interesse an einem Interview haben unter\u00a0<a href=\"https:\/\/www.pressebox.de\/pressemitteilung\/koegel-trailer-gmbh-cokg\/kgel-trailer-gmbh-kndigt-partnerschaft-mit-delta-trailers-in-frankreich-an\/boxid\/mailto:maximilian.franz@koegel.com\" class=\"bbcode_email\" target=\"_blank\" rel=\"noopener\">maximilian.franz@koegel.com<\/a><\/p>\n","protected":false},"excerpt":{"rendered":"Die K\u00f6gel Trailer GmbH verst\u00e4rkt ihre Pr\u00e4senz in Frankreich und startet ab November 2025 eine Partnerschaft mit Delta&hellip;\n","protected":false},"author":2,"featured_media":584169,"comment_status":"","ping_status":"","sticky":false,"template":"","format":"standard","meta":{"footnotes":""},"categories":[3974],"tags":[331,332,696,59328,548,140084,663,3934,3980,156,140081,13,140079,41742,54826,47,14,15,12,44012,27682,140082,140080,3337,140083,52642],"class_list":{"0":"post-584168","1":"post","2":"type-post","3":"status-publish","4":"format-standard","5":"has-post-thumbnail","7":"category-frankreich","8":"tag-aktuelle-nachrichten","9":"tag-aktuelle-news","10":"tag-container","11":"tag-delta","12":"tag-eu","13":"tag-euroexpo","14":"tag-europa","15":"tag-europe","16":"tag-france","17":"tag-frankreich","18":"tag-groupe","19":"tag-headlines","20":"tag-kipp","21":"tag-kit","22":"tag-koegel","23":"tag-messe","24":"tag-nachrichten","25":"tag-news","26":"tag-schlagzeilen","27":"tag-services","28":"tag-solutions","29":"tag-solutrans","30":"tag-telematics","31":"tag-trailer","32":"tag-trailers","33":"tag-trucks"},"share_on_mastodon":{"url":"https:\/\/pubeurope.com\/@de\/115569953749486718","error":""},"_links":{"self":[{"href":"https:\/\/www.europesays.com\/de\/wp-json\/wp\/v2\/posts\/584168","targetHints":{"allow":["GET"]}}],"collection":[{"href":"https:\/\/www.europesays.com\/de\/wp-json\/wp\/v2\/posts"}],"about":[{"href":"https:\/\/www.europesays.com\/de\/wp-json\/wp\/v2\/types\/post"}],"author":[{"embeddable":true,"href":"https:\/\/www.europesays.com\/de\/wp-json\/wp\/v2\/users\/2"}],"replies":[{"embeddable":true,"href":"https:\/\/www.europesays.com\/de\/wp-json\/wp\/v2\/comments?post=584168"}],"version-history":[{"count":0,"href":"https:\/\/www.europesays.com\/de\/wp-json\/wp\/v2\/posts\/584168\/revisions"}],"wp:featuredmedia":[{"embeddable":true,"href":"https:\/\/www.europesays.com\/de\/wp-json\/wp\/v2\/media\/584169"}],"wp:attachment":[{"href":"https:\/\/www.europesays.com\/de\/wp-json\/wp\/v2\/media?parent=584168"}],"wp:term":[{"taxonomy":"category","embeddable":true,"href":"https:\/\/www.europesays.com\/de\/wp-json\/wp\/v2\/categories?post=584168"},{"taxonomy":"post_tag","embeddable":true,"href":"https:\/\/www.europesays.com\/de\/wp-json\/wp\/v2\/tags?post=584168"}],"curies":[{"name":"wp","href":"https:\/\/api.w.org\/{rel}","templated":true}]}}