{"id":584217,"date":"2025-11-18T09:44:18","date_gmt":"2025-11-18T09:44:18","guid":{"rendered":"https:\/\/www.europesays.com\/de\/584217\/"},"modified":"2025-11-18T09:44:18","modified_gmt":"2025-11-18T09:44:18","slug":"ausstellung-wahlkampf-radikal-wie-radikale-die-waehlerschaft-manipulieren","status":"publish","type":"post","link":"https:\/\/www.europesays.com\/de\/584217\/","title":{"rendered":"Ausstellung: Wahlkampf radikal: Wie Radikale die W\u00e4hlerschaft manipulieren"},"content":{"rendered":"<p>\t\t\t\t\t\t\t\t\t\t\t\t\t\t\t\t\t\t\t\t\t\t\t\t\t\t\t\t      \t\t            \t\t             \t\t\t\t   \t\t\t\t\t   <img decoding=\"async\" id=\"article-image\" fetchpriority=\"high\" alt=\"Ausstellung: Wahlkampf radikal: Wie Radikale die W\u00e4hlerschaft manipulieren\" title=\"Ausstellung: Wahlkampf radikal: Wie Radikale die W\u00e4hlerschaft manipulieren\" src=\"https:\/\/www.europesays.com\/de\/wp-content\/uploads\/2025\/11\/media.media.a3cdc787-07b5-41c7-bee0-9722e8d1e1ae.16x9_700.jpg\" data-linkto=\"https:\/\/www.stuttgarter-nachrichten.de\/javascript:void(0);\"\/>\t\t\t\t\t\t\t\t\t\t\t\t\t\t\t\t\t\t\t\t\t\t\t\tBlick in die Ausstellung \u2013 zu sehen ist auch ein Wahlplakat der DKP, die  1956 verboten wurde.\u00a0Foto: Haus der Geschichte BW\t\t\t<\/p>\n<p>Wahlwerbung setzt oft auf die Gef\u00fchle der W\u00e4hlerschaft. Eine Ausstellung im Haus der Geschichte zeigt, wie sich in Baden-W\u00fcrttemberg radikale Tendenzen in den Wahlkampf einschlichen.<\/p>\n<p>Ein Satz, den heute viele unterschreiben w\u00fcrden: \u201eUnser Land muss stark bleiben\u201c \u2013 denn letztlich wollen alle zu den Starken geh\u00f6ren, den Siegern. Deshalb legte <a href=\"https:\/\/www.stuttgarter-nachrichten.de\/thema\/Erwin_Teufel\" title=\"Erwin Teufel\" class=\"art_thema\" target=\"_blank\" rel=\"noopener\">Erwin Teufel<\/a> in den 1990er Jahren gleich noch nach, was ein Land stark macht: \u201eEs braucht eine starke Regierung und eine starke CDU\u201c \u2013 und also ihn als Ministerpr\u00e4sident von Baden-W\u00fcrttemberg.<\/p>\n<p>Im Grunde ist Wahlkampf eben doch nichts anderes als Werbung, mit dem Vorteil, dass man die politische Konkurrenz offen attackieren darf. \u201eNach der Steuerl\u00fcge jetzt die Asyll\u00fcge der CDU\u201c wetterte die SPD 1992. Die CDU gab sich als Regierungspartei dagegen zupackend: \u201eAsylproblem l\u00f6sen! CDU w\u00e4hlen!\u201c Fast meint man, in einer Zeitschleife festzuh\u00e4ngen in der neuen Ausstellung im <a href=\"https:\/\/www.stuttgarter-nachrichten.de\/thema\/Haus_der_Geschichte_Baden-W%C3%BCrttemberg\" title=\"Haus der Geschichte Baden-W\u00fcrttemberg\" class=\"art_thema\" target=\"_blank\" rel=\"noopener\">Haus der Geschichte Baden-W\u00fcrttemberg<\/a>, die sich das Thema Wahlkampf vorgenommen hat und Plakate und TV-Spots zeigt, die seit 1952 die W\u00e4hlerschaft verf\u00fchren sollten. Und deshalb haute die CDU den Menschen im Land 1968 einfach nur drei gro\u00dfe \u2013 starke \u2013 Substantive um die Ohren: \u201eSicherheit. Ordnung. Fortschritt.\u201c Wer wollte da nicht sofort zustimmen? <\/p>\n<p>Radikale Tendenzen im gem\u00e4\u00dfigten Baden-W\u00fcrttemberg <\/p>\n<p>Aber hatte nicht auch die DKP irgendwie recht, als sie forderte \u201ePreise und Profite runter. L\u00f6hne rauf\u201c? Die Schau \u201eWahlkampf radikal\u201c will zeigen, dass im angeblich politisch gem\u00e4\u00dfigten Baden-W\u00fcrttemberg immer auch radikale und nationale Themen im Wahlkampf ausgespielt wurden \u2013 etwa von der Sozialistischen Reichspartei SRP. Interessant ist, wie sie warben: Nicht mit kurzen Parolen, sondern mit einem Flugblatt, auf dem man Punkt f\u00fcr Punkt ausf\u00fchrte, \u201ewarum man eine Remilitarisierung im Dienste fremder M\u00e4chte und Interessen\u201c ablehnte. Offenbar ging man davon aus, dass die Bev\u00f6lkerung bereit und in der Lage war, ausf\u00fchrlichere Texte zu lesen. <\/p>\n<p>Die KPD appellierte dagegen an die Menschlichkeit der W\u00e4hlerinnen und W\u00e4hler, denen man auf einem Plakat marktschreierisch \u201eEntscheide richtig!\u201c entgegenrief. Was man mit richtig meinte, zeigte die Zeichnung spielender Kinder. Diesen wurden marschierende Soldaten und Massengr\u00e4ber dramatisch gegen\u00fcbergestellt.<\/p>\n<p>Die Ausstellungsleiter Rainer Schimpf vertieft nicht, welche unterschiedlichen Strategien die Parteien nutzten, um die W\u00e4hlerschaft gewogen zu machen oder auch gezielt zu manipulieren, sondern will in erster Linie zeigen, wie man in Baden-W\u00fcrttemberg zwischen 1952 und 2001 versuchte, radikale Tendenzen abzuwehren. So dr\u00e4ngte der CDU-Bundeskanzler Konrad Adenauer, gegen die Sozialistische Reichspartei SRP vorzugehen, nachdem 1951 in Niedersachsen elf Prozent der W\u00e4hlerschaft f\u00fcr sie gestimmt hatte. Ein Ergebnis, das auch das Ausland alarmierte. 1952 verbot das Bundesverfassungsgericht die SRP dann wegen ihres \u201eStrebens zur Diktatur\u201c und einem Programm und einer \u201eVorstellungswelt\u201c, die der NSDAP wesensverwandt sei.<\/p>\n<p>Die Gegenwart wird nur am Rande gestreift <\/p>\n<p>Die nationalen Tendenzen in den K\u00f6pfen lie\u00dfen sich trotzdem nicht verhindern. 1983 gr\u00fcndeten ehemalige CSU-Mitglieder Die Republikaner, eine Partei, die Begriffe wie \u201e\u00dcberfremdung\u201c und \u201eVolkswillen\u201c in die politischen Debatten zur\u00fcckbrachte. \u201eAsylmissbrauch bedroht den inneren Frieden und f\u00f6rdert die Kriminalit\u00e4t\u201c, hie\u00df es aufwiegelnd. 1992 warben Die Republikaner in Baden-W\u00fcrttemberg dann mit dem Slogan, der bis heute im Sprachgebrauch ist: \u201eDas Boot ist voll! Schluss mit Asylbetrug\u201c. Die Gr\u00fcnen versuchten mit einer Frage zu kontern: \u201eWarum sollen wir wegen Ausl\u00e4nderfeindlichkeit unser Grundgesetz \u00e4ndern?\u201c<\/p>\n<p>Die Gegenwart wird im Haus der Geschichte nur am Rande gestreift in einer Videoinstallation von Studierenden der Hochschule der Medien. Sie erkl\u00e4rt, wie auf Tiktok Algorithmen am Werk sind, um Wahlwerbung zu verbreiten \u2013 ob von der Jungen Union, die sich in Clips sportlich zeigt, oder von der AfD, deren Vertreter in pseudo-journalistischen Interviews Steilvorlagen erhalten, um ihre Ideologie werbewirksam zu verbreiten.<\/p>\n<p> <b\/> <\/p>\n<p> <b>Wahlkampf radikal:<\/b> Haus der Geschichte Baden-W\u00fcrttemberg. Bis 12. April 2026. Ge\u00f6ffnet Di bis So 10 bis 17 Uhr, Do bis 20 Uhr<\/p>\n","protected":false},"excerpt":{"rendered":"Blick in die Ausstellung \u2013 zu sehen ist auch ein Wahlplakat der DKP, die 1956 verboten wurde.\u00a0Foto: Haus&hellip;\n","protected":false},"author":2,"featured_media":584218,"comment_status":"","ping_status":"","sticky":false,"template":"","format":"standard","meta":{"footnotes":""},"categories":[1830],"tags":[1634,3364,29,140097,30,95662,80,1441,140095,140096],"class_list":{"0":"post-584217","1":"post","2":"type-post","3":"status-publish","4":"format-standard","5":"has-post-thumbnail","7":"category-stuttgart","8":"tag-baden-wuerttemberg","9":"tag-de","10":"tag-deutschland","11":"tag-erwin-teufel","12":"tag-germany","13":"tag-haus-der-geschichte-baden-wuerttemberg","14":"tag-kultur","15":"tag-stuttgart","16":"tag-wahlkampf-radikal","17":"tag-wssrp"},"share_on_mastodon":{"url":"https:\/\/pubeurope.com\/@de\/115570060037405777","error":""},"_links":{"self":[{"href":"https:\/\/www.europesays.com\/de\/wp-json\/wp\/v2\/posts\/584217","targetHints":{"allow":["GET"]}}],"collection":[{"href":"https:\/\/www.europesays.com\/de\/wp-json\/wp\/v2\/posts"}],"about":[{"href":"https:\/\/www.europesays.com\/de\/wp-json\/wp\/v2\/types\/post"}],"author":[{"embeddable":true,"href":"https:\/\/www.europesays.com\/de\/wp-json\/wp\/v2\/users\/2"}],"replies":[{"embeddable":true,"href":"https:\/\/www.europesays.com\/de\/wp-json\/wp\/v2\/comments?post=584217"}],"version-history":[{"count":0,"href":"https:\/\/www.europesays.com\/de\/wp-json\/wp\/v2\/posts\/584217\/revisions"}],"wp:featuredmedia":[{"embeddable":true,"href":"https:\/\/www.europesays.com\/de\/wp-json\/wp\/v2\/media\/584218"}],"wp:attachment":[{"href":"https:\/\/www.europesays.com\/de\/wp-json\/wp\/v2\/media?parent=584217"}],"wp:term":[{"taxonomy":"category","embeddable":true,"href":"https:\/\/www.europesays.com\/de\/wp-json\/wp\/v2\/categories?post=584217"},{"taxonomy":"post_tag","embeddable":true,"href":"https:\/\/www.europesays.com\/de\/wp-json\/wp\/v2\/tags?post=584217"}],"curies":[{"name":"wp","href":"https:\/\/api.w.org\/{rel}","templated":true}]}}