{"id":584225,"date":"2025-11-18T09:48:16","date_gmt":"2025-11-18T09:48:16","guid":{"rendered":"https:\/\/www.europesays.com\/de\/584225\/"},"modified":"2025-11-18T09:48:16","modified_gmt":"2025-11-18T09:48:16","slug":"stahlstuetzen-so-marode-ist-die-gesperrte-tiefgarage-in-koeln","status":"publish","type":"post","link":"https:\/\/www.europesays.com\/de\/584225\/","title":{"rendered":"Stahlst\u00fctzen: So marode ist die gesperrte Tiefgarage in K\u00f6ln"},"content":{"rendered":"<p class=\"dm-paragraph my-8 dm-article-content-width\" index=\"0\" should-collapse-on-mobile=\"true\" has-padding=\"\" data-v-586984a4=\"\">Die statischen M\u00e4ngel in der <a href=\"https:\/\/www.rundschau-online.de\/koeln\/koeln-innenstadt\/altstadt-nord\/einsturzgefahr-stadt-koeln-sperrt-tiefgarage-in-der-koelner-altstadt-4-1109151\" rel=\"nofollow noopener\" target=\"_blank\">Tiefgarage Gro\u00df St. Martin<\/a> sind wom\u00f6glich schlimmer als gedacht. Bereits seit neun Wochen ist das Parkhaus f\u00fcr die \u00d6ffentlichkeit gesperrt, die Untersuchung des maroden Betons dauert an. Die bisherigen Erkenntnisse  geben keinen Grund zur Entwarnung, im Gegenteil:  Wie die Rundschau erfuhr, hat  die Stadt K\u00f6ln entschieden, einen weiteren gef\u00e4hrdeten Bereich mit Stahlst\u00fctzen  zu sichern. Dort wurden am 5. November auf beiden Ebenen der Tiefgarage  jeweils 40 Baust\u00fctzen aus Stahl aufgestellt.<\/p>\n<p class=\"dm-paragraph my-8 dm-article-content-width\" index=\"1\" should-collapse-on-mobile=\"true\" has-padding=\"\" data-v-586984a4=\"\">Gleich daneben befindet sich der Bereich, an dem die Stadt im August zwei massive W\u00e4nde aus Kalksandsteinen hat mauern lassen \u2013 mitten auf drei Parkpl\u00e4tzen. Sie st\u00fctzen zwei Stahlbetonbalken, sogenannte Unterz\u00fcge, die so massive Sch\u00e4den aufweisen, <a href=\"https:\/\/www.rundschau-online.de\/koeln\/koeln-innenstadt\/koeln-gutachten-sieht-einsturzgefahr-im-parkhaus-gross-st-martin-951889\" rel=\"nofollow noopener\" target=\"_blank\">dass Einsturzgefahr drohte und ein Statiker im Oktober 2024 die unverz\u00fcgliche Abst\u00fctzung empfahl<\/a>. Daraufhin lie\u00df die Stadt auf beiden Ebenen insgesamt 96 Stahlst\u00fctzen aufstellen.<\/p>\n<p>Stadt K\u00f6ln l\u00e4sst marode Tiefgarage mit Stahlst\u00fctzen sichern<\/p>\n<p class=\"dm-paragraph my-8 dm-article-content-width\" index=\"3\" should-collapse-on-mobile=\"true\" has-padding=\"\" data-v-586984a4=\"\">Sie standen dort ganze neun Monate, bis sie durch gemauerte W\u00e4nde ersetzt wurden. Offenbar hatte sich erst dann die Erkenntnis durchgesetzt, dass Stahlst\u00fctzen im Falle eines gro\u00dfen Brands in der Tiefgarage ihre Tragf\u00e4higkeit verlieren w\u00fcrden und die maroden Betonelemente nicht mehr st\u00fctzen k\u00f6nnten. Jedenfalls ordnete die Stadt K\u00f6ln am 15. September <a href=\"https:\/\/www.rundschau-online.de\/koeln\/koeln-innenstadt\/altstadt-nord\/einsturzgefahr-stadt-koeln-sperrt-tiefgarage-in-der-koelner-altstadt-4-1109151\" rel=\"nofollow noopener\" target=\"_blank\">die Schlie\u00dfung der Garage f\u00fcr die \u00d6ffentlichkeit<\/a> an und lie\u00df alle Autos aus dem S\u00fcdteil entfernen, um die Brandlast zu senken.<\/p>\n<p class=\"dm-paragraph my-8 dm-article-content-width\" index=\"4\" should-collapse-on-mobile=\"true\" has-padding=\"\" data-v-586984a4=\"\">Nun hat die Stadt direkt neben dem ersten mangelhaften Bereich erneut St\u00fctzen aufstellen lassen.  Es handele sich  \u201eum eine provisorische Vorsichtsma\u00dfnahme\u201c, erkl\u00e4rte eine Sprecherin. \u201eDie jetzt abgest\u00fctzte Betonst\u00fctze wird nochmals gesondert untersucht. Aus den Ergebnissen erster Auswertungen sind Auff\u00e4lligkeiten entstanden. Dies wurde zum Anlass genommen, bereits vor Vorlage der umfassenden Ergebnisse diese St\u00fctze provisorisch abzust\u00fctzen. Die gutachterliche Auswertung der Proben sowie die daraus gegebenenfalls resultierenden Empfehlungen stehen noch aus.\u201c<\/p>\n<p><a href=\"https:\/\/www.rundschau-online.de\/koeln\/koeln-innenstadt\/koeln-wie-marode-ist-die-domgarage-wirklich-1148250\" class=\"dm-imagefeat__imagecontainer dm-imagefeat relative\" aria-label=\"\" tabindex=\"-1\" data-v-68e13160=\"\" rel=\"nofollow noopener\" target=\"_blank\"><img decoding=\"async\" width=\"4000\" height=\"3000\" alt=\"Die Domplatte vor dem Hauptportal des K\u00f6lner Doms.\" loading=\"lazy\" onerror=\"this.setAttribute('data-error', 1)\" class=\"dm-imagefeat__image w-full aspect-square sm:aspect-auto aspect-video\" style=\"aspect-ratio:1;\" data-nuxt-pic=\"\" src=\"https:\/\/www.europesays.com\/de\/wp-content\/uploads\/2025\/11\/5cc15af2-435f-4172-bdbb-33d383aad59c.jpeg\"  \/><\/a><\/p>\n<p class=\"dm-paragraph my-8 dm-article-content-width\" index=\"6\" should-collapse-on-mobile=\"true\" has-padding=\"\" data-v-586984a4=\"\">Die Aufstellung der Stahlst\u00fctzen sei nicht explizit von einem Sachverst\u00e4ndigen verlangt worden, sondern  \u201eeine eigenst\u00e4ndige Vorsichtsma\u00dfnahme\u201c, so die Stadt. Es gebe derzeit  seitens des beauftragten B\u00fcros \u201ekeinen Hinweis, dass eine Einsturzgefahr vorliegt. Ob die Stahlst\u00fctzen noch durch eine Wand ersetzt werden m\u00fcssen, wird das externe B\u00fcro bewerten.\u201c<\/p>\n<p>Direkt \u00fcber der maroden Tiefgarage stehen Wohnh\u00e4user<\/p>\n<p class=\"dm-paragraph my-8 dm-article-content-width\" index=\"8\" should-collapse-on-mobile=\"true\" has-padding=\"\" data-v-586984a4=\"\">Ob zudem noch weitere Teile der 1976 erbauten Tiefgarage abgest\u00fctzt werden m\u00fcssen, \u201ewird sich aus den Untersuchungsergebnissen ergeben\u201c, sagte die Stadtsprecherin. \u201eAlle Ma\u00dfnahmen, die das externe B\u00fcro bisher vorgeschlagen hat, wurden umgesetzt. Und auch jetzt wird nach den Empfehlungen des Fachb\u00fcros verfahren.\u201c Konkret wurden aus rund 50 Betonst\u00fctzen Proben entnommen.  \u201eDie Ergebnisse erster Auswertungen liegen vor, weitere Untersuchungen und Analysen und sich daraus gegebenenfalls ergebende einzuleitende Ma\u00dfnahmen stehen noch aus.\u201c<\/p>\n<p class=\"dm-paragraph my-8 dm-article-content-width\" index=\"9\" should-collapse-on-mobile=\"true\" has-padding=\"\" data-v-586984a4=\"\">Wie berichtet, <a href=\"https:\/\/www.rundschau-online.de\/koeln\/koeln-innenstadt\/koeln-gutachten-sieht-einsturzgefahr-im-parkhaus-gross-st-martin-951889\" rel=\"nofollow noopener\" target=\"_blank\">wei\u00df die Stadt seit 14 Jahren von den M\u00e4ngeln in der Tiefgarage<\/a>. Direkt \u00fcber dem neuralgischen Bereich stehen Wohnh\u00e4user. Mancher Anwohner an Gro\u00df St. Martin fragt sich schon l\u00e4nger, ob er in seiner Wohnung noch sicher ist.<\/p>\n","protected":false},"excerpt":{"rendered":"Die statischen M\u00e4ngel in der Tiefgarage Gro\u00df St. Martin sind wom\u00f6glich schlimmer als gedacht. Bereits seit neun Wochen&hellip;\n","protected":false},"author":2,"featured_media":584226,"comment_status":"","ping_status":"","sticky":false,"template":"","format":"standard","meta":{"footnotes":""},"categories":[1828],"tags":[29,30,1420,1209],"class_list":{"0":"post-584225","1":"post","2":"type-post","3":"status-publish","4":"format-standard","5":"has-post-thumbnail","7":"category-koeln","8":"tag-deutschland","9":"tag-germany","10":"tag-koeln","11":"tag-nordrhein-westfalen"},"share_on_mastodon":{"url":"https:\/\/pubeurope.com\/@de\/115570076731117846","error":""},"_links":{"self":[{"href":"https:\/\/www.europesays.com\/de\/wp-json\/wp\/v2\/posts\/584225","targetHints":{"allow":["GET"]}}],"collection":[{"href":"https:\/\/www.europesays.com\/de\/wp-json\/wp\/v2\/posts"}],"about":[{"href":"https:\/\/www.europesays.com\/de\/wp-json\/wp\/v2\/types\/post"}],"author":[{"embeddable":true,"href":"https:\/\/www.europesays.com\/de\/wp-json\/wp\/v2\/users\/2"}],"replies":[{"embeddable":true,"href":"https:\/\/www.europesays.com\/de\/wp-json\/wp\/v2\/comments?post=584225"}],"version-history":[{"count":0,"href":"https:\/\/www.europesays.com\/de\/wp-json\/wp\/v2\/posts\/584225\/revisions"}],"wp:featuredmedia":[{"embeddable":true,"href":"https:\/\/www.europesays.com\/de\/wp-json\/wp\/v2\/media\/584226"}],"wp:attachment":[{"href":"https:\/\/www.europesays.com\/de\/wp-json\/wp\/v2\/media?parent=584225"}],"wp:term":[{"taxonomy":"category","embeddable":true,"href":"https:\/\/www.europesays.com\/de\/wp-json\/wp\/v2\/categories?post=584225"},{"taxonomy":"post_tag","embeddable":true,"href":"https:\/\/www.europesays.com\/de\/wp-json\/wp\/v2\/tags?post=584225"}],"curies":[{"name":"wp","href":"https:\/\/api.w.org\/{rel}","templated":true}]}}