{"id":584270,"date":"2025-11-18T10:14:16","date_gmt":"2025-11-18T10:14:16","guid":{"rendered":"https:\/\/www.europesays.com\/de\/584270\/"},"modified":"2025-11-18T10:14:16","modified_gmt":"2025-11-18T10:14:16","slug":"was-sagen-junge-politiker-anderer-parteien-zur-rente","status":"publish","type":"post","link":"https:\/\/www.europesays.com\/de\/584270\/","title":{"rendered":"Was sagen junge Politiker anderer Parteien zur Rente?"},"content":{"rendered":"<p>            <img loading=\"lazy\" decoding=\"async\" class=\"ts-image\" src=\"https:\/\/www.europesays.com\/de\/wp-content\/uploads\/2025\/11\/bundestag-1268.jpg\" alt=\"Blick in den Bundestag\" title=\"Blick in den Bundestag | dpa\"\/><\/p>\n<p class=\"metatextline\">Stand: 18.11.2025 10:19 Uhr<\/p>\n<p class=\"textabsatz columns twelve  m-ten  m-offset-one l-eight l-offset-two\">\n        <strong>Die Junge Union stellt sich gegen die Rentenpl\u00e4ne der Regierung. Doch stehen sie mit ihren Bedenken allein da? Ein Stimmungsbild aus den Reihen von SPD, Gr\u00fcnen und Linken.<\/strong>\n    <\/p>\n<p>                                        <a class=\"authorline__link\" href=\"https:\/\/www.tagesschau.de\/korrespondenten\/markwald-102.html\" target=\"_blank\" rel=\"noopener\"><br \/>\n                                            <img decoding=\"async\" class=\"authorline__img\" alt=\"Nicole Markwald\" src=\"https:\/\/www.europesays.com\/de\/wp-content\/uploads\/2025\/11\/markwald-104.jpg\"\/><br \/>\n                                        <\/a><\/p>\n<p class=\"textabsatz m-ten m-offset-one l-eight l-offset-two columns twelve\">Tim Kl\u00fcssendorf ist Generalsekret\u00e4r der SPD &#8211; und er ist 34 Jahre alt. Vor ihm liegen also noch viele Jahre im Job. Er hat also noch viele Jahre Zeit, um vorzusorgen. Als Bundestagsabgeordneter muss Kl\u00fcssendorf nicht in die gesetzliche Rentenversicherung einzahlen. Doch die meisten Menschen in Deutschland verlassen sich auf die Rentenkasse, wenn es um Altersvorsorge geht, sagt Kl\u00fcssendorf: &#8222;Mehr als 50 Prozent haben gar keine andere Altersvorsorge als die gesetzliche Rentenversicherung, gerade im Osten von Deutschland sind es fast drei Viertel, die nur die gesetzliche Rente haben.&#8220;<\/p>\n<p class=\"textabsatz m-ten m-offset-one l-eight l-offset-two columns twelve\">Deshalb h\u00e4lt die SPD am geplanten Rentenpaket fest, im Dezember soll dar\u00fcber entschieden werden. Doch nun ist ein Streit entbrannt dar\u00fcber, wie hoch die per Gesetz vereinbarte Rente in Zukunft sein soll. Die Regierung plant n\u00e4mlich, das Rentenniveau auch nach 2031 auf einem h\u00f6heren Niveau\u00a0als bisher vorgesehen festzuschreiben. Die Junge Gruppe der Unionsfraktion will das verhindern, denn das w\u00fcrde die junge Generation zu stark belasten. Aber: Ohne ihre Stimmen h\u00e4tte die Koalition keine Mehrheit.<\/p>\n<p class=\"textabsatz m-ten m-offset-one l-eight l-offset-two columns twelve\">Johanna B\u00f6rgermann ist im Bundesvorstand der Jusos, also der Jugendorganisation des Koalitionspartners SPD. Die 24-J\u00e4hrige appelliert an die jungen Kollegen der Union und fragt, &#8222;ob wir nicht reiche Menschen mehr zur Kasse bitten wollen? Ob wir nicht Kapitalertr\u00e4ge st\u00e4rker besteuern wollen, denn nur so k\u00f6nnen wir auch unsere Rente sichern.&#8220;<\/p>\n<p>    Gr\u00fcne dr\u00e4ngen auf Reformen zugunsten junger Generation<\/p>\n<p class=\"textabsatz m-ten m-offset-one l-eight l-offset-two columns twelve\">Verm\u00f6gensverteilung oder Ungerechtigkeiten bei Erbschaften sind auch ein Thema bei den Gr\u00fcnen.\u00a0&#8222;Mich macht es richtig sauer, dass die Junge Union das komplett ausblendet&#8220;, sagt Timon Dzienus. Der Niedersachse ist 29 Jahre alt und seiner Meinung nach spielt die Junge Union Gro\u00dfeltern und Enkelkinder gegeneinander aus.<\/p>\n<p class=\"textabsatz m-ten m-offset-one l-eight l-offset-two columns twelve\">Die Gr\u00fcnen fordern Reformen zugunsten der jungen Generation. F\u00fcr Dzienus hei\u00dft das auch: &#8222;Gerade Frauen werden noch viel zu oft durch unzureichende Kinderbetreuung davon abgehalten, einer Erwerbsarbeit nachgehen zu k\u00f6nnen. Und daf\u00fcr sollte die Junge Union mal Vorschl\u00e4ge machen &#8211; wie mehr Frauen am Arbeitsmarkt teilhaben k\u00f6nnen und die Kinderbetreuung endlich verbessert wird.&#8220;<\/p>\n<p class=\"textabsatz m-ten m-offset-one l-eight l-offset-two columns twelve\">Auch Selbstst\u00e4ndige, Abgeordnete und Beamte sollten in die gesetzliche Rentenversicherung miteinbezogen werden, fordert Dzienus weiter. Eine Idee, die auch die Sozialdemokraten verfolgen. Sie sprechen nicht von einem Konflikt Jung gegen Alt, sondern Arm gegen Reich.<\/p>\n<p>    &#8222;Es gibt keinen Generationenkonflikt&#8220;<\/p>\n<p class=\"textabsatz m-ten m-offset-one l-eight l-offset-two columns twelve\">\u00c4hnlich \u00e4u\u00dfert sich Linkenpolitiker Luke Ho\u00df, mit 24 Jahren der j\u00fcngste Abgeordnete im Bundestag. &#8222;Mich st\u00f6rt an der Debatte, dass unterstellt wird, es g\u00e4be einen Generationenkonflikt. Es gibt keinen Generationenkonflikt&#8220;, sagt er und betont: &#8222;Junge und alte Menschen haben die gleichen Interessen. Eine Rente, die nicht zum Krummbuckeln bis 70 und nicht zum Flaschensammeln zwingt, sondern einen sorgenfreien Lebensabend nach vielen Jahren harter Schufterei erm\u00f6glicht.&#8220;<\/p>\n<p class=\"textabsatz m-ten m-offset-one l-eight l-offset-two columns twelve\">Ho\u00df setzt geringe Erwartungen in die Kommission, die Vorschl\u00e4ge f\u00fcr eine grundlegende Reform des Rentensystems erarbeiten soll.<\/p>\n<p class=\"textabsatz m-ten m-offset-one l-eight l-offset-two columns twelve\">Die Junge Gruppe in der Unionsfraktion bleibt bei ihrem Widerstand gegen das Rentenpaket der Bundesregierung in seiner jetzigen Form. &#8222;Es muss zwischen Union und SPD im parlamentarischen Verfahren weiterverhandelt werden, um zu einer guten L\u00f6sung zu kommen&#8220;, hei\u00dft es aus Kreisen der 18 jungen Unionsabgeordneten.\u00a0<\/p>\n","protected":false},"excerpt":{"rendered":"Stand: 18.11.2025 10:19 Uhr Die Junge Union stellt sich gegen die Rentenpl\u00e4ne der Regierung. Doch stehen sie mit&hellip;\n","protected":false},"author":2,"featured_media":584271,"comment_status":"","ping_status":"","sticky":false,"template":"","format":"standard","meta":{"footnotes":""},"categories":[5],"tags":[13,8118,14,15,379,127244,12,10,8,9,11],"class_list":{"0":"post-584270","1":"post","2":"type-post","3":"status-publish","4":"format-standard","5":"has-post-thumbnail","7":"category-nachrichten","8":"tag-headlines","9":"tag-junge-union","10":"tag-nachrichten","11":"tag-news","12":"tag-rente","13":"tag-rentenstreit","14":"tag-schlagzeilen","15":"tag-top-news","16":"tag-top-meldungen","17":"tag-topmeldungen","18":"tag-topnews"},"share_on_mastodon":{"url":"https:\/\/pubeurope.com\/@de\/115570180084039315","error":""},"_links":{"self":[{"href":"https:\/\/www.europesays.com\/de\/wp-json\/wp\/v2\/posts\/584270","targetHints":{"allow":["GET"]}}],"collection":[{"href":"https:\/\/www.europesays.com\/de\/wp-json\/wp\/v2\/posts"}],"about":[{"href":"https:\/\/www.europesays.com\/de\/wp-json\/wp\/v2\/types\/post"}],"author":[{"embeddable":true,"href":"https:\/\/www.europesays.com\/de\/wp-json\/wp\/v2\/users\/2"}],"replies":[{"embeddable":true,"href":"https:\/\/www.europesays.com\/de\/wp-json\/wp\/v2\/comments?post=584270"}],"version-history":[{"count":0,"href":"https:\/\/www.europesays.com\/de\/wp-json\/wp\/v2\/posts\/584270\/revisions"}],"wp:featuredmedia":[{"embeddable":true,"href":"https:\/\/www.europesays.com\/de\/wp-json\/wp\/v2\/media\/584271"}],"wp:attachment":[{"href":"https:\/\/www.europesays.com\/de\/wp-json\/wp\/v2\/media?parent=584270"}],"wp:term":[{"taxonomy":"category","embeddable":true,"href":"https:\/\/www.europesays.com\/de\/wp-json\/wp\/v2\/categories?post=584270"},{"taxonomy":"post_tag","embeddable":true,"href":"https:\/\/www.europesays.com\/de\/wp-json\/wp\/v2\/tags?post=584270"}],"curies":[{"name":"wp","href":"https:\/\/api.w.org\/{rel}","templated":true}]}}