{"id":584272,"date":"2025-11-18T10:15:39","date_gmt":"2025-11-18T10:15:39","guid":{"rendered":"https:\/\/www.europesays.com\/de\/584272\/"},"modified":"2025-11-18T10:15:39","modified_gmt":"2025-11-18T10:15:39","slug":"bundeskanzler-merz-heute-in-halle-saale-strompreise-sollen-um-9-prozent-sinken-du-bist-halle","status":"publish","type":"post","link":"https:\/\/www.europesays.com\/de\/584272\/","title":{"rendered":"Bundeskanzler Merz heute in Halle (Saale) \u2013 Strompreise sollen um 9 Prozent sinken \u2013 Du bist Halle"},"content":{"rendered":"<p>Bundeskanzler Friedrich Merz ist heute in Halle (Saale), zun\u00e4chst in der Leopoldina, sp\u00e4ter am Weinberg Campus beim Max-Planck-Institut und bei der Firma Sonotec.<\/p>\n<p>Es muss mit kurzzeitigen Stra\u00dfensperrungen gerechnet werden. Polizeiautos stehen am Friedemann-Bach-Platz. <\/p>\n<p><img loading=\"lazy\" decoding=\"async\" width=\"1200\" height=\"676\" src=\"https:\/\/www.europesays.com\/de\/wp-content\/uploads\/2025\/11\/IMG-20251118-WA0010-1200x676.jpg\" alt=\"\" class=\"wp-image-334662\"  \/><\/p>\n<p>7.45 Uhr: Polizisten kontrollieren das Gel\u00e4nde. <\/p>\n<p><img loading=\"lazy\" decoding=\"async\" width=\"1200\" height=\"676\" src=\"https:\/\/www.europesays.com\/de\/wp-content\/uploads\/2025\/11\/IMG-20251118-WA0013-1200x676.jpg\" alt=\"\" class=\"wp-image-334674\"  \/><\/p>\n<p>8.05 Uhr: Sachsen-Anhalts Ministerpr\u00e4sident Reiner Haseloff ist eingetroffen. <\/p>\n<p><img loading=\"lazy\" decoding=\"async\" width=\"577\" height=\"1024\" src=\"https:\/\/www.europesays.com\/de\/wp-content\/uploads\/2025\/11\/IMG-20251118-WA0017-577x1024.jpg\" alt=\"\" class=\"wp-image-334669\"  \/><\/p>\n<p>8.10 Uhr: Der Parkplatz ist gesperrt, Autos werden abgeschleppt.<\/p>\n<p><img loading=\"lazy\" decoding=\"async\" width=\"1200\" height=\"676\" src=\"https:\/\/www.europesays.com\/de\/wp-content\/uploads\/2025\/11\/IMG-20251118-WA0018-1200x676.jpg\" alt=\"\" class=\"wp-image-334664\"  \/><\/p>\n<p>8.20 Uhr: Halloren Salzwirker sind angekommen. F\u00fcr sie ist es der erste Termin mit Merz, sagte Hallore Steffen Kohlert.<\/p>\n<p><img loading=\"lazy\" decoding=\"async\" width=\"1200\" height=\"676\" src=\"https:\/\/www.europesays.com\/de\/wp-content\/uploads\/2025\/11\/IMG-20251118-WA0019-1200x676.jpg\" alt=\"\" class=\"wp-image-334672\"  \/><\/p>\n<p>Kurz vor 9 Uhr f\u00e4hrt die Kolonne vor.<\/p>\n<p><video controls=\"\" src=\"https:\/\/dubisthalle.de\/wp-content\/uploads\/2025\/11\/VID-20251118-WA0022.mp4\"\/><\/p>\n<p>Haseloff \u00fcberreicht Merz eine Kopie der Himmelsscheibe von Nebra <\/p>\n<p><img loading=\"lazy\" decoding=\"async\" width=\"1200\" height=\"676\" src=\"https:\/\/www.europesays.com\/de\/wp-content\/uploads\/2025\/11\/IMG-20251118-WA0023-1200x676.jpg\" alt=\"\" class=\"wp-image-334681\"  \/><\/p>\n<p>Leopoldina-Pr\u00e4sidentin Rockenbach zeigt einen handgeschriebenen Lebenslauf von Albert Einstein, er war auch Mitglied der Leopoldina. Merz bekommt eine Kopie. <\/p>\n<p><img loading=\"lazy\" decoding=\"async\" width=\"1200\" height=\"676\" src=\"https:\/\/www.europesays.com\/de\/wp-content\/uploads\/2025\/11\/IMG-20251118-WA0024-1200x676.jpg\" alt=\"\" class=\"wp-image-334682\"  \/><\/p>\n<p>Merz ist leidenschaftlicher Fahrradfahrer. Bei einer seiner Touren k\u00f6nnte er ja die UNESCO Welterbest\u00e4tten in Sachsen-Anhalt besuchen, findet Haseloff und \u00fcberreicht ihm ein Buch.<\/p>\n<p><img loading=\"lazy\" decoding=\"async\" width=\"1200\" height=\"676\" src=\"https:\/\/www.europesays.com\/de\/wp-content\/uploads\/2025\/11\/IMG-20251118-WA0026-1200x676.jpg\" alt=\"\" class=\"wp-image-334685\"  \/><\/p>\n<p>9.10 Uhr: Tagung hinter verschlossenen T\u00fcren.<\/p>\n<p><img loading=\"lazy\" decoding=\"async\" width=\"1200\" height=\"676\" src=\"https:\/\/www.europesays.com\/de\/wp-content\/uploads\/2025\/11\/IMG-20251118-WA0027-1200x676.jpg\" alt=\"\" class=\"wp-image-334691\"  \/><\/p>\n<p>Canap\u00e8s von Barner f\u00fcr die Sitzung <\/p>\n<p><img loading=\"lazy\" decoding=\"async\" width=\"1200\" height=\"676\" src=\"https:\/\/www.europesays.com\/de\/wp-content\/uploads\/2025\/11\/IMG-20251118-WA0028-1200x676.jpg\" alt=\"\" class=\"wp-image-334694\"  \/><\/p>\n<p>10.30 Uhr: bei einem Statement versprach Merz eine Senkung der Strompreise um 9 Prozent. Es sei sein elften Antrittsbesuch bei einer Landesregierung  <\/p>\n<\/p>\n<p>10.40 Uhr: Kolonne von der Leopoldina zum Weinberg Campus<\/p>\n<p><video controls=\"\" src=\"https:\/\/dubisthalle.de\/wp-content\/uploads\/2025\/11\/VID-20251118-WA0031.mp4\"\/><\/p>\n","protected":false},"excerpt":{"rendered":"Bundeskanzler Friedrich Merz ist heute in Halle (Saale), zun\u00e4chst in der Leopoldina, sp\u00e4ter am Weinberg Campus beim Max-Planck-Institut&hellip;\n","protected":false},"author":2,"featured_media":584273,"comment_status":"","ping_status":"","sticky":false,"template":"","format":"standard","meta":{"footnotes":""},"categories":[1860],"tags":[3364,29,548,663,3934,30,4062,17332,13,14,15,17331,860,12],"class_list":{"0":"post-584272","1":"post","2":"type-post","3":"status-publish","4":"format-standard","5":"has-post-thumbnail","7":"category-halle-saale","8":"tag-de","9":"tag-deutschland","10":"tag-eu","11":"tag-europa","12":"tag-europe","13":"tag-germany","14":"tag-halle","15":"tag-halle-saale","16":"tag-headlines","17":"tag-nachrichten","18":"tag-news","19":"tag-saale","20":"tag-sachsen-anhalt","21":"tag-schlagzeilen"},"share_on_mastodon":{"url":"https:\/\/pubeurope.com\/@de\/115570183132512744","error":""},"_links":{"self":[{"href":"https:\/\/www.europesays.com\/de\/wp-json\/wp\/v2\/posts\/584272","targetHints":{"allow":["GET"]}}],"collection":[{"href":"https:\/\/www.europesays.com\/de\/wp-json\/wp\/v2\/posts"}],"about":[{"href":"https:\/\/www.europesays.com\/de\/wp-json\/wp\/v2\/types\/post"}],"author":[{"embeddable":true,"href":"https:\/\/www.europesays.com\/de\/wp-json\/wp\/v2\/users\/2"}],"replies":[{"embeddable":true,"href":"https:\/\/www.europesays.com\/de\/wp-json\/wp\/v2\/comments?post=584272"}],"version-history":[{"count":0,"href":"https:\/\/www.europesays.com\/de\/wp-json\/wp\/v2\/posts\/584272\/revisions"}],"wp:featuredmedia":[{"embeddable":true,"href":"https:\/\/www.europesays.com\/de\/wp-json\/wp\/v2\/media\/584273"}],"wp:attachment":[{"href":"https:\/\/www.europesays.com\/de\/wp-json\/wp\/v2\/media?parent=584272"}],"wp:term":[{"taxonomy":"category","embeddable":true,"href":"https:\/\/www.europesays.com\/de\/wp-json\/wp\/v2\/categories?post=584272"},{"taxonomy":"post_tag","embeddable":true,"href":"https:\/\/www.europesays.com\/de\/wp-json\/wp\/v2\/tags?post=584272"}],"curies":[{"name":"wp","href":"https:\/\/api.w.org\/{rel}","templated":true}]}}