{"id":584287,"date":"2025-11-18T10:24:14","date_gmt":"2025-11-18T10:24:14","guid":{"rendered":"https:\/\/www.europesays.com\/de\/584287\/"},"modified":"2025-11-18T10:24:14","modified_gmt":"2025-11-18T10:24:14","slug":"symphonieorchester-stadtbergen-bringt-liszt-und-schumann-im-buergersaal-zum-leuchten","status":"publish","type":"post","link":"https:\/\/www.europesays.com\/de\/584287\/","title":{"rendered":"Symphonieorchester Stadtbergen bringt Liszt und Schumann im B\u00fcrgersaal zum Leuchten"},"content":{"rendered":"<p class=\"mb-6 text-xs md:text-m lg:text-l font-serif group-[.font-sans]:font-sans \">\n    Mit einem <a href=\"https:\/\/www.augsburger-allgemeine.de\/augsburg-land\/symphonieorchester-stadtbergen-gibt-konzert-im-buergersaal-mit-schumann-und-liszt-112784184\" target=\"_self\" class=\"underline \" rel=\"noopener\">eindrucksvollen Symphoniekonzert<\/a> feierte das Symphonieorchester <a href=\"https:\/\/www.augsburger-allgemeine.de\/augsburg-land\/fruehjahrs-highlights-im-buergersaal-stadtbergen-musik-und-kabarett-104421807\" target=\"_self\" class=\"underline \" rel=\"noopener\">Stadtbergen im B\u00fcrgersaal<\/a> musikalische H\u00f6hepunkte. Das Publikum in der fast ausverkauften Halle erlebte einen Abend, der sowohl musikalisch als auch atmosph\u00e4risch lange in Erinnerung bleiben wird.\n  <\/p>\n<p class=\"mb-6 text-xs md:text-m lg:text-l font-serif group-[.font-sans]:font-sans \">\n    Norbert Schwarzer, der gemeinsam mit seiner Frau und seinen beiden T\u00f6chtern im Orchester musiziert, f\u00fchrte souver\u00e4n durch das Programm. Mit einer gelungenen Mischung aus Wissenswertem und pers\u00f6nlichen Einblicken schuf er eine angenehme N\u00e4he zwischen B\u00fchne und Publikum. Gleich zu Beginn zitierte er Roger Willemsen: \u201eMusik h\u00f6re ich wehrlos.\u201c Eine Haltung, die auch die norwegische Dirigentin Irene Anda unterstrich: \u201eSchenken Sie der Musik Ihre Zeit, Ihre Aufmerksamkeit und Ihre Pr\u00e4senz.\u201c\n  <\/p>\n<p>            Romantische Innigkeit und energiegeladene Spannung<\/p>\n<p class=\"mb-6 text-xs md:text-m lg:text-l font-serif group-[.font-sans]:font-sans \">\n    Das Konzert begann mit Robert Schumanns Ouvert\u00fcre, Op. 52 \u2013 einem Werk, das bereits in den ersten Takten die typische Verbindung aus romantischer Innigkeit und energiegeladener Spannung entfaltet. Anda, die seit zehn Jahren an der Spitze des Orchesters steht, gestaltete diese Dualit\u00e4t pr\u00e4zise und zugleich warm. Klare Eins\u00e4tze, fein ausgearbeitete Linien und ein transparenter Gesamtklang gaben dem Abend eine starke musikalische Grundlage. Das Orchester \u00fcberzeugte durch Homogenit\u00e4t und Spielfreude \u2013 ein Ausdruck der gewachsenen Zusammenarbeit des vergangenen Jahrzehnts.\n  <\/p>\n<p class=\"mb-6 text-xs md:text-m lg:text-l font-serif group-[.font-sans]:font-sans \">\n    Den ersten gro\u00dfen H\u00f6hepunkt bildete Franz Liszts Klavierkonzert Nr. 1 in Es-Dur, das den jungen Pianisten Jeongha Kim ins Zentrum stellte. F\u00fcr Kim war es der erste gemeinsame Auftritt mit einem Orchester; seine Mutter war eigens aus Korea angereist. Der Masterstudent am Leopold Mozart College of Music in Augsburg studiert bei Professorin Evgenia Rubinova. Er widmet sich besonders der klassischen Klavierliteratur und legt gro\u00dfen Wert auf leidenschaftliches, emotional ausdrucksstarkes Spiel.\n  <\/p>\n<p>            Kim bewies ein sehr feines Gesp\u00fcr<\/p>\n<p class=\"mb-6 text-xs md:text-m lg:text-l font-serif group-[.font-sans]:font-sans \">\n    Dies stellte er eindrucksvoll unter Beweis: Mit kraftvoller Virtuosit\u00e4t, lyrischer Sensibilit\u00e4t und beeindruckender B\u00fchnenpr\u00e4senz lie\u00df er Liszts Musik aufleuchten. Vor allem die dialogischen Passagen zwischen Klavier und Orchester gestaltete er mit feinem Gesp\u00fcr. Das Publikum reagierte begeistert mit Standing Ovations. Als Zugabe w\u00e4hlte Kim den langsamen Satz in As-Dur aus Beethovens Path\u00e9tique, Op. 13, und best\u00e4tigte damit seine k\u00fcnstlerische Reife.\n  <\/p>\n<p class=\"mb-6 text-xs md:text-m lg:text-l font-serif group-[.font-sans]:font-sans \">\n    Nach der Pause widmete sich das Orchester erneut Robert Schumann und pr\u00e4sentierte dessen Sinfonie Nr. 1 in B-Dur, Op. 38 \u2013 die \u201eFr\u00fchlingssinfonie\u201c. Unter Andas Leitung erbl\u00fchte das Werk in frischer Farbigkeit. Der er\u00f6ffnende Trompetenruf wirkte wie ein energiegeladener Impuls, der sich durch die gesamte Sinfonie zog. Die folgenden S\u00e4tze \u00fcberzeugten durch klare Dramaturgie und leuchtende Themen. Besonders das warme Zusammenspiel der Streicher und die pr\u00e4zise Artikulation der Bl\u00e4ser lie\u00dfen die optimistische Grundstimmung der Sinfonie aufbl\u00fchen.\n  <\/p>\n<p>            Auch die junge Generation sch\u00e4tzt musikalische Qualit\u00e4t <\/p>\n<p class=\"mb-6 text-xs md:text-m lg:text-l font-serif group-[.font-sans]:font-sans \">\n    Am Ende betonte Anda, wie hoffnungsvoll es sei zu sehen, dass die junge Generation verstehe, wie wertvoll musikalische Qualit\u00e4t sei. So endete <a href=\"https:\/\/www.augsburger-allgemeine.de\/augsburg-land\/stadtbergen-symphonieorchester-stadtbergen-begeistert-vor-ausverkauftem-haus-id68629486.html\" target=\"_self\" class=\"underline \" rel=\"noopener\">ein Konzert<\/a>, das nicht nur durch sein hochkar\u00e4tiges Programm, sondern auch durch die sp\u00fcrbare Energie aller Beteiligten \u00fcberzeugte. Das Symphonieorchester <a href=\"https:\/\/www.augsburger-allgemeine.de\/augsburg-land\/ort\/stadtbergen\" target=\"_self\" class=\"underline \" rel=\"noopener\">Stadtbergen<\/a> hat an diesem Abend erneut bewiesen, dass es zu den kulturellen Aush\u00e4ngeschildern der Region z\u00e4hlt \u2013 und dass die Zusammenarbeit mit Irene Anda weiterhin zu musikalischen Sternstunden f\u00fchrt.\n  <\/p>\n<ul data-module-id=\"DragDropModule\" class=\"flex flex-wrap justify-start group-[.no-bookmarks]:hidden\">\n<li class=\"mb-3 mr-3\">\n    Isabel Waldthaler<\/p>\n<p>      Icon Haken im Kreis gesetzt<\/p>\n<p>      Icon Plus im Kreis<\/p>\n<\/li>\n<li class=\"mb-3 mr-3\">\n    86391 Stadtbergen<\/p>\n<p>      Icon Haken im Kreis gesetzt<\/p>\n<p>      Icon Plus im Kreis<\/p>\n<\/li>\n<li class=\"mb-3 mr-3\">\n    B\u00fcrgersaal<\/p>\n<p>      Icon Haken im Kreis gesetzt<\/p>\n<p>      Icon Plus im Kreis<\/p>\n<\/li>\n<\/ul>\n","protected":false},"excerpt":{"rendered":"Mit einem eindrucksvollen Symphoniekonzert feierte das Symphonieorchester Stadtbergen im B\u00fcrgersaal musikalische H\u00f6hepunkte. Das Publikum in der fast ausverkauften&hellip;\n","protected":false},"author":2,"featured_media":584288,"comment_status":"","ping_status":"","sticky":false,"template":"","format":"standard","meta":{"footnotes":""},"categories":[1846],"tags":[680,772,138062,3364,29,548,663,3934,43792,30,13,140103,140102,14,15,140104,36593,72939,12,137674,140105,140101],"class_list":{"0":"post-584287","1":"post","2":"type-post","3":"status-publish","4":"format-standard","5":"has-post-thumbnail","7":"category-augsburg","8":"tag-augsburg","9":"tag-bayern","10":"tag-buergersaal","11":"tag-de","12":"tag-deutschland","13":"tag-eu","14":"tag-europa","15":"tag-europe","16":"tag-franz-liszt","17":"tag-germany","18":"tag-headlines","19":"tag-irene-anda","20":"tag-jeongha-kim","21":"tag-nachrichten","22":"tag-news","23":"tag-norbert-schwarzer","24":"tag-robert-schumann","25":"tag-roger-willemsen","26":"tag-schlagzeilen","27":"tag-stadtbergen","28":"tag-symphoniekonzert","29":"tag-symphonieorchester"},"share_on_mastodon":{"url":"https:\/\/pubeurope.com\/@de\/115570217080270556","error":""},"_links":{"self":[{"href":"https:\/\/www.europesays.com\/de\/wp-json\/wp\/v2\/posts\/584287","targetHints":{"allow":["GET"]}}],"collection":[{"href":"https:\/\/www.europesays.com\/de\/wp-json\/wp\/v2\/posts"}],"about":[{"href":"https:\/\/www.europesays.com\/de\/wp-json\/wp\/v2\/types\/post"}],"author":[{"embeddable":true,"href":"https:\/\/www.europesays.com\/de\/wp-json\/wp\/v2\/users\/2"}],"replies":[{"embeddable":true,"href":"https:\/\/www.europesays.com\/de\/wp-json\/wp\/v2\/comments?post=584287"}],"version-history":[{"count":0,"href":"https:\/\/www.europesays.com\/de\/wp-json\/wp\/v2\/posts\/584287\/revisions"}],"wp:featuredmedia":[{"embeddable":true,"href":"https:\/\/www.europesays.com\/de\/wp-json\/wp\/v2\/media\/584288"}],"wp:attachment":[{"href":"https:\/\/www.europesays.com\/de\/wp-json\/wp\/v2\/media?parent=584287"}],"wp:term":[{"taxonomy":"category","embeddable":true,"href":"https:\/\/www.europesays.com\/de\/wp-json\/wp\/v2\/categories?post=584287"},{"taxonomy":"post_tag","embeddable":true,"href":"https:\/\/www.europesays.com\/de\/wp-json\/wp\/v2\/tags?post=584287"}],"curies":[{"name":"wp","href":"https:\/\/api.w.org\/{rel}","templated":true}]}}