{"id":584393,"date":"2025-11-18T11:31:17","date_gmt":"2025-11-18T11:31:17","guid":{"rendered":"https:\/\/www.europesays.com\/de\/584393\/"},"modified":"2025-11-18T11:31:17","modified_gmt":"2025-11-18T11:31:17","slug":"schauspieler-liev-schreiber-nach-mysterioeser-krankheit-im-krankenhaus","status":"publish","type":"post","link":"https:\/\/www.europesays.com\/de\/584393\/","title":{"rendered":"Schauspieler Liev Schreiber nach mysteri\u00f6ser Krankheit im Krankenhaus"},"content":{"rendered":"<p><img decoding=\"async\" src=\"https:\/\/www.europesays.com\/de\/wp-content\/uploads\/2025\/11\/2509733914633973.webp\" fetchpriority=\"high\" width=\"2000\" height=\"1333\" alt=\"07.02.2025, USA, Santa Monica: Liev Schreiber kommt zu den 30. Critics Choice Awards im Barker Hangar. Foto: Chris Pizzello\/Invision\/AP\/dpa +++ dpa-Bildfunk +++\" data-image-id=\"2509733914633973\" class=\"watson-snippet__image bg-grey-10 block h-auto w-full \"\/><\/p>\n<p>Liev Schreiber versetzt seine Fans in Sorge.Bild: Invision \/ Chris Pizzello<\/p>\n<p>Stars<\/p>\n<p>Seit seinem Durchbruch in Hollywood in den 90er Jahren steht das Privatleben des Schauspielers eher seltener im medialen Fokus. Nun aber ger\u00e4t es aus einem besonders besorgniserregenden Grund in die Schlagzeilen.<\/p>\n<p>18.11.2025, 08:5018.11.2025, 08:50<\/p>\n<p><img decoding=\"async\" src=\"https:\/\/www.europesays.com\/de\/wp-content\/uploads\/2025\/07\/8681842166621988.webp\" alt=\"Michelle Nuhn\" width=\"50\" height=\"50\" loading=\"lazy\" class=\"h-auto w-14 rounded-full\"\/><\/p>\n<p>Folgen<\/p>\n<p class=\"watson-snippet__text my-6 text-[16px] lg:text-[18px] leading-normal md:w-3\/5\">Ob als knallharter Ermittler in &#8222;Ray Donovan&#8220;, als Reporter im Oscar-pr\u00e4mierten &#8222;Spotlight&#8220; oder als ikonischer Ghostface-Gegner in &#8222;Scream&#8220; \u2013 Liev Schreiber hat sich l\u00e4ngst als wandelbarer Charakterdarsteller in Hollywood etabliert. Seit den 1990er-Jahren ist der US-Amerikaner daher aus der Film- und Serienwelt nicht mehr wegzudenken.<\/p>\n<p class=\"watson-snippet__text my-6 text-[16px] lg:text-[18px] leading-normal md:w-3\/5\">Nun macht der Schauspieler jedoch nicht mit einer neuen Rolle Schlagzeilen \u2013 sondern mit einem ernstzunehmenden Zwischenfall, der seine Fans in Sorge versetzt. <strong>Liev Schreiber wurde in ein Krankenhaus eingeliefert.<\/strong><\/p>\n<p>Liev Schreiber musste in Klinik<\/p>\n<p class=\"watson-snippet__text my-6 text-[16px] lg:text-[18px] leading-normal md:w-3\/5\">Der 58-J\u00e4hrige blickt auf eine erfolgreiche Karriere zur\u00fcck. Neben seiner Arbeit vor der Kamera ist er auch als Produzent, Drehbuchautor und Synchronsprecher t\u00e4tig. In den letzten Jahren war er unter anderem in der Animationsreihe &#8222;Isle of Dogs&#8220; zu h\u00f6ren und spielte in der Netflix-Produktion &#8222;The Perfect Couple&#8220; an der Seite von Nicole Kidman.<\/p>\n<p class=\"watson-snippet__text my-6 text-[16px] lg:text-[18px] leading-normal md:w-3\/5\">Aktuell aber muss er seine beruflichen Vorhaben pausieren. <strong>So sei er in ein New Yorker Krankenhaus eingeliefert worden, nachdem er seinem Arzt von &#8222;massiven Kopfschmerzen&#8220; berichtet hatte. <\/strong>Dieser soll daraufhin angeordnet haben, dass sich der Schauspieler &#8222;unverz\u00fcglich&#8220; untersuchen lassen und \u00fcber Nacht in einer Klinik bleiben solle.<\/p>\n<p class=\"watson-snippet__text my-6 text-[16px] lg:text-[18px] leading-normal md:w-3\/5\">Wie &#8222;<a target=\"_blank\" rel=\"nofollow noopener\" href=\"https:\/\/www.tmz.com\/2025\/11\/17\/liev-schreiber-hospitalized\/\">TMZ<\/a>&#8220; berichtet, unterzog er sich dort einer Reihe von Tests. \u00dcber die genaue Ursache seiner Beschwerden ist bislang nichts bekannt. Laut Insidern k\u00f6nne Schreiber normal sprechen und sich frei bewegen \u2013 Hinweise auf neurologische Ausf\u00e4lle gebe es demnach nicht.<\/p>\n<p class=\"watson-snippet__text my-6 text-[16px] lg:text-[18px] leading-normal md:w-3\/5\"><strong>In einem aktuellen Statement gibt sein Sprecher nun jedoch erstmal wieder Entwarnung.<\/strong> Gegen\u00fcber dem US-Portal hei\u00dft es:<\/p>\n<p>&#8222;Aus Vorsicht hat sich Liev im Krankenhaus untersuchen lassen und wurde heute Nachmittag f\u00fcr arbeitsf\u00e4hig erkl\u00e4rt.&#8220;<\/p>\n<p>Liev Schreiber datete ber\u00fchmte Schauspielkollegin<\/p>\n<p class=\"watson-snippet__text my-6 text-[16px] lg:text-[18px] leading-normal md:w-3\/5\">W\u00e4hrend sein Privatleben aufgrund seiner j\u00fcngsten gesundheitlichen Probleme derzeit noch im Fokus der Medien steht, h\u00e4lt er es normalerweise lieber aus der \u00d6ffentlichkeit heraus. Und das, obwohl er in der Vergangenheit unter anderem mit Hollywood-Star Naomi Watts liiert war. Mit ihr hat er zwei Kinder. Bis heute soll das Ex-Paar ein enges Familienverh\u00e4ltnis pflegen.<\/p>\n<p class=\"watson-snippet__text my-6 text-[16px] lg:text-[18px] leading-normal md:w-3\/5\">Nachdem sich Watts und Schreiber 2016 schlie\u00dflich nach elf gemeinsamen Jahren getrennt hatten, <strong>fand der Schauspieler rund ein Jahr sp\u00e4ter in seiner heutigen Partnerin Taylor Neisen eine neue Liebe.<\/strong> Die beiden sind seit 2023 verheiratet, nur kurz nach der Verm\u00e4hlung kam ihre Tochter Hazel Bee zur Welt.<\/p>\n","protected":false},"excerpt":{"rendered":"Liev Schreiber versetzt seine Fans in Sorge.Bild: Invision \/ Chris Pizzello Stars Seit seinem Durchbruch in Hollywood in&hellip;\n","protected":false},"author":2,"featured_media":584394,"comment_status":"","ping_status":"","sticky":false,"template":"","format":"standard","meta":{"footnotes":""},"categories":[1776],"tags":[1801,29,214,30,1802,215],"class_list":{"0":"post-584393","1":"post","2":"type-post","3":"status-publish","4":"format-standard","5":"has-post-thumbnail","7":"category-prominente","8":"tag-celebrities","9":"tag-deutschland","10":"tag-entertainment","11":"tag-germany","12":"tag-prominente","13":"tag-unterhaltung"},"share_on_mastodon":{"url":"https:\/\/pubeurope.com\/@de\/115570481677076826","error":""},"_links":{"self":[{"href":"https:\/\/www.europesays.com\/de\/wp-json\/wp\/v2\/posts\/584393","targetHints":{"allow":["GET"]}}],"collection":[{"href":"https:\/\/www.europesays.com\/de\/wp-json\/wp\/v2\/posts"}],"about":[{"href":"https:\/\/www.europesays.com\/de\/wp-json\/wp\/v2\/types\/post"}],"author":[{"embeddable":true,"href":"https:\/\/www.europesays.com\/de\/wp-json\/wp\/v2\/users\/2"}],"replies":[{"embeddable":true,"href":"https:\/\/www.europesays.com\/de\/wp-json\/wp\/v2\/comments?post=584393"}],"version-history":[{"count":0,"href":"https:\/\/www.europesays.com\/de\/wp-json\/wp\/v2\/posts\/584393\/revisions"}],"wp:featuredmedia":[{"embeddable":true,"href":"https:\/\/www.europesays.com\/de\/wp-json\/wp\/v2\/media\/584394"}],"wp:attachment":[{"href":"https:\/\/www.europesays.com\/de\/wp-json\/wp\/v2\/media?parent=584393"}],"wp:term":[{"taxonomy":"category","embeddable":true,"href":"https:\/\/www.europesays.com\/de\/wp-json\/wp\/v2\/categories?post=584393"},{"taxonomy":"post_tag","embeddable":true,"href":"https:\/\/www.europesays.com\/de\/wp-json\/wp\/v2\/tags?post=584393"}],"curies":[{"name":"wp","href":"https:\/\/api.w.org\/{rel}","templated":true}]}}