{"id":584521,"date":"2025-11-18T12:47:15","date_gmt":"2025-11-18T12:47:15","guid":{"rendered":"https:\/\/www.europesays.com\/de\/584521\/"},"modified":"2025-11-18T12:47:15","modified_gmt":"2025-11-18T12:47:15","slug":"koeln-beef-unter-rappern-eskaliert-kommt-jetzt-bushido-als-zeuge","status":"publish","type":"post","link":"https:\/\/www.europesays.com\/de\/584521\/","title":{"rendered":"K\u00f6ln: \u201eBeef\u201c unter Rappern eskaliert \u2013 kommt jetzt Bushido als Zeuge?"},"content":{"rendered":"<p class=\"dm-paragraph my-8 dm-article-content-width\" index=\"0\" should-collapse-on-mobile=\"true\" has-padding=\"\" data-v-586984a4=\"\">Haben zwei Rapper in der Hip-Hop-Szene miteinander \u201eBeef\u201c, also Streit, dann k\u00f6nnen sie das auf unterschiedliche Arten regeln. Eine M\u00f6glichkeit ist ein auf offener B\u00fchne ausgetragener \u201eBattle Rap\u201c \u2013 eine in Musikerkreisen als sportlich geltende Auseinandersetzung. Wer seinen Gegner mit den richtigen Zeilen in die Knie zwingt, gewinnt. Fieser geht es zu bei einem \u201eDisstrack\u201c. Hier werden Kontrahenten regelm\u00e4\u00dfig mit pers\u00f6nlichen Angriffen bedacht und blo\u00dfgestellt. Ein solches Machwerk <a href=\"https:\/\/www.ksta.de\/koeln\/koeln-soldat-steckt-scharfe-munition-ein-und-wird-am-flughafen-erwischt-1-1148987\" rel=\"nofollow noopener\" target=\"_blank\">f\u00fchrte nun zu einem Strafprozess vor dem Amtsgericht<\/a> \u2013 in dem Fall blieb es nicht bei Worten.<\/p>\n<p class=\"dm-paragraph my-8 dm-article-content-width\" index=\"1\" should-collapse-on-mobile=\"true\" has-padding=\"\" data-v-586984a4=\"\">Auf der Anklagebank in Saal B des K\u00f6lner Justizgeb\u00e4udes sa\u00df ein bekannter Rapper und Youtuber, dem gef\u00e4hrliche K\u00f6rperverletzung vorgeworfen wird. Im Dezember 2023 soll er einem Kontrahenten nach einer Hip-Hop-Veranstaltung in der Partylocation \u201eKantine\u201c in Niehl aufgelauert haben \u2013 mit einem regelrechten Rollkommando, so beschreibt es die Anklageschrift der Staatsanwaltschaft K\u00f6ln.<\/p>\n<p>K\u00f6ln: Maskierte T\u00e4ter st\u00fcrzen sich auf Rapper<\/p>\n<p class=\"dm-paragraph my-8 dm-article-content-width\" index=\"3\" should-collapse-on-mobile=\"true\" has-padding=\"\" data-v-586984a4=\"\">\u201eTwizzy\u201c, so nennt sich der Gegner des Mannes in der Rap-Szene, hatte gegen 1.40 Uhr das Geb\u00e4ude verlassen, als er auf dem Parkplatz pl\u00f6tzlich auf mehrere vermummte Gestalten traf. Erst schlugen die M\u00e4nner, dann traten sie auf den Musiker ein, so der Staatsanwalt. Der Angeklagte soll dabei munter mitgemischt haben. Als Zeugen dazwischen gingen, verschwanden die maskierten Schl\u00e4ger \u2013 so schnell, wie sie gekommen waren. Das Opfer erlitt Sch\u00e4delprellungen, verletzte sich einen Halswirbel.<\/p>\n<p class=\"dm-paragraph my-8 dm-article-content-width\" index=\"4\" should-collapse-on-mobile=\"true\" has-padding=\"\" data-v-586984a4=\"\">Hintergrund der mutma\u00dflichen Attacke soll ein \u201eDisstrack\u201c sein, den \u201eTwizzy\u201c mit zwei weiteren Beteiligten erstellt und dem beschuldigten Influencer gewidmet hatte \u2013 als Reaktion auf angebliche Schm\u00e4hungen auf dessen YouTube- und Twitch-Kanals. \u201eHeute tritt der Journalist als Meinungsblogger auf, leider nutzt er seine Reichweite f\u00fcr Cybermobbing aus\u201c, prangert der Song an. Doch er nimmt auch k\u00f6rperliche Gebrechen des Influencers ins Visier: \u201eSchon damals in der Schule wurde er nur runtergemacht, weil Mutter Natur den Armen so verunstaltet hat.\u201c Vor dem Landgericht Hamburg wollte der Betroffene den Track verbieten lassen. Doch die Richter deuteten an, dass der Inhalt vom Grundrecht der Kunstfreiheit gedeckt sei. Die Klage wurde zur\u00fcckgenommen.<\/p>\n<p>K\u00f6ln: Angeklagter \u00e4u\u00dfert sich nicht zu den Vorw\u00fcrfen<\/p>\n<p class=\"dm-paragraph my-8 dm-article-content-width\" index=\"6\" should-collapse-on-mobile=\"true\" has-padding=\"\" data-v-586984a4=\"\">Zu den Pr\u00fcgelvorw\u00fcrfen \u00e4u\u00dferte sich der Angeklagte im Amtsgericht nicht. \u201eMein Mandant macht von seinem Schweigerecht Gebrauch\u201c, sagte der Verteidiger beim Prozessauftakt. Nebenkl\u00e4ger \u201eTwizzy\u201c sprach danach ausf\u00fchrlich im Zeugenstand. Er schilderte, dass er und der Youtuber schon im Backstagebereich der Kantine aneinandergeraten seien, aber nicht k\u00f6rperlich. Die Situation schien bereinigt, dann habe er das Geb\u00e4ude durch einen Hinterausgang verlassen. Drau\u00dfen angekommen, habe er den Angeklagten telefonieren sehen.<\/p>\n<p class=\"dm-paragraph my-8 dm-article-content-width\" index=\"7\" should-collapse-on-mobile=\"true\" has-padding=\"\" data-v-586984a4=\"\">\u201eEr hat auf mich gezeigt\u201c, so sagte es \u201eTwizzy\u201c aus. Kurz darauf seien die Vermummten hinter geparkten Autos hervorgest\u00fcrmt. \u201eSekunden sp\u00e4ter habe ich den ersten Schlag gefangen\u201c, erkl\u00e4rte das Opfer. Zwei oder drei der M\u00e4nner h\u00e4tten immer gleichzeitig auf ihn eingeschlagen. Todes\u00e4ngste habe er ausgestanden, nachdem er ein Messer bei einem der Angreifer erblickt habe, so der Zeuge.<\/p>\n<p>K\u00f6ln: Anwalt bringt Musiker Bushido als Zeugen ins Gespr\u00e4ch<\/p>\n<p class=\"dm-paragraph my-8 dm-article-content-width\" index=\"9\" should-collapse-on-mobile=\"true\" has-padding=\"\" data-v-586984a4=\"\">Bis heute leide er unter den psychischen Folgen der Attacke. Der 36-j\u00e4hrige Musiker, der vor Gericht Finanzberater als Berufsbezeichnung angegeben hatte, sagte, er sei rund sechs Monate krankgeschrieben gewesen. Zw\u00f6lf Kilo habe er in der Zeit abgenommen. \u201eIch bin viel \u00e4ngstlicher und vorsichtiger geworden, bin nachts nicht mehr allein unterwegs\u201c, so der Gesch\u00e4digte. Bei ihm sei eine mittelschwere Depression und eine posttraumatische Belastungsst\u00f6rung diagnostiziert worden.<\/p>\n<p><a href=\"https:\/\/www.ksta.de\/koeln\/koeln-bgh-bestaetigt-die-sicherungsverwahrung-fuer-thomas-drach-1-1150664\" class=\"dm-imagefeat__imagecontainer dm-imagefeat relative\" aria-label=\"\" tabindex=\"-1\" data-v-68e13160=\"\" rel=\"nofollow noopener\" target=\"_blank\"><img decoding=\"async\" width=\"4000\" height=\"2667\" alt=\"Das Urteil gegen Thomas Drach, hier beim Prozess in K\u00f6ln, ist nun rechtskr\u00e4ftig.\" loading=\"lazy\" onerror=\"this.setAttribute('data-error', 1)\" class=\"dm-imagefeat__image w-full aspect-square sm:aspect-auto aspect-video\" style=\"aspect-ratio:1;\" data-nuxt-pic=\"\" src=\"https:\/\/www.europesays.com\/de\/wp-content\/uploads\/2025\/11\/fa538bab-fc83-470d-90ea-c796281b7487.jpeg\"  \/><\/a><\/p>\n<p class=\"dm-paragraph my-8 dm-article-content-width\" index=\"11\" should-collapse-on-mobile=\"true\" has-padding=\"\" data-v-586984a4=\"\">So ganz glauben wollte der Verteidiger die Krankengeschichte des Mannes nicht. So belastet k\u00f6nne der Nebenkl\u00e4ger nicht gewesen sein, schlie\u00dflich habe er am Tag nach dem Vorfall an einem Livestream bei YouTube mit dem bekannten Rapper Bushido teilgenommen. Dort hatte \u201eTwizzy\u201c von der Attacke berichtet. Als Reaktion darauf, dass der Angeklagte seinerseits ge\u00e4u\u00dfert habe, in einen Hinterhalt gelockt worden zu sein. \u201eDas wollte ich nur richtigstellen\u201c, sagte der Zeuge. Der Anwalt deutete an, Bushido f\u00fcr einen der n\u00e4chsten Verhandlungstage wom\u00f6glich als Zeugen h\u00f6ren zu wollen.<\/p>\n","protected":false},"excerpt":{"rendered":"Haben zwei Rapper in der Hip-Hop-Szene miteinander \u201eBeef\u201c, also Streit, dann k\u00f6nnen sie das auf unterschiedliche Arten regeln.&hellip;\n","protected":false},"author":2,"featured_media":584522,"comment_status":"","ping_status":"","sticky":false,"template":"","format":"standard","meta":{"footnotes":""},"categories":[1828],"tags":[29,30,1420,1209],"class_list":{"0":"post-584521","1":"post","2":"type-post","3":"status-publish","4":"format-standard","5":"has-post-thumbnail","7":"category-koeln","8":"tag-deutschland","9":"tag-germany","10":"tag-koeln","11":"tag-nordrhein-westfalen"},"share_on_mastodon":{"url":"https:\/\/pubeurope.com\/@de\/115570780191822771","error":""},"_links":{"self":[{"href":"https:\/\/www.europesays.com\/de\/wp-json\/wp\/v2\/posts\/584521","targetHints":{"allow":["GET"]}}],"collection":[{"href":"https:\/\/www.europesays.com\/de\/wp-json\/wp\/v2\/posts"}],"about":[{"href":"https:\/\/www.europesays.com\/de\/wp-json\/wp\/v2\/types\/post"}],"author":[{"embeddable":true,"href":"https:\/\/www.europesays.com\/de\/wp-json\/wp\/v2\/users\/2"}],"replies":[{"embeddable":true,"href":"https:\/\/www.europesays.com\/de\/wp-json\/wp\/v2\/comments?post=584521"}],"version-history":[{"count":0,"href":"https:\/\/www.europesays.com\/de\/wp-json\/wp\/v2\/posts\/584521\/revisions"}],"wp:featuredmedia":[{"embeddable":true,"href":"https:\/\/www.europesays.com\/de\/wp-json\/wp\/v2\/media\/584522"}],"wp:attachment":[{"href":"https:\/\/www.europesays.com\/de\/wp-json\/wp\/v2\/media?parent=584521"}],"wp:term":[{"taxonomy":"category","embeddable":true,"href":"https:\/\/www.europesays.com\/de\/wp-json\/wp\/v2\/categories?post=584521"},{"taxonomy":"post_tag","embeddable":true,"href":"https:\/\/www.europesays.com\/de\/wp-json\/wp\/v2\/tags?post=584521"}],"curies":[{"name":"wp","href":"https:\/\/api.w.org\/{rel}","templated":true}]}}