{"id":584855,"date":"2025-11-18T16:03:21","date_gmt":"2025-11-18T16:03:21","guid":{"rendered":"https:\/\/www.europesays.com\/de\/584855\/"},"modified":"2025-11-18T16:03:21","modified_gmt":"2025-11-18T16:03:21","slug":"russland-bietet-usa-neuen-gefangenenaustausch-an-t-online","status":"publish","type":"post","link":"https:\/\/www.europesays.com\/de\/584855\/","title":{"rendered":"Russland bietet USA neuen Gefangenenaustausch an &#8211; T-Online"},"content":{"rendered":"<ol>\n<li><a href=\"https:\/\/news.google.com\/rss\/articles\/CBMivAFBVV95cUxPN3FnUk9jd0JMS3BRZ1RjZUpXaXZSbG93OXJ2OGE5OTgteEZzMEx2T3FvdldyZFJuYkFqOFZmamVJNi1Rbkw0cUtuRzk2UmdRZ3EyTzdnUjRuQlUtNjJ0QUhZczg5V0RfNzU0dFBVNUlxcWhySXdOTVQ5YktKTURDeEhlS1A1WGttVkdCN2lSNzJwLTlGVXB4bEg1SG8yM0tVRGNwaW5ERGg3OXFLNlB4Q3d3czM3YVdIRDZvWQ?oc=5\" target=\"_blank\" rel=\"nofollow noopener\">Russland bietet USA neuen Gefangenenaustausch an<\/a>&nbsp;&nbsp;T-Online<\/li>\n<li><a href=\"https:\/\/news.google.com\/rss\/articles\/CBMimgFBVV95cUxNYWdfNFktaGFTMTRtVGx6bG40WC1lUzQ0UzVxMkZWbFVwQ2ROMEJUcFdfLXBoYTJDb1ZnNU9FWnFSUE9CalNqUUtoN2dVU0czUWxDcVdhaUhQcF9nMHROU1lhWVp1Ym1qRnpRZlFmZ2wxdmszbkR0TUozakc3bFVmU1BGaGpQWlFJYW9nSDFWZ2NqaGJHVUlWTFNR?oc=5\" target=\"_blank\" rel=\"nofollow noopener\">Epstein-Aff\u00e4re: Bekannter \u00d6konom zieht sich wegen Kontakt zu Epstein zur\u00fcck<\/a>&nbsp;&nbsp;DIE ZEIT<\/li>\n<li><a href=\"https:\/\/news.google.com\/rss\/articles\/CBMiigJBVV95cUxQeXRtaC04TlFsOXV5S1JLZjhHU3pYNFY2WEFjc3BUTi1PNWprZnRsS2wyQWg4X01XY0lYY3lHMkdWV2NBOTBXeF9KV0d5b3BlLUdqZnFVLVBDdF8wQ0R1c0JzR2o2bFJ4XzVYLUJabDhnbDJJazVTRldxU3hMc0lZZ2ZhdEszbDU0eHFNMjBUT25XR005aThrb3ZJUHB0LUJRak0zRC1QcTB2NzM4RmNmYzFFcFJBbkxfUzJUaEN0RkI3WnlZN2VPdnJPZWRNNi1yRVhiZjNURndnYktZdGJ5MWpkNUFRU0kxdzBmMXNha0tzbzJFdFJlSHJ2dGVTM2FIWGxkdHF6R0ZhZw?oc=5\" target=\"_blank\" rel=\"nofollow noopener\">\u201eIch sch\u00e4me mich zutiefst\u201c \u2013 Ex-US-Finanzminister zieht sich aus \u00f6ffentlichem Leben zur\u00fcck<\/a>&nbsp;&nbsp;WELT<\/li>\n<li><a href=\"https:\/\/news.google.com\/rss\/articles\/CBMi-wFBVV95cUxOOFdMMk95OE94WkxPRGc3blZoSWhtYlJrOWd4TmhqempReDlwaTJWTktBenVLV3VNNDhSYi12MjRIekhJelFBVTB1a21YQ1IxZldOc3NlMlhGZzNJYTVsSk5EeTRBdXo5NFpuVnpiTkYwb2REMEdtY1NRM2JBblBZVW9CbDNOQjZBblZ5RHU3MFVhaTFnZTk5dTNVZ2M5WU9ic21NczZ2Q1FicTQtUXdPUDhyMWIyR2M2N2N3ZkVCdHptU3c0N1U2bVBVNEtSbFFiczVraS1vSlJ5RzBHY2VoczNucFJ4YzdYQ0h1OE4tMTdiY0ktY3BkZllqdw?oc=5\" target=\"_blank\" rel=\"nofollow noopener\">USA: Ex-Harvard-Pr\u00e4sident Larry Summers will wegen Epstein-Aff\u00e4re \u00f6ffentliche Aufgaben ruhen lassen<\/a>&nbsp;&nbsp;Handelsblatt<\/li>\n<li><a href=\"https:\/\/news.google.com\/rss\/articles\/CBMizAFBVV95cUxQZm1hLWpPbFg5YnZlVDliLW1sRHgzMF9EQjkwODFiUnYyOEg1WU42MXVGNjd5UWxZbmF0N1plQTA2NS1pS0NUVHJ6ZXh1cnFvVDRQdDRuYks4THBUYmRvV0ZCMjN0UmwwZ19lYy10RDlJZlU3R0pRSUpoOHFld3RTWWJka28tQnAycVZTWG9RTVRXWGFxUFYxV2hWaVdmZkNqRjJPWHlmeU4xa25IRnFrWUhSUVNYSUtoNUJId0c5M3B2U2JONkozRWNoRWc?oc=5\" target=\"_blank\" rel=\"nofollow noopener\">Fr\u00fcherer Minister von Bill Clinton zieht sich wegen pers\u00f6nlicher Beziehung zu Epstein zur\u00fcck<\/a>&nbsp;&nbsp;BILD<\/li>\n<\/ol>\n","protected":false},"excerpt":{"rendered":"Russland bietet USA neuen Gefangenenaustausch an&nbsp;&nbsp;T-Online Epstein-Aff\u00e4re: Bekannter \u00d6konom zieht sich wegen Kontakt zu Epstein zur\u00fcck&nbsp;&nbsp;DIE ZEIT \u201eIch&hellip;\n","protected":false},"author":2,"featured_media":584856,"comment_status":"","ping_status":"","sticky":false,"template":"","format":"standard","meta":{"footnotes":"","_share_on_mastodon":"0"},"categories":[3],"tags":[1217,326,7797,522,4540,56057,106,140249,739,12882,17423,13,140199,23542,3982,6738,5020,140252,140251,42656,14,15,3129,23560,6372,140250,1442,307,4769,12,3555,10,8,9,11,2866,64,1700,320,103,104],"class_list":["post-584855","post","type-post","status-publish","format-standard","has-post-thumbnail","category-welt","tag-1217","tag-326","tag-7797","tag-522","tag-chicago","tag-david-richardson","tag-donald-trump","tag-evan-gershkovich","tag-gaza","tag-gefangenenaustausch","tag-harvard","tag-headlines","tag-jamal-khashoggi","tag-jeffrey-epstein","tag-kalter-krieg","tag-kirill-dmitrijew","tag-kreml","tag-ksenia-karelina","tag-marc-fogel","tag-mohammed-bin-salman","tag-nachrichten","tag-news","tag-newsblog","tag-nicolas-maduro","tag-offensive","tag-paul-whelan","tag-razzia","tag-russland","tag-saudi-arabien","tag-schlagzeilen","tag-spionage","tag-top-news","tag-top-meldungen","tag-topmeldungen","tag-topnews","tag-toetung","tag-usa","tag-venezuela","tag-washington","tag-welt","tag-world"],"share_on_mastodon":{"url":"","error":"Validation failed: Text character limit of 500 exceeded"},"_links":{"self":[{"href":"https:\/\/www.europesays.com\/de\/wp-json\/wp\/v2\/posts\/584855","targetHints":{"allow":["GET"]}}],"collection":[{"href":"https:\/\/www.europesays.com\/de\/wp-json\/wp\/v2\/posts"}],"about":[{"href":"https:\/\/www.europesays.com\/de\/wp-json\/wp\/v2\/types\/post"}],"author":[{"embeddable":true,"href":"https:\/\/www.europesays.com\/de\/wp-json\/wp\/v2\/users\/2"}],"replies":[{"embeddable":true,"href":"https:\/\/www.europesays.com\/de\/wp-json\/wp\/v2\/comments?post=584855"}],"version-history":[{"count":0,"href":"https:\/\/www.europesays.com\/de\/wp-json\/wp\/v2\/posts\/584855\/revisions"}],"wp:featuredmedia":[{"embeddable":true,"href":"https:\/\/www.europesays.com\/de\/wp-json\/wp\/v2\/media\/584856"}],"wp:attachment":[{"href":"https:\/\/www.europesays.com\/de\/wp-json\/wp\/v2\/media?parent=584855"}],"wp:term":[{"taxonomy":"category","embeddable":true,"href":"https:\/\/www.europesays.com\/de\/wp-json\/wp\/v2\/categories?post=584855"},{"taxonomy":"post_tag","embeddable":true,"href":"https:\/\/www.europesays.com\/de\/wp-json\/wp\/v2\/tags?post=584855"}],"curies":[{"name":"wp","href":"https:\/\/api.w.org\/{rel}","templated":true}]}}