{"id":585323,"date":"2025-11-18T20:38:12","date_gmt":"2025-11-18T20:38:12","guid":{"rendered":"https:\/\/www.europesays.com\/de\/585323\/"},"modified":"2025-11-18T20:38:12","modified_gmt":"2025-11-18T20:38:12","slug":"frontalzusammenstoss-mit-todesfolge-und-hohem-sachschaden","status":"publish","type":"post","link":"https:\/\/www.europesays.com\/de\/585323\/","title":{"rendered":"Frontalzusammensto\u00df mit Todesfolge und hohem Sachschaden"},"content":{"rendered":"<p class=\"mb-6 text-xs md:text-m lg:text-l font-serif group-[.font-sans]:font-sans \">\n    Nach Angaben der Polizei verstarb ein 77-j\u00e4hriger Pkw-Fahrer am Dienstagmittag, <strong class=\"font-bold\">18. November<\/strong>, in einem Krankenhaus, nachdem er zuvor frontal mit einem entgegenkommenden Auto zusammenstie\u00df. Der Mann fuhr gegen 10 Uhr mit seinem Smart auf der Grezzostra\u00dfe in Fahrtrichtung Gr\u00f6tzingen. Aus bislang ungekl\u00e4rter Ursache geriet er nach rechts in den Gr\u00fcnstreifen und verlor offenbar die Kontrolle \u00fcber seinen Kleinwagen.\n  <\/p>\n<p>            77-J\u00e4hriger erlag im Krankenhaus seinen Verletzungen<\/p>\n<p class=\"mb-6 text-xs md:text-m lg:text-l font-serif group-[.font-sans]:font-sans \">\n    In der Folge kollidierte der 77-J\u00e4hrige frontal mit einem entgegenkommenden BMW. Ein alarmierter Rettungswagen transportierte den Smart-Fahrer umgehend in ein Krankenhaus. Dort erlag er gegen 12.20 Uhr seinen schweren Verletzungen. Der 35-j\u00e4hrige Fahrer des BMW erlitt leichte Verletzungen.\n  <\/p>\n<p class=\"mb-6 text-xs md:text-m lg:text-l font-serif group-[.font-sans]:font-sans \">\n    Einsatzkr\u00e4fte sperrten die Fahrbahnen bis etwa 12.20 Uhr in beide Richtungen. Die Sperrung diente der Unfallaufnahme und den Bergungsarbeiten. Der entstandene Sachschaden bel\u00e4uft sich nach ersten Sch\u00e4tzungen auf etwa 25.000 Euro.\n  <\/p>\n<p class=\"mb-6 text-xs md:text-m lg:text-l font-serif group-[.font-sans]:font-sans \">\n    Quelle: <a href=\"https:\/\/www.presseportal.de\/blaulicht\/pm\/110972\/6161373\" rel=\"nofollow noopener\" target=\"_blank\" class=\"underline \">Polizeipr\u00e4sidium Karlsruhe<\/a> Hinweis: Diese Meldung wurde unterst\u00fctzt von KI erstellt.\n  <\/p>\n<ul data-module-id=\"DragDropModule\" class=\"flex flex-wrap justify-start group-[.no-bookmarks]:hidden\">\n<li class=\"mb-3 mr-3\">\n    Frontalunfall<\/p>\n<p>      Icon Haken im Kreis gesetzt<\/p>\n<p>      Icon Plus im Kreis<\/p>\n<\/li>\n<li class=\"mb-3 mr-3\">\n    BMW<\/p>\n<p>      Icon Haken im Kreis gesetzt<\/p>\n<p>      Icon Plus im Kreis<\/p>\n<\/li>\n<li class=\"mb-3 mr-3\">\n    Auto<\/p>\n<p>      Icon Haken im Kreis gesetzt<\/p>\n<p>      Icon Plus im Kreis<\/p>\n<\/li>\n<\/ul>\n","protected":false},"excerpt":{"rendered":"Nach Angaben der Polizei verstarb ein 77-j\u00e4hriger Pkw-Fahrer am Dienstagmittag, 18. November, in einem Krankenhaus, nachdem er zuvor&hellip;\n","protected":false},"author":2,"featured_media":539107,"comment_status":"","ping_status":"","sticky":false,"template":"","format":"standard","meta":{"footnotes":""},"categories":[1844],"tags":[513,1634,374,3364,29,36210,30,21163,8903,140329,1256,121,6319],"class_list":{"0":"post-585323","1":"post","2":"type-post","3":"status-publish","4":"format-standard","5":"has-post-thumbnail","7":"category-karlsruhe","8":"tag-auto","9":"tag-baden-wuerttemberg","10":"tag-bmw","11":"tag-de","12":"tag-deutschland","13":"tag-frontalunfall","14":"tag-germany","15":"tag-groetzingen","16":"tag-karlsruhe","17":"tag-karlsruhe-durlach","18":"tag-kuenstliche-intelligenz","19":"tag-polizei","20":"tag-verletzung"},"share_on_mastodon":{"url":"https:\/\/pubeurope.com\/@de\/115572631572346178","error":""},"_links":{"self":[{"href":"https:\/\/www.europesays.com\/de\/wp-json\/wp\/v2\/posts\/585323","targetHints":{"allow":["GET"]}}],"collection":[{"href":"https:\/\/www.europesays.com\/de\/wp-json\/wp\/v2\/posts"}],"about":[{"href":"https:\/\/www.europesays.com\/de\/wp-json\/wp\/v2\/types\/post"}],"author":[{"embeddable":true,"href":"https:\/\/www.europesays.com\/de\/wp-json\/wp\/v2\/users\/2"}],"replies":[{"embeddable":true,"href":"https:\/\/www.europesays.com\/de\/wp-json\/wp\/v2\/comments?post=585323"}],"version-history":[{"count":0,"href":"https:\/\/www.europesays.com\/de\/wp-json\/wp\/v2\/posts\/585323\/revisions"}],"wp:featuredmedia":[{"embeddable":true,"href":"https:\/\/www.europesays.com\/de\/wp-json\/wp\/v2\/media\/539107"}],"wp:attachment":[{"href":"https:\/\/www.europesays.com\/de\/wp-json\/wp\/v2\/media?parent=585323"}],"wp:term":[{"taxonomy":"category","embeddable":true,"href":"https:\/\/www.europesays.com\/de\/wp-json\/wp\/v2\/categories?post=585323"},{"taxonomy":"post_tag","embeddable":true,"href":"https:\/\/www.europesays.com\/de\/wp-json\/wp\/v2\/tags?post=585323"}],"curies":[{"name":"wp","href":"https:\/\/api.w.org\/{rel}","templated":true}]}}