{"id":585411,"date":"2025-11-18T21:38:16","date_gmt":"2025-11-18T21:38:16","guid":{"rendered":"https:\/\/www.europesays.com\/de\/585411\/"},"modified":"2025-11-18T21:38:16","modified_gmt":"2025-11-18T21:38:16","slug":"nicht-fuer-dbb-nominiert-jack-kayil-antwortet-mit-punkte-rekord-sportmix","status":"publish","type":"post","link":"https:\/\/www.europesays.com\/de\/585411\/","title":{"rendered":"Nicht f\u00fcr DBB nominiert: Jack Kayil antwortet mit Punkte-Rekord! | Sportmix"},"content":{"rendered":"<p><b>Am Montag gab Basketball-Bundestrainer Alex Mumbru (46) seinen 16er-Kader f\u00fcr den Start in die WM-Qualifikation gegen Israel (28.11.) und auf Zypern (1.12.\/beide live bei Magenta Sport) bekannt.<\/b><\/p>\n<p><a href=\"https:\/\/sportbild.bild.de\/sportmix\/basketball\/ueberraschung-im-dbb-kader-alex-mumbru-nominiert-debuetant-mahir-agva-691b3febc7cd0ff6c6204bae\" class=\"text-link\" target=\"_blank\" rel=\"noopener\">Neben zahlreichen bekannten Gesichtern nominierte der Spanier mit Norris Agbokoko (25\/Alba Berlin), Mahir Agva (29\/Merkezefendi), Till Pape (27\/Frankfurt) und Collin Welp (26\/MBC) auch vier Neue<\/a>.<\/p>\n<p><b>Doch ein Name fehlte \u00fcberraschend auf der Liste: Jack Kayil (19)!<\/b><\/p>\n<p>Mehr zum Thema<\/p>\n<p>Der Berliner hatte im L\u00e4nderspiel-Fenster vor einem Jahr zeitgleich mit Mumbru sein Deb\u00fct in der A-Nationalmannschaft gegeben. Und dabei mit starken Leistungen in zwei Partien auf sich aufmerksam gemacht.<\/p>\n<p>0,8 Sekunden vor Schluss!: Mega-Buzzer-Beater bringt das Pokal-Halbfinale<a class=\"anchor video-teaser__anchor\" href=\"https:\/\/sportbild.bild.de\/sportmix\/basketball\/0-8-sekunden-vor-schluss-mega-buzzer-beater-bringt-das-pokal-halbfinale-691c96f7bfb7cbd8b9c55482\" target=\"_blank\" rel=\"noopener\"><img decoding=\"async\" width=\"992\" height=\"558\" alt=\"\" src=\"https:\/\/www.europesays.com\/de\/wp-content\/uploads\/2025\/11\/237900b7560df6a1cb6e2ca86bdbcad9-landscape,3bac0096\"   class=\"landscape teaser__image\" loading=\"lazy\"\/><\/a><\/p>\n<p>Quelle: DYN Basketball18.11.2025<\/p>\n<p><b>Nach dem Wechsel aus Serbien zur\u00fcck zu Alba Berlin in die Easycredit BBL und guten Spielen dort schienen die Chancen auf einen festen Platz im Team des Welt- und Europameisters sogar noch mal gestiegen zu sein.<\/b><\/p>\n<p><img decoding=\"async\" width=\"992\" height=\"84\" alt=\"\" src=\"https:\/\/www.europesays.com\/de\/wp-content\/uploads\/2025\/11\/d8eaa989c2bf63a96ba3c175cbfc7f8f,40050a99\"   class=\"dynamic\" loading=\"lazy\"\/><\/p>\n<p>Foto: BILD<\/p>\n<p><b>Offensichtlich aber nicht f\u00fcr Mumbru!<\/b><\/p>\n<p>Und das, obwohl die etatm\u00e4\u00dfigen Aufbauspieler Dennis Schr\u00f6der (32\/Sacramento Kings), Maodo Lo (32\/Zalgiris Kaunas) und Nick Weiler-Babb (29\/Anadolu Efes Istanbul) sowie College-Star Christian Anderson (19\/Texas Tech) in diesem Fenster nicht zur Verf\u00fcgung stehen! Mit Weltmeister Justus Hollatz (24\/FC Bayern) und Nelson Weidemann (26\/Ratiopharm Ulm) stehen nur zwei gelernte Point Guards im Kader.<\/p>\n<p>Basketball: Das sagt Jack Kayil zu seiner Nicht-Nominierung<\/p>\n<p><a href=\"https:\/\/sportbild.bild.de\/sportmix\/basketball\/bbl-pokal-alba-schlaegt-jena-und-muss-jetzt-gegen-oldenburg-ran-691b6087e2c7d59420f79ef5\" class=\"text-link\" target=\"_blank\" rel=\"noopener\"><b>Vor dem Pokal-Viertelfinale gegen Science City Jena (91:78)<\/b><\/a><b> gab sich Kayil im Dyn-Interview darauf angesprochen wortkarg. \u00dcberrascht sei er von der Nicht-Ber\u00fccksichtigung nicht gewesen: \u201eNee, es war eine gute Kommunikation davor. Es gibt verschiedene Gr\u00fcnde daf\u00fcr.\u201c Dann schob er nach: \u201eVielleicht \u00e4ndert sich das ja noch.\u201c<\/b><\/p>\n<p>Denn: Weidemann musste zuletzt mit Schulterproblemen pausieren. Und Hollatz und die \u00fcbrigen Bayern-Profis m\u00fcssen drei Tage vor dem ersten Quali-Spiel in Ulm noch mit den M\u00fcnchnern in der Euroleague in Valencia ran. Sollte einer der beiden ausfallen, k\u00f6nnte Mumbru noch mal nachnominieren.<\/p>\n<p>Kuriose Szene in Paris: Ist das die k\u00fcrzeste PK aller Zeiten?<a class=\"anchor video-teaser__anchor\" href=\"https:\/\/sportbild.bild.de\/sportmix\/basketball\/kuriose-szene-in-paris-ist-das-die-kuerzeste-pk-aller-zeiten-6918cf5458d2cfb625f5d4f6\" target=\"_blank\" rel=\"noopener\"><img decoding=\"async\" width=\"992\" height=\"558\" alt=\"\" src=\"https:\/\/www.europesays.com\/de\/wp-content\/uploads\/2025\/11\/b6bd9a9f565fd06f09098c6f2ca13d1d-landscape,54b4b3ba\"   class=\"landscape teaser__image\" loading=\"lazy\"\/><\/a><\/p>\n<p>Quelle: Youtube: Paris Basketball15.11.2025<\/p>\n<p><b>Auf dem Parkett der Uber Arena machte Kayil im Anschluss an das Interview gegen den Aufsteiger noch mal beste Werbung in eigener Sache. Der Neuk\u00f6llner stellte mit 18 Punkten, drei Rebounds und zwei Assists eine pers\u00f6nliche Bestleistung auf und war neben Martin Hermannsson (31) Top-Scorer der Berliner.<\/b><\/p>\n<p>Das wird auch Mumbru registriert haben.<\/p>\n","protected":false},"excerpt":{"rendered":"Am Montag gab Basketball-Bundestrainer Alex Mumbru (46) seinen 16er-Kader f\u00fcr den Start in die WM-Qualifikation gegen Israel (28.11.)&hellip;\n","protected":false},"author":2,"featured_media":585412,"comment_status":"","ping_status":"","sticky":false,"template":"","format":"standard","meta":{"footnotes":""},"categories":[1825],"tags":[1941,1939,2471,2493,140346,2472,296,1937,9954,29,5841,30,1940,1938,11254,37715,542,45],"class_list":{"0":"post-585411","1":"post","2":"type-post","3":"status-publish","4":"format-standard","5":"has-post-thumbnail","7":"category-berlin","8":"tag-aktuelle-nachrichten-aus-berlin","9":"tag-aktuelle-news-aus-berlin","10":"tag-alba-berlin","11":"tag-basketball","12":"tag-basketball-wm","13":"tag-bbl","14":"tag-berlin","15":"tag-berlin-news","16":"tag-dbb","17":"tag-deutschland","18":"tag-dyn-basketball","19":"tag-germany","20":"tag-nachrichten-aus-berlin","21":"tag-news-aus-berlin","22":"tag-schmitt-ralf","23":"tag-schroeder-dennis","24":"tag-sport-leuchtturm-hamburg","25":"tag-texttospeech"},"share_on_mastodon":{"url":"https:\/\/pubeurope.com\/@de\/115572868410693797","error":""},"_links":{"self":[{"href":"https:\/\/www.europesays.com\/de\/wp-json\/wp\/v2\/posts\/585411","targetHints":{"allow":["GET"]}}],"collection":[{"href":"https:\/\/www.europesays.com\/de\/wp-json\/wp\/v2\/posts"}],"about":[{"href":"https:\/\/www.europesays.com\/de\/wp-json\/wp\/v2\/types\/post"}],"author":[{"embeddable":true,"href":"https:\/\/www.europesays.com\/de\/wp-json\/wp\/v2\/users\/2"}],"replies":[{"embeddable":true,"href":"https:\/\/www.europesays.com\/de\/wp-json\/wp\/v2\/comments?post=585411"}],"version-history":[{"count":0,"href":"https:\/\/www.europesays.com\/de\/wp-json\/wp\/v2\/posts\/585411\/revisions"}],"wp:featuredmedia":[{"embeddable":true,"href":"https:\/\/www.europesays.com\/de\/wp-json\/wp\/v2\/media\/585412"}],"wp:attachment":[{"href":"https:\/\/www.europesays.com\/de\/wp-json\/wp\/v2\/media?parent=585411"}],"wp:term":[{"taxonomy":"category","embeddable":true,"href":"https:\/\/www.europesays.com\/de\/wp-json\/wp\/v2\/categories?post=585411"},{"taxonomy":"post_tag","embeddable":true,"href":"https:\/\/www.europesays.com\/de\/wp-json\/wp\/v2\/tags?post=585411"}],"curies":[{"name":"wp","href":"https:\/\/api.w.org\/{rel}","templated":true}]}}