{"id":585421,"date":"2025-11-18T21:43:14","date_gmt":"2025-11-18T21:43:14","guid":{"rendered":"https:\/\/www.europesays.com\/de\/585421\/"},"modified":"2025-11-18T21:43:14","modified_gmt":"2025-11-18T21:43:14","slug":"erster-paerchen-auftritt-jennifer-aniston-und-jim-curtis-begeistern-bei-preisverleihung","status":"publish","type":"post","link":"https:\/\/www.europesays.com\/de\/585421\/","title":{"rendered":"Erster P\u00e4rchen-Auftritt: Jennifer Aniston und Jim Curtis begeistern bei Preisverleihung"},"content":{"rendered":"<p>Gleich zehn Frauen sind am Montagabend (17. November) bei der &#8222;Elle Women in Hollywood&#8220;-Preisverleihung ausgezeichnet worden \u2013 darunter <a href=\"https:\/\/www.bunte.de\/starprofile\/jennifer-aniston\/page-1.html\" rel=\"follow nofollow noopener\" target=\"_self\">Jennifer Aniston<\/a> (56). Die Schauspielerin erschien zu der Gala im Four Seasons Hotel in Beverly Hills in einem besonderen Kleid \u2013 mit dabei auch<a href=\"https:\/\/www.bunte.de\/stars\/stars-die-liebe\/jennifer-aniston-schwaermt-von-ihrem-neuen-freund_d8b6f2ee-2072-4de8-8ae2-e0b2097056df.html\" rel=\"follow nofollow noopener\" target=\"_self\"> ihr neuer Partner Jim Curtis<\/a>.<\/p>\n<p>Kleid weckt Erinnerungen an Jennifer Anistons &#8222;Friends&#8220;-Rolle<\/p>\n<p>Jennifer Aniston setzte auf ein schwarzes, schimmerndes Kleid von Ralph Lauren, das an ihre legend\u00e4re &#8222;Friends&#8220;-Rolle Rachel Green erinnerte &#8211; schlie\u00dflich arbeitete Rachel in der Serie f\u00fcr das Label. Das bodenlange Vintage-Dress mit Neckholder und zartem Glanz wirkte elegant und romantisch zugleich. Aniston bleibt ihrer Vorliebe f\u00fcr Schwarz treu: Schon zur Premiere der vierten Staffel von &#8222;The Morning Show&#8220; trug sie Anfang September ein schwarzes, schulterfreies Kleid &#8211; und inspirierte damit offenbar auch Kollegin Reese Witherspoon (49).<\/p>\n<p>Auf dem roten Teppich am Montag posierte Jennifer Aniston alleine, ohne ihren neuen Partner. Wie &#8222;Elle&#8220; berichtete, entschieden sich beide bewusst dagegen, gemeinsam aufzutreten, um den Fokus auf Anistons beruflichen Erfolg zu richten. Erst Anfang des Monats hatte sie die Beziehung zu dem Hypnotherapeut Jim Curtis mit einem P\u00e4rchenbild auf ihrem Instagram-Account offiziell best\u00e4tigt. Backstage unterst\u00fctze er sie aber trotzdem.<\/p>\n<p>Auch diese Frauen wurden geehrt<\/p>\n<p>Die weiteren Preistr\u00e4gerinnen der &#8222;Elle Women in Hollywood Awards&#8220; waren: Jessie Buckley, Teyana Taylor, Rose Byrne, Renate Reinsve, Chase Infiniti, Emily Blunt und die &#8222;Blood &amp; Sinners&#8220;-Kolleginnen Jayme Lawson, Wunmi Mosaku und Hailee Steinfeld. Dazu teilte das Magazin mit: &#8222;Diese Frauen sind es gewohnt, Preise zu gewinnen, Rekorde zu brechen und Grenzen zu verschieben. Und neben ihrem Kassenerfolg setzen die Preistr\u00e4gerinnen auch einen neuen modischen Standard. Von verf\u00fchrerisch schicken Kleidern bis hin zu perfekt sitzenden Anz\u00fcgen &#8211; ihre Red-Carpet-Looks verspr\u00fchen genau die Art von Energie, die eine moderne Hollywood-Ikone ausmacht.&#8220;<\/p>\n","protected":false},"excerpt":{"rendered":"Gleich zehn Frauen sind am Montagabend (17. November) bei der &#8222;Elle Women in Hollywood&#8220;-Preisverleihung ausgezeichnet worden \u2013 darunter&hellip;\n","protected":false},"author":2,"featured_media":585422,"comment_status":"","ping_status":"","sticky":false,"template":"","format":"standard","meta":{"footnotes":""},"categories":[1776],"tags":[1801,29,214,30,1802,215],"class_list":{"0":"post-585421","1":"post","2":"type-post","3":"status-publish","4":"format-standard","5":"has-post-thumbnail","7":"category-prominente","8":"tag-celebrities","9":"tag-deutschland","10":"tag-entertainment","11":"tag-germany","12":"tag-prominente","13":"tag-unterhaltung"},"share_on_mastodon":{"url":"https:\/\/pubeurope.com\/@de\/115572887064608435","error":""},"_links":{"self":[{"href":"https:\/\/www.europesays.com\/de\/wp-json\/wp\/v2\/posts\/585421","targetHints":{"allow":["GET"]}}],"collection":[{"href":"https:\/\/www.europesays.com\/de\/wp-json\/wp\/v2\/posts"}],"about":[{"href":"https:\/\/www.europesays.com\/de\/wp-json\/wp\/v2\/types\/post"}],"author":[{"embeddable":true,"href":"https:\/\/www.europesays.com\/de\/wp-json\/wp\/v2\/users\/2"}],"replies":[{"embeddable":true,"href":"https:\/\/www.europesays.com\/de\/wp-json\/wp\/v2\/comments?post=585421"}],"version-history":[{"count":0,"href":"https:\/\/www.europesays.com\/de\/wp-json\/wp\/v2\/posts\/585421\/revisions"}],"wp:featuredmedia":[{"embeddable":true,"href":"https:\/\/www.europesays.com\/de\/wp-json\/wp\/v2\/media\/585422"}],"wp:attachment":[{"href":"https:\/\/www.europesays.com\/de\/wp-json\/wp\/v2\/media?parent=585421"}],"wp:term":[{"taxonomy":"category","embeddable":true,"href":"https:\/\/www.europesays.com\/de\/wp-json\/wp\/v2\/categories?post=585421"},{"taxonomy":"post_tag","embeddable":true,"href":"https:\/\/www.europesays.com\/de\/wp-json\/wp\/v2\/tags?post=585421"}],"curies":[{"name":"wp","href":"https:\/\/api.w.org\/{rel}","templated":true}]}}