{"id":585450,"date":"2025-11-18T22:00:49","date_gmt":"2025-11-18T22:00:49","guid":{"rendered":"https:\/\/www.europesays.com\/de\/585450\/"},"modified":"2025-11-18T22:00:49","modified_gmt":"2025-11-18T22:00:49","slug":"baustellen-und-sperrungen-in-schleswig-holstein-heute-18-november-2025","status":"publish","type":"post","link":"https:\/\/www.europesays.com\/de\/585450\/","title":{"rendered":"Baustellen und Sperrungen in Schleswig-Holstein, heute, 18. November 2025"},"content":{"rendered":"<p class=\"Textstyled__Text-sc-1cqv9mi-0 cLyiiX\">Kiel. 9874,557 Kilometer betr\u00e4gt das Stra\u00dfennetz in SH\u2013 und das will erhalten werden. Wo heute und in Zukunft <b>Baustellen in Schleswig-Holstein<\/b> sind, wie lange gebaut wird, wie lang die <b>Sperrungen<\/b> andauern und welche <b>Umleitungsempfehlungen<\/b> ausgesprochen werden, erfahren Sie in unserer tagesaktuellen <b>Verkehrsinfo f\u00fcr Schleswig-Holstein<\/b>.<\/p>\n<p>Weiterlesen nach der Anzeige<\/p>\n<p>Weiterlesen nach der Anzeige<\/p>\n<p>Sperrungen und Baustellen aktuell in Schleswig-Holstein<\/p>\n<p class=\"Textstyled__Text-sc-1cqv9mi-0 cLyiiX\">Die \u00dcbersicht beinhaltet Baustellen und Stra\u00dfensperrungen f\u00fcr <b>Autobahnen<\/b> (A1, A7, A20, A21, A23, A210, A215), <b>Bundesstra\u00dfen <\/b>(B76, B202, B404, B203, etc.), <b>Landstra\u00dfen <\/b>und <b>Kreisstra\u00dfen in alphabetischer Reihenfolge<\/b>. So kommen Sie hoffentlich stressfrei ans Ziel!<\/p>\n<p>Weiterlesen nach der Anzeige<\/p>\n<p>Weiterlesen nach der Anzeige<\/p>\n<p>Baustelle A1<\/p>\n<p class=\"Textstyled__Text-sc-1cqv9mi-0 cLyiiX\"><b>A1 &#8211; Verkehrsumlegung und Bauarbeiten zwischen Eutin und Scharbeutz, heute bis Ende 2025: <\/b>Der Verkehr auf der A1 zwischen den Anschlussstellen Eutin und Scharbeutz wird auf die Richtungsfahrbahn L\u00fcbeck verschwenkt. Richtung L\u00fcbeck steht ein Fahrstreifen und Richtung Fehmarn stehen zwei Fahrstreifen zur Verf\u00fcgung. Dies erm\u00f6glicht die Erneuerung der Fahrbahn. Die Arbeiten werden <b>voraussichtlich bis Ende 2025<\/b> abgeschlossen, sodass dann beide Fahrbahnen erneuert sind. Verkehrsteilnehmende werden gebeten, die Geschwindigkeitsbegrenzungen zu beachten und den Bereich mit besonderer Vorsicht zu passieren.<\/p>\n<p class=\"Textstyled__Text-sc-1cqv9mi-0 cLyiiX\"><b>A1 \u2013 Zweistreifige Verkehrsf\u00fchrung im Bereich des Autobahnkreuzes Bargteheide, heute bis Dezember 2025: <\/b>Der zweite \u00dcberholfahrstreifen in beide Richtungen wird gesperrt. Bis Ende 2025 gibt es eine zweistreifige Verkehrsf\u00fchrung, der Hauptfahrstreifen und der erste \u00dcberholfahrstreifen stehen zur Verf\u00fcgung.<\/p>\n<p class=\"Textstyled__Text-sc-1cqv9mi-0 cLyiiX\"><b>A1 \u2013 Fahrbahnsanierung und Verkehrsumlegung zwischen Sereetz und Pansdorf, heute bis voraussichtlich Dezember 2025:<\/b> Nach Abschluss der Fahrbahnsanierung auf der A1 in Richtung S\u00fcden zwischen Sereetz und Pansdorf wird die A1 wieder f\u00fcr den Verkehr freigegeben. Im n\u00e4chsten Schritt wird der Abschnitt in Richtung Norden saniert. Daf\u00fcr muss der Verkehr umgelenkt werden. Die<b> <\/b>Markierungsarbeiten fanden unter Vollsperrung statt. Danach stehen dem Verkehr Richtung Norden\/Fehmarn zwei und dem Verkehr Richtung S\u00fcden\/L\u00fcbeck ein Fahrstreifen zur Verf\u00fcgung. Die Umleitungen sind ausgeschildert. Die Anschlussstelle Ratekau wird nach der Verkehrsumlegung in Richtung S\u00fcden wieder ge\u00f6ffnet. Anschlie\u00dfend wird sie in Richtung Norden bis zum Ende der Ma\u00dfnahmen im Dezember 2025 gesperrt.<\/p>\n<p>Baustelle A7<\/p>\n<p class=\"Textstyled__Text-sc-1cqv9mi-0 cLyiiX\"><b>A7 \u2013 55-Stunden-Vollsperrung zwischen den Anschlussstellen Hamburg-Stellingen und Hamburg-Heimfeld, 5. bis 8. Dezember 2025:<\/b> Zur Zeit wird die A7 im Bereich der K20 Hochstra\u00dfe Elbmarsch von sechs auf acht Fahrstreifen erweitert. F\u00fcr weitere Arbeiten muss die Fahrbahn in beide Richtungen vom 5. Dezember, <b>22 Uhr<\/b>, bis 8. Dezember, <b>5 Uhr<\/b>, gesperrt werden. Die Rampen f\u00fcr Hamburg-Volkspark, -Bahrenfeld, -Othmarschen, -Waltershof, -Hausbruch und -Heimfeld werden bereits ab 21 Uhr am Freitag gesperrt. Eine Umleitung ist ausgeschildert. <\/p>\n<p>Weiterlesen nach der Anzeige<\/p>\n<p>Weiterlesen nach der Anzeige<\/p>\n<p>Baustelle A21<\/p>\n<p class=\"Textstyled__Text-sc-1cqv9mi-0 cLyiiX\"><b>A21 \u2013 Beidseitige Fahrbahnerneuerung zwischen Leezen und Bad Oldesloe-Nord, heute bis voraussichtlich Dezember 2026:<\/b> Die Fahrbahn zwischen den Anschlussstellen Leezen und Bad Oldesloe-Nord soll in beide Richtungen erneuert werden. Zum Aufbau der Baustelle stehen nur ein Fahrstreifen pro Richtung zur Verf\u00fcgung. <b>Seit dem 28. April<\/b> laufen die Arbeiten an der Fahrbahn Richtung Kiel. W\u00e4hrend der Arbeiten steht nur ein Fahrstreifen pro Richtung zur Verf\u00fcgung. Im Februar 2026 soll der Abschnitt fertig werden und die Fahrbahn in Richtung Bargteheide wird erneuert. Daf\u00fcr wird der Verkehr auf die neue Fahrbahn Richtung Kiel gelegt. Im Dezember 2026 sollen die Arbeiten voraussichtlich abgeschlossen sein. Eine Umleitung f\u00fcr die n\u00e4chtliche Sperrung ist eingerichtet. Der \u00fcberregionale Verkehr wird ab Bad Segeberg \u00fcber die A20 und die A1 geleitet. F\u00fcr den regionalen Verkehr f\u00fchren ab Anschlussstelle Leezen die Umleitungen U98 und U96 zum Anschluss Bad Oldesloe-S\u00fcd.<\/p>\n<p>Baustelle A23<\/p>\n<p class=\"Textstyled__Text-sc-1cqv9mi-0 cLyiiX\"><b>A23 \u2013 Vollsperrung der Anschlussstelle Heide-West Richtung Husum, heute bis voraussichtlich 28. November 2025:<\/b> Wegen der Instandsetzung zwischen den Anschlussstellen Heide-S\u00fcd und Heide-West wird die Anschlussstelle Heide-West voll gesperrt werden. Die Anschlussstelle Heide-West in Richtung S\u00fcden ist befahrbar. <b>Umleitungen:<\/b> Autofahrer auf der Fahrbahn Richtung West mit dem Ziel Heide nutzen die Abfahrt der Anschlussstelle Heide-S\u00fcd und werden in Richtung Heide geleitet. Verkehrsteilnehmer mit dem Ziel B\u00fcsum nutzen die Abfahrt Albersdorf und werden von dort in Richtung B\u00fcsum geleitet. Die Verkehre aus B\u00fcsum mit den Zielen Richtung Husum folgen der Bedarfs-Umleitung und werden zur Anschlussstelle Heide-S\u00fcd gef\u00fchrt. <\/p>\n<p class=\"Textstyled__Text-sc-1cqv9mi-0 cLyiiX\"><b>A23 &#8211; Sperrung im Bereich der Br\u00fccke \u00fcber Nordostsee-Kanal, heute bis 19. November 2025: <\/b>Die Tagesbaustellen in beiden Richtungsfahrbahnen im Bereich der Br\u00fccke \u00fcber dem NOK bei Schafstedt erfolgt aufgrund von Br\u00fcckenwartungen. Zwischen dem 17. und 19 November kommt es zu tempor\u00e4ren Sperrungen.<\/p>\n<p>Weiterlesen nach der Anzeige<\/p>\n<p>Weiterlesen nach der Anzeige<\/p>\n<p>Baustelle B5<\/p>\n<p class=\"Textstyled__Text-sc-1cqv9mi-0 cLyiiX\"><b>B5 \u2013 N\u00e4chtliche Vollsperrung zwischen T\u00f6nning und Rothenspieker, heute bis 21. November 2025:<\/b> \u00dcber Nacht m\u00fcssen notwendige Br\u00fcckenbauarbeiten an der B5 durchgef\u00fchrt werden. Daf\u00fcr wird die Fahrbahn gesperrt. Die Sperrungen finden zu folgenden Zeiten statt:<\/p>\n<ul class=\"Liststyled__UnorderedList-sc-1ck6pl2-1 iyAmNN\" data-testid=\"list\">\n<li class=\"ListItemstyled__ListItem-sc-u7ur86-0 cvVRXc\"><b>18. November, 20 Uhr, bis 19. November um 4 Uhr<\/b><\/li>\n<li class=\"ListItemstyled__ListItem-sc-u7ur86-0 cvVRXc\"><b>19. November, 14 Uhr, bis 20. November um 4 Uhr<\/b><\/li>\n<li class=\"ListItemstyled__ListItem-sc-u7ur86-0 cvVRXc\"><b>20. November, 20 Uhr, bis 21. November um 4 Uhr<\/b><\/li>\n<\/ul>\n<p class=\"Textstyled__Text-sc-1cqv9mi-0 cLyiiX\">Die Arbeiten sind witterungsabh\u00e4ngig, terminliche Verschiebungen m\u00f6glich. Die ausgeschilderte Umleitung in Richtung T\u00f6nning f\u00fchrt ab B\u00fctteleck \u00fcber die B202 nach Friedrichstadt, die L149 bis B\u00f6sb\u00fcttel, die L156 durch Lehe, Lunden und Hemme zur\u00fcck auf die B5. In Richtung Husum wird der Verkehr ab Hemme, \u00fcber die L156 durch Lunden und Lehe, die L149 bis Friedrichstadt sowie die Bundesstra\u00dfe 202 zur B5 umgeleitet.<\/p>\n<p>Baustelle B200 <\/p>\n<p class=\"Textstyled__Text-sc-1cqv9mi-0 cLyiiX\"><b>B200 \u2013 Vollsperrung der Flensburger Anschlussstellen Rude und Zentrum, heute bis voraussichtlich 25. November: <\/b>Der LBV.SH erneuert die besch\u00e4digten Anschlussstellen der Bundesstra\u00dfe 200 in in Fahrtrichtung A7. Um Einschr\u00e4nkungen gering zu halten, werden die Anschlussstellen nacheinander erneuert:<\/p>\n<p>Weiterlesen nach der Anzeige<\/p>\n<p>Weiterlesen nach der Anzeige<\/p>\n<ul class=\"Liststyled__UnorderedList-sc-1ck6pl2-1 iyAmNN\" data-testid=\"list\">\n<li class=\"ListItemstyled__ListItem-sc-u7ur86-0 cvVRXc\"><b>heute, 9 Uhr, bis 25. November, 16 Uhr:<\/b> Anschlussstelle Zentrum<\/li>\n<\/ul>\n<p class=\"Textstyled__Text-sc-1cqv9mi-0 cLyiiX\"><b>Umleitungen: <\/b>Die Umleitung f\u00fcr die Anschlussstelle Rude f\u00fchrt auf der B200 in Fahrtrichtung A7 bis zur Anschlussstelle Jarplund\/Weiche und dort zur\u00fcck auf die B200 Richtung D\u00e4nemark zur Anschlussstelle Rude. Der Verkehr von der Husumer Stra\u00dfe\u201c (K25) auf B200 in Richtung A7 wird an der AS Rude auf die B200 Richtung D\u00e4nemark bis zur AS Zentrum und dort zur\u00fcck auf die B200 Richtung A7 gef\u00fchrt. <\/p>\n<p class=\"Textstyled__Text-sc-1cqv9mi-0 cLyiiX\">F\u00fcr die anschlie\u00dfenden Arbeiten der Anschlussstelle Zentrum wird der Verkehr Richtung A7 auf der B200 bis zur AS Rude zur\u00fcck und dort zur\u00fcck auf die B200 in Fahrtrichtung Flensburg bis Zentrum gef\u00fchrt. Von der B199 (\u201eAm Friedensh\u00fcgel\u201c) auf die B200 Richtung Autobahn wird der Verkehr ab Zentrum \u00fcber die B200-Richtungsfahrbahn D\u00e4nemark bis zur AS Duburg und dort auf die B200 nach S\u00fcden umgeleitet.<\/p>\n<p>Baustelle B202<\/p>\n<p class=\"Textstyled__Text-sc-1cqv9mi-0 cLyiiX\"><b>B202 \u2013 Radweg- und Fahrbahnerneuerung zwischen Katharinenheerd und T\u00f6nning, heute bis Ende M\u00e4rz 2026:<\/b> Die besch\u00e4digte Fahrbahn, der Radweg und die beiden Rastpl\u00e4tze der Bundesstra\u00dfe 202 m\u00fcssen erneuert werden. Daf\u00fcr wird die Fahrbahn voll gesperrt. Die Arbeiten werden in zwei Bauabschnitte unterteilt:<\/p>\n<p>Weiterlesen nach der Anzeige<\/p>\n<p>Weiterlesen nach der Anzeige<\/p>\n<ul class=\"Liststyled__UnorderedList-sc-1ck6pl2-1 iyAmNN\" data-testid=\"list\">\n<li class=\"ListItemstyled__ListItem-sc-u7ur86-0 cvVRXc\"><b>Bauabschnitt 2:<\/b> Einm\u00fcndung \u201eSchwarzhof\u201c (K132) bis \u201eGardinger Chaussee\u201c (L241). Das genaue Datum wird vom LBV.SH noch bekannt gegeben.<\/li>\n<\/ul>\n<p class=\"Textstyled__Text-sc-1cqv9mi-0 cLyiiX\"><b>Umleitungen:<\/b> Ab Tating wird der Verkehr \u00fcber die L33 und die L305 durch Welt sowie die L241 bis T\u00f6nning gef\u00fchrt und umgekehrt. Autofahrer, die aus Husum kommen, folgen der B202 ab Vo\u00dfkuhle \u00fcber die L31 Richtung Uelvesb\u00fcll, der L310 zum Norderheverkroog und der L34 bis Garding. Die Arbeiten sind witterungsabh\u00e4ngig, terminliche Verschiebungen daher m\u00f6glich.<\/p>\n<p>Baustelle L1<\/p>\n<p class=\"Textstyled__Text-sc-1cqv9mi-0 cLyiiX\"><b>L1 \u2013 Entw\u00e4sserungsarbeiten zwischen Weesby und Medelby, heute bis 19. Dezember 2025:<\/b> Zwischen Weesby und Medelby wird der Verkehr einspurig an den Entw\u00e4sserungsarbeiten auf der Landesstra\u00dfe 1 vorbeigef\u00fchrt. Es handelt sich dabei um Vorbereitungsma\u00dfnahmen f\u00fcr die geplante Fahrbahnerneuerung. Der Verkehr wird \u00fcber eine mobile Ampel geregelt. <\/p>\n<p>Baustelle L26<\/p>\n<p class=\"Textstyled__Text-sc-1cqv9mi-0 cLyiiX\"><b>L26 \u2013 Sperrung der L26 zwischen Klein Waabs und Karlsminde, heute bis 24. November 2025: <\/b>Damit der Asphalt erneuert werden kann, wird die L26 zwischen Klein Waabs und Karlsminde voll gesperrt.<b> <\/b>Die Umleitung f\u00fchrt ab Klein Waabs \u00fcber die L26 nach Vogelsang-Gr\u00fcnholz, die B203 bis Loose sowie die K58 Richtung Karlsminde zur L26 und umgekehrt.<\/p>\n<p>Weiterlesen nach der Anzeige<\/p>\n<p>Weiterlesen nach der Anzeige<\/p>\n<p>Baustelle L83<\/p>\n<p class=\"Textstyled__Text-sc-1cqv9mi-0 cLyiiX\"><b>L83 \u2013 Vollsperrung f\u00fcr Br\u00fcckenneubau bei Dreggers, heute bis voraussichtlich 18. Dezember 2025:<\/b> Die besch\u00e4digte Tegelbekbr\u00fccke zwischen Dreggers und Klein Gladebr\u00fcgge wird durch einen Neubau ersetzt. F\u00fcr die Bauarbeiten wird die Stra\u00dfe komplett gesperrt. Eine <b>Umleitung <\/b>ist eingerichtet. Sie f\u00fchrt ab Dreggers \u00fcber die L84 bis B\u00fchnsdorf, die K8 nach Alteng\u00f6rs, die K7 bis zur B206 nach Bad Segeberg sowie die L83 nach Klein Gladebr\u00fcgge und umgekehrt. Die Arbeiten sind witterungsabh\u00e4ngig, terminliche Verschiebungen sind m\u00f6glich.<\/p>\n<p>Baustelle L116<\/p>\n<p class=\"Textstyled__Text-sc-1cqv9mi-0 cLyiiX\"><b>L116 \u2013 Vollsperrung zwischen L\u00e4gerdorf und Breitenburg (Grube Saturn), heute bis Ende Dezember 2026:<\/b> Der LBV.SH erneuert die besch\u00e4digte Landesstra\u00dfe 116 inklusive des begleitenden Radwegs. Die Arbeiten k\u00f6nnen nur unter Vollsperrung durchgef\u00fchrt werden. Die ausgeschilderte <b>Umleitung <\/b>f\u00fchrt ab L\u00e4gerdorf \u00fcber die K64 durch M\u00fcnsterdorf sowie die L119 bis Itzehoe zur L116 Richtung Breitenburg und umgekehrt.<\/p>\n<p class=\"Textstyled__Text-sc-1cqv9mi-0 cLyiiX\">Die Asphaltschicht soll <b>ab Herbst 2026<\/b> erneuert werden und die Fahrbahn f\u00fcr den Verkehr voraussichtlich Anfang 2027 wieder frei sein, teilt der LBV.SH mit.<\/p>\n<p>Weiterlesen nach der Anzeige<\/p>\n<p>Weiterlesen nach der Anzeige<\/p>\n<p>Baustelle L121<\/p>\n<p class=\"Textstyled__Text-sc-1cqv9mi-0 cLyiiX\"><b>L121 \u2013 Sperrung in Hohenlockstedt, heute bis Mitte Dezember 2025:<\/b> Die L121 durch Hohenlockstedt wird zwischen Wasserturm und der Tankstelle saniert. Grundst\u00fccke im Baubereich sind nur zu Fu\u00df zu erreichen. Die <b>Umleitung <\/b>f\u00fchrt \u00fcber die B206 Richtung M\u00fchlenbarbek sowie die Hermann-L\u00f6ns-Stra\u00dfe zur L121 Richtung Aukrug und umgekehrt. Es ist der erste Abschnitt einer vierzehn Bauabschnitt langen Sanierung der Kieler Stra\u00dfe zwischen B206 und der Kreuzung Wasserturm. Die Sanierung aller Abschnitte soll Ende Oktober 2026 abgeschlossen sein. <\/p>\n<p>Baustelle L135<\/p>\n<p class=\"Textstyled__Text-sc-1cqv9mi-0 cLyiiX\"><b>L135 \u2013 Sperrung zweier Br\u00fccken zwischen Wilster und Bekm\u00fcnde, heute bis 28. November 2025:<\/b> Zwei Br\u00fccken an der L135 zwischen Wilster und Bekm\u00fcnde \u00fcber die B5 sowie \u00fcber die Moorhusener Wettern werden saniert. Daf\u00fcr m\u00fcssen die Br\u00fccken f\u00fcr den motorisierten Verkehr gesperrt werden. Eine Umleitung f\u00fchrt \u00fcber die L136, die B5 und die L135. W\u00e4hrend der Bauarbeiten wird die B5 zwischen den Anschlussstellen Bekdorf und Wilster f\u00fcr den landwirtschaftlichen Verkehr mit einer zul\u00e4ssigen Geschwindigkeit von mehr als 40 Stundenkilometer freigegeben.<\/p>\n<p>Baustelle L144<\/p>\n<p class=\"Textstyled__Text-sc-1cqv9mi-0 cLyiiX\"><b>L144 \u2013 Sperrung zwischen Friedrichskoog und Kornprinzkoog, heute bis voraussichtlich 16. Dezember 2025:<\/b> Zwischen dem Maa\u00dfenweg im Friedrichskoog und Kirchenstra\u00dfe im Kronprinzenkoog wird der besch\u00e4digte Radweg erneuert. W\u00e4hrend der Arbeiten ist die Stra\u00dfe gesperrt. Die Umleitung f\u00fchrt ab Kronprinzenkoog \u00fcber die L 143 , die K 13 Richtung Dieksanderkoog sowie die L 177 durch Friedrichskoog zur L 144 und umgekehrt.<\/p>\n<p>Weiterlesen nach der Anzeige<\/p>\n<p>Weiterlesen nach der Anzeige<\/p>\n<p>Baustelle L309<\/p>\n<p class=\"Textstyled__Text-sc-1cqv9mi-0 cLyiiX\"><b>L309 \u2013 Sanierung des Radweges zwischen P\u00f6nitz und Lehmkamp, heute bis voraussichtlich Ende November 2025: <\/b>Der Radweg entlang der Landesstra\u00dfe 309 zwischen P\u00f6nitz, Ekelsdorf und Lehmkamp wird erneuert. Dazu muss der Radweg voll gesperrt werden. Zudem kommt es zu zeitweisen, partiellen Einengungen der Fahrbahn. Der Radverkehr wird w\u00e4hrend der Bauzeit auf die Fahrbahn umgeleitet. Die in der Baustrecke liegenden Hausgrundst\u00fccke sind weitestgehend erreichbar. W\u00e4hrend der Fr\u00e4sarbeiten und des Asphalteinbaues ist die Erreichbarkeit der Hausgrundst\u00fccke nicht immer m\u00f6glich. Die genauen Termine hierf\u00fcr werden den Anliegerinnen und Anliegern von der Baufirma vor Ort rechtzeitig via Wurfzettel bekannt gegeben. Anwohnerfahrzeuge sollten dann au\u00dferhalb der Sperrbereiche geparkt werden.<\/p>\n<p class=\"Textstyled__Text-sc-1cqv9mi-0 cLyiiX\"><b>L309 \u2013 Fahrbahn- und Radwegerneuerung zwischen S\u00fcsel und Lehmkamp, heute bis Ende 2025:<\/b> Seit dem 4. Juli 2025 ist die Landesstra\u00dfe 309 zwischen Lehmkamp und S\u00fcseler Baum wieder f\u00fcr den Verkehr freigegeben. Aber: Durch anschlie\u00dfende Restarbeiten (Pflaster- und Br\u00fcckenbauarbeiten) kommt es voraussichtlich bis Ende 2025 zu kurzfristigen Verkehrseinschr\u00e4nkungen. Dabei sind auch halbseitige Sperrungen mit Verkehrsf\u00fchrung \u00fcber eine mobile Ampel m\u00f6glich. Das Gute: Vollsperrungen werden nicht notwendig sein.<\/p>\n<p>Baustelle K16<\/p>\n<p class=\"Textstyled__Text-sc-1cqv9mi-0 cLyiiX\"><b>K16 \u2013 Sanierung zwischen Stohl und Strande, heute bis 12. Dezember 2025:<\/b> Die Stra\u00dfe sowie Radweg wird zwischen der Kreuzung von Kohler Landstra\u00dfe und Eckernf\u00f6rder Stra\u00dfe bis zur Kreisgrenze saniert. Die Bauarbeiten finden in sechs Bauabschnitten statt. W\u00e4hrend der Bauarbeiten sind die betroffenen Bereiche gesperrt: <\/p>\n<ul class=\"Liststyled__UnorderedList-sc-1ck6pl2-1 iyAmNN\" data-testid=\"list\">\n<li class=\"ListItemstyled__ListItem-sc-u7ur86-0 cvVRXc\"><b>Bauabschnitt 1 (heute bis 1. Dezember): <\/b>Kreuzung Stohler Landstra\u00dfe und Eckernf\u00f6rder Str\u00dfe bis Einm\u00fcndung Redderkamp<\/li>\n<li class=\"ListItemstyled__ListItem-sc-u7ur86-0 cvVRXc\"><b>Bauabschnitt 3 + 4 (heute):<\/b> Kreisverkehr Strande und Stohler Landstra\u00dfe 31<\/li>\n<li class=\"ListItemstyled__ListItem-sc-u7ur86-0 cvVRXc\"><b>Bauabschnitt 5 (13. November bis 1. Dezember):<\/b> Kreisverkehr Strande bis Kiel <\/li>\n<li class=\"ListItemstyled__ListItem-sc-u7ur86-0 cvVRXc\"><b>Bauabschnitt 6 (2. Dezember bis 12. Dezember):<\/b> Kreisverkehr und etwa 550 Meter der D\u00e4nischenhagener Stra\u00dfe in Richtung D\u00e4nischenhagen <\/li>\n<\/ul>\n<p class=\"Textstyled__Text-sc-1cqv9mi-0 cLyiiX\">W\u00e4hrend des <b>1. Bauabschnitts<\/b> wird der Verkehr Richtung Strande \u00fcber die K16 und anschlie\u00dfend die L44 \u00fcber Sprenge auf die B503 geleitet. \u00dcber die B503 verl\u00e4uft die Umleitung bis D\u00e4nischenhagen und von dort \u00fcber die K18 zur\u00fcck auf die K16. Der Verkehr nach Stohl folgt der gleichen Strecke in umgekehrter Richtung.<\/p>\n<p>Weiterlesen nach der Anzeige<\/p>\n<p>Weiterlesen nach der Anzeige<\/p>\n<p class=\"Textstyled__Text-sc-1cqv9mi-0 cLyiiX\">W\u00e4hrend des <b>5. Bauabschnitts <\/b>f\u00fchrt die Umleitung Richtung Schilksee \u00fcber die K18 Richtung D\u00e4nischenhagen bis auf die B503 und folgt dieser bis zur Abfahrt Altenholz-Klausdorf. \u00dcber die K5 wird der Verkehr zur\u00fcck auf die K16 geleitet. Der Verkehr nach Strande folgt der gleichen Strecke in umgekehrter Richtung.<\/p>\n<p>Baustelle K17<\/p>\n<p class=\"Textstyled__Text-sc-1cqv9mi-0 cLyiiX\"><b>K17 \u2013 Sanierungsarbeiten an der Kreisstra\u00dfe 17\/Altonaer Stra\u00dfe in Rellingen, heute bis voraussichtlich 27. November 2025:<\/b> F\u00fcr Ausbesserungsarbeiten an der Asphaltdecke zwischen der M\u00f6wenstra\u00dfe und dem Schnelsener Weg muss ab dem 13. November mit Verkehrsbehinderungen gerechnet werden. Die Sanierungsarbeiten sollen etwa zwei Wochen dauern. <\/p>\n<p>Baustelle K23<\/p>\n<p class=\"Textstyled__Text-sc-1cqv9mi-0 cLyiiX\"><b>K23 \u2013 Vollsperrung der Wittenberger Stra\u00dfe in Elmshorn, heute bis voraussichtlich Anfang Dezember 2025:<\/b> Weil die Fahrbahn saniert wird, ist die Wittenberger Stra\u00dfe (K23) in Elmshorn f\u00fcr rund vier Wochen gesperrt. Die Sperrung beginnt am Montag, 6. November, um sechs Uhr. Die Sperrung ist zwischen der Kreuzung Neuenkampsweg (H\u00f6he Esso-Tankstelle) und der Kreuzung K\u00f6llner Chaussee\/\u00dcbergang nach K\u00f6lln-Reisiek. Radfahrer und Fu\u00dfg\u00e4nger k\u00f6nnen die Strecke weiter passieren.<\/p>\n<p>Weiterlesen nach der Anzeige<\/p>\n<p>Weiterlesen nach der Anzeige<\/p>\n<p>Baustelle K37<\/p>\n<p class=\"Textstyled__Text-sc-1cqv9mi-0 cLyiiX\"><b>K37 \u2013 Br\u00fcckeninstandsetzung zwischen Ehndorf und Neum\u00fcnster, heute bis voraussichtlich 28. November 2025:<\/b> Der LBV.SH f\u00fchrt Bauarbeiten an der Br\u00fccke \u00fcber die Bullenbek durch. Daf\u00fcr wird die Fahrbahn halbseitig gesperrt und der angrenzende Geh- und Radweg. Der Verkehr wird \u00fcber eine Ampel am Baubereich vorbeigef\u00fchrt. F\u00fcr den Geh- und Radweg wird eine \u00dcberf\u00fchrung eingerichtet.<\/p>\n<p>Baustelle K60<\/p>\n<p class=\"Textstyled__Text-sc-1cqv9mi-0 cLyiiX\"><b>K60 &#8211; Vollsperrung in Wahlstedt zwischen Rendsburger Stra\u00dfe und Gro\u00dfh\u00f6rn, heute bis Fr\u00fchsommer 2026:<\/b> Die komplette Bauma\u00dfnahme der K102\/K60\/K73 soll vorraussichtlich im April 2027 beendet sein. Ab dem<b> 27. Oktober<\/b> beginnt die <b>zweite Bauphase<\/b>. Daf\u00fcr werden die Rendsburger Stra\u00dfe und die Stra\u00dfe gro\u00dfhorn vollgeperrt. Der Vekehr wird umgeleitet. Ebenfalls kann es zu einzelnen kurzfristigen Sperrungen kommen. Voraussichtlich im <b>Fr\u00fchsommer 2026<\/b> soll dieser Abschnitt der K61 fertig gestellt sein. Danach soll Bauphase drei starten, Gro\u00dfhorn bis zum Bahn\u00fcbergang. <\/p>\n<p>Baustelle K61<\/p>\n<p class=\"Textstyled__Text-sc-1cqv9mi-0 cLyiiX\"><b>K61 \u2013 Vollsperrung wegen Fahrbahnerneuerung zwischen R\u00f6bel und Bujendorf, heute bis voraussichtlich 12. Dezember 2025:<\/b> Die besch\u00e4digte Kreisstra\u00dfe 61 (Ahornstra\u00dfe) einschlie\u00dflich der Ortsdurchfahrten von R\u00f6bel und Bujendorf m\u00fcssen erneuert werden. Daf\u00fcr wird die Stra\u00dfe voll gesperrt. Die Bauma\u00dfnahme wird in drei Bauabschnitte eingeteilt:<\/p>\n<p>Weiterlesen nach der Anzeige<\/p>\n<p>Weiterlesen nach der Anzeige<\/p>\n<ul class=\"Liststyled__UnorderedList-sc-1ck6pl2-1 iyAmNN\" data-testid=\"list\">\n<li class=\"ListItemstyled__ListItem-sc-u7ur86-0 cvVRXc\"><b>Bauabschnitt 2:<\/b> K61 (Ahornstra\u00dfe\/Hohe Wehde) zwischen R\u00f6bel und Bujendorf<\/li>\n<li class=\"ListItemstyled__ListItem-sc-u7ur86-0 cvVRXc\"><b>Bauabschnitt 3:<\/b> Ortsdurchfahrt Bujendorf<\/li>\n<\/ul>\n<p class=\"Textstyled__Text-sc-1cqv9mi-0 cLyiiX\">Die genauen Zeitpunkte der Bauabschnitte werden vom LBV.SH noch bekannt gegeben. Die ausgeschilderte <b>Umleitung <\/b>f\u00fchrt ab R\u00f6bel \u00fcber die B76 nach S\u00fcsel sowie die L309 bis Neustadt zur K61 Richtung Bujendorf und umgekehrt. Die Arbeiten sind witterungsabh\u00e4ngig, terminliche Verschiebungen sind daher m\u00f6glich.<\/p>\n<p>Stra\u00dfennetz in Schleswig-Holstein<\/p>\n<p class=\"Textstyled__Text-sc-1cqv9mi-0 cLyiiX\">Schleswig-Holstein verf\u00fcgt \u00fcber ein <a href=\"https:\/\/www.schleswig-holstein.de\/DE\/fachinhalte\/S\/strassen\/strassennetz.html\" target=\"_blank\" data-vars-event-category=\"intext_link\" data-vars-event-action=\"click\" data-vars-event-label=\"https:\/\/www.schleswig-holstein.de\/DE\/fachinhalte\/S\/strassen\/strassennetz.html\" rel=\"nofollow noopener\">leistungsf\u00e4higes Stra\u00dfennetz<\/a>: Die <b>Autobahn<\/b>-Hauptachsen laufen von Heide (<b>A 23<\/b>), Flensburg (<b>A 7<\/b>), Kiel (<b>A 215 \/ A 7<\/b>), und Heiligenhafen\/L\u00fcbeck (<b>A 1<\/b>) auf Hamburg zu. Ein dichtes Netz von <b>Bundesstra\u00dfen<\/b>, <b>Landesstra\u00dfen <\/b>und <b>kommunalen Stra\u00dfen<\/b> erschlie\u00dft die Fl\u00e4che und dient als Zubringer f\u00fcr die Autobahnen.<\/p>\n<p>Weiterlesen nach der Anzeige<\/p>\n<p>Weiterlesen nach der Anzeige<\/p>\n<ul class=\"Liststyled__UnorderedList-sc-1ck6pl2-1 iyAmNN\" data-testid=\"list\">\n<li class=\"ListItemstyled__ListItem-sc-u7ur86-0 cvVRXc\"><b>Autobahnen in Schleswig-Holstein:<\/b> 545,108 Kilometer.<\/li>\n<li class=\"ListItemstyled__ListItem-sc-u7ur86-0 cvVRXc\"><b>Bundesstra\u00dfen in Schleswig-Holstein: <\/b> 1532,280 Kilometer.<\/li>\n<li class=\"ListItemstyled__ListItem-sc-u7ur86-0 cvVRXc\"><b>Landesstra\u00dfen in Schleswig-Holstein:<\/b> 3672,442 Kilometer.<\/li>\n<li class=\"ListItemstyled__ListItem-sc-u7ur86-0 cvVRXc\"><b>Kreisstra\u00dfen in Schleswig-Holstein:<\/b> 4124,727 Kilometer.<\/li>\n<li class=\"ListItemstyled__ListItem-sc-u7ur86-0 cvVRXc\"><b>Gesamtl\u00e4nge der Stra\u00dfen in Schleswig-Holstein:<\/b> 9874,557 Kilometer.<\/li>\n<\/ul>\n<p class=\"Editorialstyled__Editorial-sc-1bfvh9l-0 cSmjnJ\">KN<\/p>\n","protected":false},"excerpt":{"rendered":"Kiel. 9874,557 Kilometer betr\u00e4gt das Stra\u00dfennetz in SH\u2013 und das will erhalten werden. Wo heute und in Zukunft&hellip;\n","protected":false},"author":2,"featured_media":478269,"comment_status":"","ping_status":"","sticky":false,"template":"","format":"standard","meta":{"footnotes":""},"categories":[1852],"tags":[3364,29,548,663,3934,30,13,4949,14,15,12,1971],"class_list":{"0":"post-585450","1":"post","2":"type-post","3":"status-publish","4":"format-standard","5":"has-post-thumbnail","7":"category-kiel","8":"tag-de","9":"tag-deutschland","10":"tag-eu","11":"tag-europa","12":"tag-europe","13":"tag-germany","14":"tag-headlines","15":"tag-kiel","16":"tag-nachrichten","17":"tag-news","18":"tag-schlagzeilen","19":"tag-schleswig-holstein"},"share_on_mastodon":{"url":"https:\/\/pubeurope.com\/@de\/115572957709460147","error":""},"_links":{"self":[{"href":"https:\/\/www.europesays.com\/de\/wp-json\/wp\/v2\/posts\/585450","targetHints":{"allow":["GET"]}}],"collection":[{"href":"https:\/\/www.europesays.com\/de\/wp-json\/wp\/v2\/posts"}],"about":[{"href":"https:\/\/www.europesays.com\/de\/wp-json\/wp\/v2\/types\/post"}],"author":[{"embeddable":true,"href":"https:\/\/www.europesays.com\/de\/wp-json\/wp\/v2\/users\/2"}],"replies":[{"embeddable":true,"href":"https:\/\/www.europesays.com\/de\/wp-json\/wp\/v2\/comments?post=585450"}],"version-history":[{"count":0,"href":"https:\/\/www.europesays.com\/de\/wp-json\/wp\/v2\/posts\/585450\/revisions"}],"wp:featuredmedia":[{"embeddable":true,"href":"https:\/\/www.europesays.com\/de\/wp-json\/wp\/v2\/media\/478269"}],"wp:attachment":[{"href":"https:\/\/www.europesays.com\/de\/wp-json\/wp\/v2\/media?parent=585450"}],"wp:term":[{"taxonomy":"category","embeddable":true,"href":"https:\/\/www.europesays.com\/de\/wp-json\/wp\/v2\/categories?post=585450"},{"taxonomy":"post_tag","embeddable":true,"href":"https:\/\/www.europesays.com\/de\/wp-json\/wp\/v2\/tags?post=585450"}],"curies":[{"name":"wp","href":"https:\/\/api.w.org\/{rel}","templated":true}]}}