{"id":585620,"date":"2025-11-18T23:41:12","date_gmt":"2025-11-18T23:41:12","guid":{"rendered":"https:\/\/www.europesays.com\/de\/585620\/"},"modified":"2025-11-18T23:41:12","modified_gmt":"2025-11-18T23:41:12","slug":"uwe-becker-hat-sich-als-kind-nicht-ganz-an-die-reihenfolge-bei-den-tuerchen-gehalten","status":"publish","type":"post","link":"https:\/\/www.europesays.com\/de\/585620\/","title":{"rendered":"Uwe Becker hat sich als Kind nicht ganz an die Reihenfolge bei den T\u00fcrchen gehalten"},"content":{"rendered":"<p class=\"text_ohne_einzug richtext text-em-55 !leading-serif mx-6 desktop:mx-0\">Der neue Wuppertaler Abfallkalender der AWG h\u00e4ngt bereits in meinem B\u00fcro. Der Kalender kommt, wie jedes Jahr, in einer strengen Sachlichkeit daher, dass es nur so eine Freude ist. Er begleitet mich informativ, zwar humorlos, aber pragmatisch durch das ganze Jahr. Er beschr\u00e4nkt sich auf das N\u00f6tigste: Feiertage, Ferienzeiten und die Abfuhrtage. Und f\u00fcr jeden Tag schenkt er mir einen kleinen Raum, um wichtige oder weniger wichtige Termine einzutragen. Er kommt ganz ohne bunte Bilder aus.<\/p>\n","protected":false},"excerpt":{"rendered":"Der neue Wuppertaler Abfallkalender der AWG h\u00e4ngt bereits in meinem B\u00fcro. Der Kalender kommt, wie jedes Jahr, in&hellip;\n","protected":false},"author":2,"featured_media":585621,"comment_status":"","ping_status":"","sticky":false,"template":"","format":"standard","meta":{"footnotes":""},"categories":[1840],"tags":[55756,25483,67929,28137,3364,29,30,25486,1460,477,1209,18850,140395,6441,80137,20473,4418],"class_list":{"0":"post-585620","1":"post","2":"type-post","3":"status-publish","4":"format-standard","5":"has-post-thumbnail","7":"category-wuppertal","8":"tag-abfallkalender","9":"tag-adventskalender","10":"tag-basteln","11":"tag-becker","12":"tag-de","13":"tag-deutschland","14":"tag-germany","15":"tag-kalender","16":"tag-kind","17":"tag-kinderzimmer","18":"tag-nordrhein-westfalen","19":"tag-schokolade","20":"tag-tuerchen","21":"tag-uwe","22":"tag-wichtige","23":"tag-wichtiger","24":"tag-wuppertal"},"share_on_mastodon":{"url":"https:\/\/pubeurope.com\/@de\/115573351019574336","error":""},"_links":{"self":[{"href":"https:\/\/www.europesays.com\/de\/wp-json\/wp\/v2\/posts\/585620","targetHints":{"allow":["GET"]}}],"collection":[{"href":"https:\/\/www.europesays.com\/de\/wp-json\/wp\/v2\/posts"}],"about":[{"href":"https:\/\/www.europesays.com\/de\/wp-json\/wp\/v2\/types\/post"}],"author":[{"embeddable":true,"href":"https:\/\/www.europesays.com\/de\/wp-json\/wp\/v2\/users\/2"}],"replies":[{"embeddable":true,"href":"https:\/\/www.europesays.com\/de\/wp-json\/wp\/v2\/comments?post=585620"}],"version-history":[{"count":0,"href":"https:\/\/www.europesays.com\/de\/wp-json\/wp\/v2\/posts\/585620\/revisions"}],"wp:featuredmedia":[{"embeddable":true,"href":"https:\/\/www.europesays.com\/de\/wp-json\/wp\/v2\/media\/585621"}],"wp:attachment":[{"href":"https:\/\/www.europesays.com\/de\/wp-json\/wp\/v2\/media?parent=585620"}],"wp:term":[{"taxonomy":"category","embeddable":true,"href":"https:\/\/www.europesays.com\/de\/wp-json\/wp\/v2\/categories?post=585620"},{"taxonomy":"post_tag","embeddable":true,"href":"https:\/\/www.europesays.com\/de\/wp-json\/wp\/v2\/tags?post=585620"}],"curies":[{"name":"wp","href":"https:\/\/api.w.org\/{rel}","templated":true}]}}