{"id":585699,"date":"2025-11-19T00:24:43","date_gmt":"2025-11-19T00:24:43","guid":{"rendered":"https:\/\/www.europesays.com\/de\/585699\/"},"modified":"2025-11-19T00:24:43","modified_gmt":"2025-11-19T00:24:43","slug":"istanbul-hamburger-familie-starb-wohl-durch-vergiftung-in-hotel","status":"publish","type":"post","link":"https:\/\/www.europesays.com\/de\/585699\/","title":{"rendered":"Istanbul: Hamburger Familie starb wohl durch Vergiftung in Hotel"},"content":{"rendered":"<p>\n            Stand: 18.11.2025 19:58 Uhr<\/p>\n<p class=\"preface\">Nach dem Tod einer Familie aus Hamburg-Billstedt w\u00e4hrend ihres Urlaubs in Istanbul verdichten sich die Hinweise, dass sie durch eine Vergiftung in ihrem Hotel gestorben sind. <\/p>\n<p class=\"\">In einem vorl\u00e4ufigen toxikologischen Bericht der t\u00fcrkischen Rechtsmedizin hei\u00dft es, dass der Tod der vierk\u00f6pfigen Familie vorrangig durch eine chemische Vergiftung im Hotel verursacht worden sei. Das berichtete der Staatssender TRT am Dienstagabend unter Berufung auf das Dokument. Die Wahrscheinlichkeit einer Lebensmittelvergiftung wird darin als gering eingestuft. Die Untersuchungen seien aber noch nicht abgeschlossen.\u00a0<\/p>\n<p>    Vater starb am Montagabend<\/p>\n<p class=\"\">Nachdem die Mutter und ihre zwei kleinen Kinder vergangene Woche in Istanbul gestorben waren, <a href=\"https:\/\/www.ndr.de\/nachrichten\/hamburg\/hamburger-familie-in-istanbul-auch-vater-gestorben,istanbul-534.html\" title=\"Hamburger Familie in Istanbul: Auch Vater gestorben\" target=\"_blank\" rel=\"noopener\">starb am Montagabend auch der Vater in einem Istanbuler Krankenhaus<\/a>. Ermittler und Ermittlerinnen vermuteten zun\u00e4chst eine Lebensmittelvergiftung. Sie gingen aber auch Hinweisen auf eine Vergiftung durch Chemikalien nach, die Berichten zufolge bei der Bek\u00e4mpfung von Ungeziefer im Hotel der Familie verwendet wurden. Proben der gefundenen Chemikalien sollen noch untersucht werden.<\/p>\n<p class=\"\">Die Nachrichtenagentur DHA berichtete zuvor, nur Stunden vor den Vergiftungserscheinungen der Familie sei ein Zimmer im Erdgeschoss des Hotels mit einem Pestizid gegen Bettwanzen bespr\u00fcht worden.<\/p>\n<p>    Elf Verd\u00e4chtige festgenommen<\/p>\n<p class=\"\">Die Polizei hat bisher elf Verd\u00e4chtige in Gewahrsam genommen, darunter Hotelangestellte und Mitarbeiter einer Firma f\u00fcr Sch\u00e4dlingsbek\u00e4mpfung. Das Hotel der Familie war in den Fokus geraten, nachdem zwei weitere G\u00e4ste wegen \u00dcbelkeit und Erbrechen behandelt werden mussten.<\/p>\n<p>        <img decoding=\"async\" src=\"https:\/\/www.europesays.com\/de\/wp-content\/uploads\/2025\/11\/hotel-142.webp\" alt=\"Das Taksim-Krankenhaus in Istanbul.\" title=\"Das Taksim-Krankenhaus in Istanbul. | Mirjam Schmitt\/dpa\" class=\"responsive\" loading=\"lazy\"\/><\/p>\n<p>Zuvor waren seine Frau und zwei Kinder im T\u00fcrkei-Urlaub gestorben. Toxikologische Gutachten sollen Aufschluss \u00fcber die Todesursache geben.<\/p>\n<p>Dieses Thema im Programm:<\/p>\n<p>                NDR Fernsehen | Hamburg Journal | 18.11.2025 | 19:30 Uhr<\/p>\n","protected":false},"excerpt":{"rendered":"Stand: 18.11.2025 19:58 Uhr Nach dem Tod einer Familie aus Hamburg-Billstedt w\u00e4hrend ihres Urlaubs in Istanbul verdichten sich&hellip;\n","protected":false},"author":2,"featured_media":585700,"comment_status":"","ping_status":"","sticky":false,"template":"","format":"standard","meta":{"footnotes":""},"categories":[1826],"tags":[29,3688,30,692,145,101919,12219],"class_list":{"0":"post-585699","1":"post","2":"type-post","3":"status-publish","4":"format-standard","5":"has-post-thumbnail","7":"category-hamburg","8":"tag-deutschland","9":"tag-essen","10":"tag-germany","11":"tag-hamburg","12":"tag-istanbul","13":"tag-lebensmittelvergiftung","14":"tag-tote"},"share_on_mastodon":{"url":"https:\/\/pubeurope.com\/@de\/115573520222599172","error":""},"_links":{"self":[{"href":"https:\/\/www.europesays.com\/de\/wp-json\/wp\/v2\/posts\/585699","targetHints":{"allow":["GET"]}}],"collection":[{"href":"https:\/\/www.europesays.com\/de\/wp-json\/wp\/v2\/posts"}],"about":[{"href":"https:\/\/www.europesays.com\/de\/wp-json\/wp\/v2\/types\/post"}],"author":[{"embeddable":true,"href":"https:\/\/www.europesays.com\/de\/wp-json\/wp\/v2\/users\/2"}],"replies":[{"embeddable":true,"href":"https:\/\/www.europesays.com\/de\/wp-json\/wp\/v2\/comments?post=585699"}],"version-history":[{"count":0,"href":"https:\/\/www.europesays.com\/de\/wp-json\/wp\/v2\/posts\/585699\/revisions"}],"wp:featuredmedia":[{"embeddable":true,"href":"https:\/\/www.europesays.com\/de\/wp-json\/wp\/v2\/media\/585700"}],"wp:attachment":[{"href":"https:\/\/www.europesays.com\/de\/wp-json\/wp\/v2\/media?parent=585699"}],"wp:term":[{"taxonomy":"category","embeddable":true,"href":"https:\/\/www.europesays.com\/de\/wp-json\/wp\/v2\/categories?post=585699"},{"taxonomy":"post_tag","embeddable":true,"href":"https:\/\/www.europesays.com\/de\/wp-json\/wp\/v2\/tags?post=585699"}],"curies":[{"name":"wp","href":"https:\/\/api.w.org\/{rel}","templated":true}]}}