{"id":585812,"date":"2025-11-19T01:30:16","date_gmt":"2025-11-19T01:30:16","guid":{"rendered":"https:\/\/www.europesays.com\/de\/585812\/"},"modified":"2025-11-19T01:30:16","modified_gmt":"2025-11-19T01:30:16","slug":"bayern-und-bremen-am-besten-bei-direkter-demokratie","status":"publish","type":"post","link":"https:\/\/www.europesays.com\/de\/585812\/","title":{"rendered":"Bayern und Bremen am besten bei direkter Demokratie"},"content":{"rendered":"<p data-end=\"249\" data-start=\"0\">Bayern behauptet im neuen Volksentscheidsranking 2025 des Fachverbands <a href=\"https:\/\/www.bayerische-staatszeitung.de\/staatszeitung\/kommunales\/detailansicht-kommunales\/artikel\/mehr-demokratie-ueben.html#topPosition\" target=\"_blank\" rel=\"noopener\">Mehr Demokratie<\/a> erneut seine Spitzenposition: Mit der Gesamtnote 2,3 liegt der Freistaat gemeinsam mit Bremen bundesweit vorn. Bereits 2016 und 2021 f\u00fchrte Bayern das Ranking an.<\/p>\n<p data-end=\"818\" data-start=\"251\">Auch in der aktuellen Bewertung erh\u00e4lt Bayern gute Noten, allerdings mit Einschr\u00e4nkungen. F\u00fcr landesweite Volksbegehren und Volksentscheide vergibt der Verband die Note 2,9. Entscheidend bleibt die hohe H\u00fcrde: Innerhalb von zwei Wochen m\u00fcssen sich fast eine Million Stimmberechtigte auf den \u00c4mtern eintragen. Auf kommunaler Ebene schneidet Bayern dagegen mit der Note 1,7 hervorragend ab, drei Jahrzehnte nach Einf\u00fchrung der B\u00fcrgerentscheide durch den Volksentscheid von 1995. Die Regelung habe Vorbildcharakter und zu einer regen Praxis gef\u00fchrt, hei\u00dft es im Bericht.<\/p>\n<p>Risiken f\u00fcr R\u00fcckschritte<\/p>\n<p data-end=\"1213\" data-start=\"820\">Offen bleibt, ob die Staatsregierung die direkte Demokratie weiterentwickelt. Nach dem Abschluss des Runden Tisches zur Reform kommunaler B\u00fcrgerbegehren sieht der Verband Potenzial f\u00fcr Verbesserungen, aber auch Risiken f\u00fcr R\u00fcckschritte. Susanne Socher von Mehr Demokratie mahnt, der Abschlussbericht m\u00fcsse ernst genommen werden und m\u00f6gliche Weiterentwicklungen d\u00fcrften nicht ausgespart werden.<\/p>\n<p data-end=\"1478\" data-start=\"1215\">Im bundesweiten Vergleich zeigt das Ranking deutliche Unterschiede: Hamburg liegt bei den landesweiten Beteiligungsm\u00f6glichkeiten vorn, Th\u00fcringen f\u00fchrt bei den kommunalen Verfahren. Schlusslicht ist erneut das Saarland, auf allen Ebenen und mit deutlichem Abstand.<\/p>\n<p data-end=\"2009\" data-start=\"1480\">F\u00fcr das Ranking ber\u00fccksichtigt wurden unter anderem Unterschriftenanforderungen, Fristen, thematische Ausschl\u00fcsse, notwendige Mehrheiten und die tats\u00e4chliche Beteiligung in der Praxis. Eine lebendige direktdemokratische Kultur k\u00f6nne sich nur dort entfalten, wo keine un\u00fcberwindbaren H\u00fcrden best\u00fcnden, betont der Bundesvorstandssprecher Ralf-Uwe Beck. Gleichzeitig seien vielen B\u00fcrgerinnen und B\u00fcrgern ihre Beteiligungsm\u00f6glichkeiten kaum bekannt. Mehr Aufkl\u00e4rung k\u00f6nne helfen, Vertrauen in demokratische Prozesse zur\u00fcckzugewinnen. (BSZ\/dpa)<\/p>\n","protected":false},"excerpt":{"rendered":"Bayern behauptet im neuen Volksentscheidsranking 2025 des Fachverbands Mehr Demokratie erneut seine Spitzenposition: Mit der Gesamtnote 2,3 liegt&hellip;\n","protected":false},"author":2,"featured_media":585813,"comment_status":"","ping_status":"","sticky":false,"template":"","format":"standard","meta":{"footnotes":""},"categories":[1824],"tags":[1982,772,2420,1984,1983,3364,29,1096,30,259,1987,80,1985,963,1988,62,14,15,16,1986],"class_list":{"0":"post-585812","1":"post","2":"type-post","3":"status-publish","4":"format-standard","5":"has-post-thumbnail","7":"category-bremen","8":"tag-bayerische-staatszeitung-de","9":"tag-bayern","10":"tag-bremen","11":"tag-bsz","12":"tag-bsz-de","13":"tag-de","14":"tag-deutschland","15":"tag-freistaat","16":"tag-germany","17":"tag-informationen","18":"tag-kommunales","19":"tag-kultur","20":"tag-landtag","21":"tag-lokales","22":"tag-maximilianeum","23":"tag-medien","24":"tag-nachrichten","25":"tag-news","26":"tag-politik","27":"tag-zeitung"},"share_on_mastodon":{"url":"https:\/\/pubeurope.com\/@de\/115573779632554646","error":""},"_links":{"self":[{"href":"https:\/\/www.europesays.com\/de\/wp-json\/wp\/v2\/posts\/585812","targetHints":{"allow":["GET"]}}],"collection":[{"href":"https:\/\/www.europesays.com\/de\/wp-json\/wp\/v2\/posts"}],"about":[{"href":"https:\/\/www.europesays.com\/de\/wp-json\/wp\/v2\/types\/post"}],"author":[{"embeddable":true,"href":"https:\/\/www.europesays.com\/de\/wp-json\/wp\/v2\/users\/2"}],"replies":[{"embeddable":true,"href":"https:\/\/www.europesays.com\/de\/wp-json\/wp\/v2\/comments?post=585812"}],"version-history":[{"count":0,"href":"https:\/\/www.europesays.com\/de\/wp-json\/wp\/v2\/posts\/585812\/revisions"}],"wp:featuredmedia":[{"embeddable":true,"href":"https:\/\/www.europesays.com\/de\/wp-json\/wp\/v2\/media\/585813"}],"wp:attachment":[{"href":"https:\/\/www.europesays.com\/de\/wp-json\/wp\/v2\/media?parent=585812"}],"wp:term":[{"taxonomy":"category","embeddable":true,"href":"https:\/\/www.europesays.com\/de\/wp-json\/wp\/v2\/categories?post=585812"},{"taxonomy":"post_tag","embeddable":true,"href":"https:\/\/www.europesays.com\/de\/wp-json\/wp\/v2\/tags?post=585812"}],"curies":[{"name":"wp","href":"https:\/\/api.w.org\/{rel}","templated":true}]}}