{"id":585826,"date":"2025-11-19T01:38:20","date_gmt":"2025-11-19T01:38:20","guid":{"rendered":"https:\/\/www.europesays.com\/de\/585826\/"},"modified":"2025-11-19T01:38:20","modified_gmt":"2025-11-19T01:38:20","slug":"tatjana-kuschtewskaja-schriftstellerin-und-lyrikerin-neues-aus-der-literaturstadt-duesseldorf","status":"publish","type":"post","link":"https:\/\/www.europesays.com\/de\/585826\/","title":{"rendered":"Tatjana Kuschtewskaja, Schriftstellerin und Lyrikerin | Neues aus der Literaturstadt D\u00fcsseldorf"},"content":{"rendered":"<p class=\"card__subtitle\"> Literaturmagazin von Jan Michaelis aus D\u00fcsseldorf, StreamD e. V. <\/p>\n<p>Schriftstellerin und Lyrikerin Tatjana Kuschtewskaja pr\u00e4sentiert ihr neues Buch &#8222;Muse, erz\u00e4hl, was nur du wei\u00dft \u2026&#8220;. Bei einer Lesung in der Zentralbibliothek D\u00fcsseldorf liest sie Ausz\u00fcge aus ihrem im Februar 2025 ver\u00f6ffentlichten Werk. Mit Moderator Jan Michaelis spricht die in Essen lebende russische Autorin neben dem Buch auch \u00fcber ihr Leben &#8211; von ihrer Geburt in der Turkmenischen SSR \u00fcber ihre Jugend in der <a href=\"https:\/\/www.nrwision.de\/mediathek\/themen\/ukraine\" target=\"_blank\" rel=\"noopener\">Ukraine<\/a> und ihr <a href=\"https:\/\/www.nrwision.de\/mediathek\/themen\/studium\" target=\"_blank\" rel=\"noopener\">Studium<\/a> in Moskau bis hin zu ihrer Ankunft in <a href=\"https:\/\/www.nrwision.de\/mediathek\/themen\/deutschland\" target=\"_blank\" rel=\"noopener\">Deutschland<\/a>. Au\u00dferdem tr\u00e4gt Zaira Aminova zwei Gedichte zu eigener <a href=\"https:\/\/www.nrwision.de\/mediathek\/themen\/musik\" target=\"_blank\" rel=\"noopener\">Musik<\/a> live vor. Zudem gibt Tatjana Kuschtewskaja in der Sendung einen Einblick in ihre eigene Lieblingsmusik.<\/p>\n","protected":false},"excerpt":{"rendered":"Literaturmagazin von Jan Michaelis aus D\u00fcsseldorf, StreamD e. V. Schriftstellerin und Lyrikerin Tatjana Kuschtewskaja pr\u00e4sentiert ihr neues Buch&hellip;\n","protected":false},"author":2,"featured_media":585827,"comment_status":"","ping_status":"","sticky":false,"template":"","format":"standard","meta":{"footnotes":""},"categories":[1831],"tags":[3100,1797,3364,29,3405,118248,30,101,93,4006,1209,70024,2044],"class_list":{"0":"post-585826","1":"post","2":"type-post","3":"status-publish","4":"format-standard","5":"has-post-thumbnail","7":"category-duesseldorf","8":"tag-autor","9":"tag-buch","10":"tag-de","11":"tag-deutschland","12":"tag-duesseldorf","13":"tag-gedichte","14":"tag-germany","15":"tag-lesung","16":"tag-literatur","17":"tag-live","18":"tag-nordrhein-westfalen","19":"tag-russisch","20":"tag-schriftsteller"},"share_on_mastodon":{"url":"https:\/\/pubeurope.com\/@de\/115573811157027604","error":""},"_links":{"self":[{"href":"https:\/\/www.europesays.com\/de\/wp-json\/wp\/v2\/posts\/585826","targetHints":{"allow":["GET"]}}],"collection":[{"href":"https:\/\/www.europesays.com\/de\/wp-json\/wp\/v2\/posts"}],"about":[{"href":"https:\/\/www.europesays.com\/de\/wp-json\/wp\/v2\/types\/post"}],"author":[{"embeddable":true,"href":"https:\/\/www.europesays.com\/de\/wp-json\/wp\/v2\/users\/2"}],"replies":[{"embeddable":true,"href":"https:\/\/www.europesays.com\/de\/wp-json\/wp\/v2\/comments?post=585826"}],"version-history":[{"count":0,"href":"https:\/\/www.europesays.com\/de\/wp-json\/wp\/v2\/posts\/585826\/revisions"}],"wp:featuredmedia":[{"embeddable":true,"href":"https:\/\/www.europesays.com\/de\/wp-json\/wp\/v2\/media\/585827"}],"wp:attachment":[{"href":"https:\/\/www.europesays.com\/de\/wp-json\/wp\/v2\/media?parent=585826"}],"wp:term":[{"taxonomy":"category","embeddable":true,"href":"https:\/\/www.europesays.com\/de\/wp-json\/wp\/v2\/categories?post=585826"},{"taxonomy":"post_tag","embeddable":true,"href":"https:\/\/www.europesays.com\/de\/wp-json\/wp\/v2\/tags?post=585826"}],"curies":[{"name":"wp","href":"https:\/\/api.w.org\/{rel}","templated":true}]}}