{"id":585832,"date":"2025-11-19T01:41:20","date_gmt":"2025-11-19T01:41:20","guid":{"rendered":"https:\/\/www.europesays.com\/de\/585832\/"},"modified":"2025-11-19T01:41:20","modified_gmt":"2025-11-19T01:41:20","slug":"vfb-stuttgart-top-schock-flop-so-laeuft-es-bei-den-vfb-leihspieler-sport","status":"publish","type":"post","link":"https:\/\/www.europesays.com\/de\/585832\/","title":{"rendered":"VfB Stuttgart: Top, Schock, Flop: So l\u00e4uft es bei den VfB-Leihspieler | Sport"},"content":{"rendered":"<p><b>So wird Serben-St\u00fcrmer Jovan Milosevic (20) noch teurer.<\/b><\/p>\n<p>Der Angreifer ist bis Ende des Jahres vom VfB an Partizan Belgrad verliehen, trifft und trifft in Serbien. Beim VfB plant man nicht wirklich mit ihm, Partizan w\u00fcrde ihn gerne halten, kann ihn aber nicht finanzieren.<\/p>\n<p>Am Sonntag feierte Milosevic sein Nationalmannschaftsdeb\u00fct f\u00fcr Serbien, wurde gegen Lettland  (2:1) zehn Minuten vor Schluss eingewechselt. Die Belohnung f\u00fcr seine tolle Entwicklung hat mit Sicherheit einen weiteren Marktwert-Anstieg (aktuell 3 Mio. Euro) zur Folge.<\/p>\n<p><b>In den n\u00e4chsten drei Wochen will der VfB entscheiden, wie es mit dem 2023 verpflichteten St\u00fcrmer weitergeht. Aktuelle Tendenz: Abgang.<\/b><\/p>\n<p>BILD sagt, wie es bei allen VfB-Leihspielern l\u00e4uft<\/p>\n<p>Weniger positiv lief es zuletzt beim an den FC Magdeburg verliehenen<b> Laurin Ulrich <\/b>(20). Sein F\u00f6rderer Markus Fiedler (39) wurde als FCM-Coach entlassen. Im Sommer wechselte Fiedler gemeinsam mit Ulrich zum Tabellenletzten der zweiten Liga. Ulrich sagte in einem MDR-Podcast \u00fcber die Entlassung: \u201eDas war ein Schock im ersten Moment. Er war wie ein St\u00fcck Heimat f\u00fcr mich.\u201c Immerhin: Auch unter dem neuen Trainer ist Ulrich gesetzt und z\u00e4hlt zu den wenigen Lichtblicken der schwachen Magdeburger Saison.<\/p>\n<p><img decoding=\"async\" width=\"992\" height=\"558\" alt=\"Magdeburgs Laurin Ulrich (20\/r.) neben Club-Spieler Rafael Lubach (20\/l.). Die VfB-Leihgabe erzielte am Montag beim 5:0-Erfolg der DFB-U20 gegen Italien einen Treffer\" src=\"https:\/\/www.europesays.com\/de\/wp-content\/uploads\/2025\/11\/7c19faca7a5de408c48fc4f5621a2b4f,61199902\"   class=\"landscape\" loading=\"lazy\"\/><\/p>\n<p class=\"fig__caption__text\">Magdeburgs Laurin Ulrich (20\/r.) neben Club-Spieler Rafael Lubach (20\/l.). Die VfB-Leihgabe erzielte am Montag beim 5:0-Erfolg der DFB-U20 gegen Italien einen Treffer<\/p>\n<p>Foto: Getty Images for DFB<\/p>\n<p>Sportlich besser l\u00e4uft es bei <b>Dennis Seimen <\/b>(19). Das Torwart-Talent steht mit Paderborn an der Tabellenspitze, hielt zwischenzeitlich vier Spiele in Serie die Null. Beim <a href=\"https:\/\/www.bild.de\/sport\/fussball\/vfb-stuttgart\/startseite-stuttgart-31074430.bild.html\" class=\"text-link\" target=\"_blank\" rel=\"noopener\">VfB<\/a> ist er als N\u00fcbel-Nachfolger eingeplant. H\u00e4lt Seimen so stark weiter, d\u00fcrfte der Plan aufgehen.<\/p>\n<p>Mehr zum Thema<\/p>\n<p> Auch <b>Jarzinho Malanga <\/b>(19) ist im Zweitliga-Aufstiegsrennen dabei. Gro\u00dfen Anteil am Elversberger H\u00f6henflug hat der Angreifer aber nicht. In der Liga stand er in nur neun Kurzeins\u00e4tzen auf dem Platz.<\/p>\n<p>Noch schlechter l\u00e4uft es bei Sturm-Talent<b> Eliot Bujupi <\/b>(19) \u2013 zumindest bei seiner Leihstation in Belgien. Mit Westerlo steckt der B\u00f6blinger im Abstiegskampf, kam in der Liga auf insgesamt erst acht Einsatzminuten. Diese Leihe zahlt sich bislang gar nicht aus\u2026<\/p>\n<p><b>Immerhin: In der Nationalmannschaft zeigt Bujupi, was er kann. Am Freitag traf er f\u00fcr die U21 des Kosovo (ein A-L\u00e4nderspiel) gegen Zypern doppelt.<\/b><\/p>\n<p>\u00d6si-Torwart gibt Kult-Interview: \u201eWir kriegen f\u00fcnf bis zehn Oarschtore!\u201c<a class=\"anchor video-teaser__anchor\" href=\"https:\/\/www.bild.de\/sport\/mehr-sport\/oesi-torwart-gibt-kult-interview-wir-kriegen-fuenf-bis-zehn-oarschtore-691c53fc15479c9d7f99ff0d\" target=\"_blank\" rel=\"noopener\"><img decoding=\"async\" width=\"992\" height=\"558\" alt=\"\" src=\"https:\/\/www.europesays.com\/de\/wp-content\/uploads\/2025\/11\/ba320c4b5889d18ee8a999d903a148a7-landscape,efee9245\"   class=\"landscape teaser__image\" loading=\"lazy\"\/><\/a><\/p>\n<p>Quelle: DYN18.11.2025<\/p>\n","protected":false},"excerpt":{"rendered":"So wird Serben-St\u00fcrmer Jovan Milosevic (20) noch teurer. Der Angreifer ist bis Ende des Jahres vom VfB an&hellip;\n","protected":false},"author":2,"featured_media":585833,"comment_status":"","ping_status":"","sticky":false,"template":"","format":"standard","meta":{"footnotes":""},"categories":[1830],"tags":[7973,1634,3364,29,347,30,3861,84204,622,1470,1441,5079,45,2915,14882,14881],"class_list":{"0":"post-585832","1":"post","2":"type-post","3":"status-publish","4":"format-standard","5":"has-post-thumbnail","7":"category-stuttgart","8":"tag-1-fc-magdeburg","9":"tag-baden-wuerttemberg","10":"tag-de","11":"tag-deutschland","12":"tag-fussball","13":"tag-germany","14":"tag-hoeness-sebastian","15":"tag-nationalmannschaft-serbien","16":"tag-sc-paderborn-07","17":"tag-sport-leuchtturm-muenchen","18":"tag-stuttgart","19":"tag-sv-elversberg","20":"tag-texttospeech","21":"tag-vfb-stuttgart","22":"tag-wehrle-alexander","23":"tag-wohlgemuth-fabian"},"share_on_mastodon":{"url":"https:\/\/pubeurope.com\/@de\/115573823462260059","error":""},"_links":{"self":[{"href":"https:\/\/www.europesays.com\/de\/wp-json\/wp\/v2\/posts\/585832","targetHints":{"allow":["GET"]}}],"collection":[{"href":"https:\/\/www.europesays.com\/de\/wp-json\/wp\/v2\/posts"}],"about":[{"href":"https:\/\/www.europesays.com\/de\/wp-json\/wp\/v2\/types\/post"}],"author":[{"embeddable":true,"href":"https:\/\/www.europesays.com\/de\/wp-json\/wp\/v2\/users\/2"}],"replies":[{"embeddable":true,"href":"https:\/\/www.europesays.com\/de\/wp-json\/wp\/v2\/comments?post=585832"}],"version-history":[{"count":0,"href":"https:\/\/www.europesays.com\/de\/wp-json\/wp\/v2\/posts\/585832\/revisions"}],"wp:featuredmedia":[{"embeddable":true,"href":"https:\/\/www.europesays.com\/de\/wp-json\/wp\/v2\/media\/585833"}],"wp:attachment":[{"href":"https:\/\/www.europesays.com\/de\/wp-json\/wp\/v2\/media?parent=585832"}],"wp:term":[{"taxonomy":"category","embeddable":true,"href":"https:\/\/www.europesays.com\/de\/wp-json\/wp\/v2\/categories?post=585832"},{"taxonomy":"post_tag","embeddable":true,"href":"https:\/\/www.europesays.com\/de\/wp-json\/wp\/v2\/tags?post=585832"}],"curies":[{"name":"wp","href":"https:\/\/api.w.org\/{rel}","templated":true}]}}