{"id":585849,"date":"2025-11-19T01:50:12","date_gmt":"2025-11-19T01:50:12","guid":{"rendered":"https:\/\/www.europesays.com\/de\/585849\/"},"modified":"2025-11-19T01:50:12","modified_gmt":"2025-11-19T01:50:12","slug":"koalitionskrise-bsw-krise-in-brandenburg-wagenknecht-setzt-auf-gespraeche-politik","status":"publish","type":"post","link":"https:\/\/www.europesays.com\/de\/585849\/","title":{"rendered":"Koalitionskrise &#8211; BSW-Krise in Brandenburg \u2013 Wagenknecht setzt auf Gespr\u00e4che &#8211; Politik"},"content":{"rendered":"<p data-manual=\"paragraph\" data-schema-org-speakable=\"true\" class=\"css-1eosz7k\">Potsdam (dpa) &#8211; BSW-Gr\u00fcnderin Sahra Wagenknecht r\u00e4umt mit Blick auf die Koalitionskrise in <a href=\"https:\/\/www.sueddeutsche.de\/thema\/Brandenburg\" target=\"_blank\" rel=\"noopener\">Brandenburg<\/a> Vers\u00e4umnisse ein. \u201eBei den Medienstaatsvertr\u00e4gen etwa h\u00e4tten wir fr\u00fchzeitiger unsere Bedenken anmelden m\u00fcssen\u201c, sagte Wagenknecht dem Redaktionsnetzwerk <a href=\"https:\/\/www.sueddeutsche.de\/thema\/Deutschland\" target=\"_blank\" rel=\"noopener\">Deutschland<\/a> (RND). \u201eDas hatte aber keiner wirklich auf dem Schirm, weil wir eben eine so junge Partei sind und noch nicht diesen Referenten-Apparat haben, der in etablierten Parteien solche Aufgaben erledigt.\u201c<\/p>\n<p data-manual=\"paragraph\" data-schema-org-speakable=\"true\" class=\"css-1eosz7k\">Normalerweise h\u00e4tte ein Referent dazu etwas aufgeschrieben und das dem BSW-Vizeministerpr\u00e4sidenten Robert Crumbach mit ins Brandenburger Kabinett gegeben, sagte Wagenknecht. \u201eIch habe seit mehr als einem Jahr nicht mehr den Kopf freigehabt, um \u00fcber strategische Fragen nachzudenken, weil ich full time mit Parteimanagement zu tun hatte.\u201c<\/p>\n<p data-manual=\"paragraph\" data-schema-org-speakable=\"true\" class=\"css-1eosz7k\">Zu den Chancen f\u00fcr ein Fortbestehen der SPD-BSW-Koalition und einer Verst\u00e4ndigung mit den vier Abgeordneten, die vergangene Woche aus der Partei ausgetreten sind, sagte Wagenknecht: \u201eDie Austritte der vier Landtagsabgeordneten in Brandenburg sind bedauerlich, aber deshalb zerlegt sich das BSW noch lange nicht.\u201c<\/p>\n<p>Wagenknecht setzt auf weitere Gespr\u00e4che<\/p>\n<p data-manual=\"paragraph\" data-schema-org-speakable=\"true\" class=\"css-1eosz7k\">Sie hoffe, dass sich der Konflikt l\u00f6sen lasse. \u201eEr hat nur zum Teil mit der Abstimmung zu den Medienstaatsvertr\u00e4gen zu tun. Die Kritik am \u00f6ffentlich-rechtlichen Rundfunk, an dessen Einseitigkeit und der Verengung des Meinungskorridors, teilen wir mit vielen unserer W\u00e4hler\u201c, sagte Wagenknecht.\u00a0<\/p>\n<p data-manual=\"paragraph\" data-schema-org-speakable=\"true\" class=\"css-1eosz7k\">\u201eWir hatten der SPD signalisiert, dass wir dagegen stimmen werden. Das ist kein Bruch der Koalition, denn es gibt im Koalitionsvertrag keine Festlegung dazu, das sieht die SPD auch so\u201c, sagte die BSW-Politikerin. \u201eIch finde richtig, dass jetzt vor Ort das Gespr\u00e4ch und eine L\u00f6sung gesucht wird und man nicht gleich Leute aus der Fraktion ausschlie\u00dft.\u201c<\/p>\n<p data-manual=\"paragraph\" data-schema-org-speakable=\"true\" class=\"css-1eosz7k\">Der <a href=\"https:\/\/www.sueddeutsche.de\/thema\/Landtag\" target=\"_blank\" rel=\"noopener\">Landtag<\/a> stimmt am Mittwoch \u00fcber zwei Medienstaatsvertr\u00e4ge zur Rundfunkreform von ARD, ZDF und Deutschlandradio sowie zum Jugendmedienschutz ab. Die BSW-Fraktion will sie mehrheitlich ablehnen. BSW-Finanzminister Crumbach stimmte im Kabinett daf\u00fcr und will das auch im Landtag machen. Die vier aus der Partei ausgetretenen Abgeordneten wollen den Saal verlassen, um den Beschluss nicht zu gef\u00e4hrden.<\/p>\n<p data-manual=\"paragraph\" data-schema-org-speakable=\"true\" class=\"css-1eosz7k\">\u00a9 dpa-infocom, dpa:251118-930-310717\/1<\/p>\n","protected":false},"excerpt":{"rendered":"Potsdam (dpa) &#8211; BSW-Gr\u00fcnderin Sahra Wagenknecht r\u00e4umt mit Blick auf die Koalitionskrise in Brandenburg Vers\u00e4umnisse ein. \u201eBei den&hellip;\n","protected":false},"author":2,"featured_media":585850,"comment_status":"","ping_status":"","sticky":false,"template":"","format":"standard","meta":{"footnotes":""},"categories":[1816],"tags":[1960,1958,1959,1957,1956,1890,29,30,44,1985,69402,2403,16,149],"class_list":{"0":"post-585849","1":"post","2":"type-post","3":"status-publish","4":"format-standard","5":"has-post-thumbnail","7":"category-brandenburg","8":"tag-aktuelle-nachrichten-aus-berlin-und-brandenburg","9":"tag-aktuelle-nachrichten-aus-brandenburg","10":"tag-aktuelle-news-aus-berlin-und-brandenburg","11":"tag-aktuelle-news-aus-brandenburg","12":"tag-berlin-und-brandenburg","13":"tag-brandenburg","14":"tag-deutschland","15":"tag-germany","16":"tag-koalition","17":"tag-landtag","18":"tag-landtag-brandenburg","19":"tag-partei","20":"tag-politik","21":"tag-sueddeutsche-zeitung"},"share_on_mastodon":{"url":"https:\/\/pubeurope.com\/@de\/115573858272533030","error":""},"_links":{"self":[{"href":"https:\/\/www.europesays.com\/de\/wp-json\/wp\/v2\/posts\/585849","targetHints":{"allow":["GET"]}}],"collection":[{"href":"https:\/\/www.europesays.com\/de\/wp-json\/wp\/v2\/posts"}],"about":[{"href":"https:\/\/www.europesays.com\/de\/wp-json\/wp\/v2\/types\/post"}],"author":[{"embeddable":true,"href":"https:\/\/www.europesays.com\/de\/wp-json\/wp\/v2\/users\/2"}],"replies":[{"embeddable":true,"href":"https:\/\/www.europesays.com\/de\/wp-json\/wp\/v2\/comments?post=585849"}],"version-history":[{"count":0,"href":"https:\/\/www.europesays.com\/de\/wp-json\/wp\/v2\/posts\/585849\/revisions"}],"wp:featuredmedia":[{"embeddable":true,"href":"https:\/\/www.europesays.com\/de\/wp-json\/wp\/v2\/media\/585850"}],"wp:attachment":[{"href":"https:\/\/www.europesays.com\/de\/wp-json\/wp\/v2\/media?parent=585849"}],"wp:term":[{"taxonomy":"category","embeddable":true,"href":"https:\/\/www.europesays.com\/de\/wp-json\/wp\/v2\/categories?post=585849"},{"taxonomy":"post_tag","embeddable":true,"href":"https:\/\/www.europesays.com\/de\/wp-json\/wp\/v2\/tags?post=585849"}],"curies":[{"name":"wp","href":"https:\/\/api.w.org\/{rel}","templated":true}]}}