{"id":585853,"date":"2025-11-19T01:52:18","date_gmt":"2025-11-19T01:52:18","guid":{"rendered":"https:\/\/www.europesays.com\/de\/585853\/"},"modified":"2025-11-19T01:52:18","modified_gmt":"2025-11-19T01:52:18","slug":"verletzter-nach-schuessen-in-berlin-lichtenberg-gestorben","status":"publish","type":"post","link":"https:\/\/www.europesays.com\/de\/585853\/","title":{"rendered":"Verletzter nach Sch\u00fcssen in Berlin-Lichtenberg gestorben"},"content":{"rendered":"<p>Die Sch\u00fcsse fielen laut Polizei am Freitag gegen 22 Uhr vor einem Imbiss in der Franz-Jacob-Stra\u00dfe im Ortsteil Fennpfuhl. Zuvor soll es ein Gespr\u00e4ch zwischen vier Personen gegeben haben, das dann offenbar nach kurzer Zeit eskalierte.<\/p>\n<p>Der T\u00e4ter schoss mehrmals. Der 29 Jahre alte Mann wurde getroffen und zun\u00e4chst mit lebensgef\u00e4hrlichen Verletzungen in ein Krankenhaus eingeliefert. Ein weiterer, 28 Jahre alter Mann wurde ebenfalls durch einen Schuss verletzt, befand sich nach Angaben der Polizei aber nicht in Lebensgefahr. Eine dritte Person fl\u00fcchtete unerkannt, genauso wie der Sch\u00fctze.<\/p>\n","protected":false},"excerpt":{"rendered":"Die Sch\u00fcsse fielen laut Polizei am Freitag gegen 22 Uhr vor einem Imbiss in der Franz-Jacob-Stra\u00dfe im Ortsteil&hellip;\n","protected":false},"author":2,"featured_media":585854,"comment_status":"","ping_status":"","sticky":false,"template":"","format":"standard","meta":{"footnotes":""},"categories":[1825],"tags":[296,29,30,134296],"class_list":{"0":"post-585853","1":"post","2":"type-post","3":"status-publish","4":"format-standard","5":"has-post-thumbnail","7":"category-berlin","8":"tag-berlin","9":"tag-deutschland","10":"tag-germany","11":"tag-rbb24tagesschau"},"share_on_mastodon":{"url":"https:\/\/pubeurope.com\/@de\/115573866788108545","error":""},"_links":{"self":[{"href":"https:\/\/www.europesays.com\/de\/wp-json\/wp\/v2\/posts\/585853","targetHints":{"allow":["GET"]}}],"collection":[{"href":"https:\/\/www.europesays.com\/de\/wp-json\/wp\/v2\/posts"}],"about":[{"href":"https:\/\/www.europesays.com\/de\/wp-json\/wp\/v2\/types\/post"}],"author":[{"embeddable":true,"href":"https:\/\/www.europesays.com\/de\/wp-json\/wp\/v2\/users\/2"}],"replies":[{"embeddable":true,"href":"https:\/\/www.europesays.com\/de\/wp-json\/wp\/v2\/comments?post=585853"}],"version-history":[{"count":0,"href":"https:\/\/www.europesays.com\/de\/wp-json\/wp\/v2\/posts\/585853\/revisions"}],"wp:featuredmedia":[{"embeddable":true,"href":"https:\/\/www.europesays.com\/de\/wp-json\/wp\/v2\/media\/585854"}],"wp:attachment":[{"href":"https:\/\/www.europesays.com\/de\/wp-json\/wp\/v2\/media?parent=585853"}],"wp:term":[{"taxonomy":"category","embeddable":true,"href":"https:\/\/www.europesays.com\/de\/wp-json\/wp\/v2\/categories?post=585853"},{"taxonomy":"post_tag","embeddable":true,"href":"https:\/\/www.europesays.com\/de\/wp-json\/wp\/v2\/tags?post=585853"}],"curies":[{"name":"wp","href":"https:\/\/api.w.org\/{rel}","templated":true}]}}