{"id":585872,"date":"2025-11-19T02:05:16","date_gmt":"2025-11-19T02:05:16","guid":{"rendered":"https:\/\/www.europesays.com\/de\/585872\/"},"modified":"2025-11-19T02:05:16","modified_gmt":"2025-11-19T02:05:16","slug":"flut-von-beleidigungen-ben-tewaag-randaliert-in-rettungswagen","status":"publish","type":"post","link":"https:\/\/www.europesays.com\/de\/585872\/","title":{"rendered":"&#8222;Flut von Beleidigungen&#8220;: Ben Tewaag randaliert in Rettungswagen"},"content":{"rendered":"<p>&#8222;Flut von Beleidigungen&#8220;Ben Tewaag randaliert in Rettungswagen<img decoding=\"async\" class=\"Image_img__fQCi0 Image_Img_16_9__4BLfH widget-picture-inline_maximizable__t_E7h\" loading=\"eager\" fetchpriority=\"high\" src=\"https:\/\/www.europesays.com\/de\/wp-content\/uploads\/2025\/11\/83309826.webp.webp\" alt=\"83309826\"\/>Mit Schimpfworten kennt er sich aus: Ben Tewaag. (Foto: picture alliance \/ dpa)TeilenFolgen auf:<a href=\"https:\/\/www.whatsapp.com\/channel\/0029Va5cdVJD8SDp5YZgYF01\" title=\"Auf WhatsApp folgen\" target=\"_blank\" rel=\"noopener\"><img decoding=\"async\" src=\"https:\/\/www.n-tv.de\/socialIcons\/whatsapp.svg\" alt=\"whatsapp\" class=\"ArticleShare_icon__FsrC2\"\/><\/a><a href=\"https:\/\/news.google.com\/publications\/CAAiEPMdif5mpRNxiLOeUpHCwwsqFAgKIhDzHYn-ZqUTcYiznlKRwsML?hl=de&amp;gl=DE&amp;ceid=DE%3Ade\" title=\"Auf Google News folgen\" target=\"_blank\" rel=\"noopener\"><img decoding=\"async\" src=\"https:\/\/www.n-tv.de\/socialIcons\/google.svg\" alt=\"whatsapp\" class=\"ArticleShare_icon__FsrC2\"\/><\/a><\/p>\n<p class=\"Typography_text-m__XI0da Typography_weight-bold__uT6mq storyline_lead_text_leadtext__q_wg8\">Am Tegernsee kommt es am Sonntag zu einem Rettungseinsatz der etwas anderen Art. Patient ist Uschi Glas&#8216; Sohn Ben Tewaag. Doch statt Dank hat der 49-J\u00e4hrige f\u00fcr die Helfer nur Beleidigungen \u00fcbrig. Am Ende muss sogar die Polizei eingreifen.<\/p>\n<p class=\"Typography_text-default__P3otY Typography_weight-normal__pqUbH storyline_paragraph_p__qSR5N\">Im oberbayerischen Nobelort Rottach-Egern hat Ben Tewaag einen Polizeieinsatz ausgel\u00f6st. Der skandaltr\u00e4chtige Sohn von Schauspielerin Uschi Glas hat laut &#8222;Bild&#8220;-Zeitung am Sonntagabend randaliert, sich selbst verletzt und Einsatzkr\u00e4fte massiv beleidigt.<\/p>\n<p class=\"Typography_text-default__P3otY Typography_weight-normal__pqUbH storyline_paragraph_p__qSR5N\">Ausgangspunkt war dem Bericht nach ein h\u00e4uslicher Unfall. Ein Rettungswagen wurde alarmiert, nachdem sich ein Mann eine tiefe Schnittwunde an der rechten Hand zugezogen hatte, hei\u00dft es. Wie &#8222;Bild&#8220; berichtet, handelte es sich bei diesem Mann um Ben Tewaag. Auf dem Weg in ein Krankenhaus kippte die Situation. Der 49-J\u00e4hrige soll gegen\u00fcber den Sanit\u00e4tern zunehmend aggressiv geworden sein, sodass diese die Polizei hinzuzogen &#8211; auch, um ihn vor sich selbst zu sch\u00fctzen.<\/p>\n<p>Tewaag in Gewahrsam genommen<\/p>\n<p class=\"Typography_text-default__P3otY Typography_weight-normal__pqUbH storyline_paragraph_p__qSR5N\">Laut Polizeibericht belegte Tewaag die eintreffenden Beamtinnen und Beamten mit &#8222;einer Flut von Beleidigungen und Schimpfw\u00f6rtern \u00fcbelster Art&#8220; und habe versucht, auf einen Polizisten einzuschlagen. &#8222;Auf dem Weg ins Krankenhaus wurde der alkoholisierte Patient zunehmend aggressiver und verweigerte die weitere notwendige \u00e4rztliche Behandlung&#8220;, zitiert &#8222;Bild&#8220; die Polizei. Zudem soll er versucht haben, den Rettungswagen w\u00e4hrend der Fahrt zu verlassen, woran er gehindert werden konnte.<\/p>\n<p class=\"Typography_text-default__P3otY Typography_weight-normal__pqUbH storyline_paragraph_p__qSR5N\">Daraufhin wurde Ben Tewaag in Gewahrsam genommen. Auch dort beruhigte sich die Lage laut Polizei zun\u00e4chst nicht. Tewaag habe weiter randaliert und sich selbst Verletzungen zugef\u00fcgt. Mit Unterst\u00fctzung weiterer Einsatzkr\u00e4fte wurde er schlie\u00dflich ins Krankenhaus gebracht. Dort versorgten \u00c4rzte zun\u00e4chst die Schnittwunde am Finger sowie die selbst beigebrachten Verletzungen. Im Anschluss verlegte man Ben Tewaag in eine psychiatrische Klinik.<\/p>\n<p class=\"Typography_text-default__P3otY Typography_weight-normal__pqUbH storyline_paragraph_p__qSR5N\">Insgesamt sollen an dem Einsatz neun Polizeibeamtinnen und -beamte beteiligt gewesen sein. Einer von ihnen wurde leicht verletzt. Gegen Tewaag wird nun wegen Widerstands gegen Vollstreckungsbeamte und Beleidigung ermittelt. Die &#8222;Bild&#8220;-Zeitung hakte bei dem Schauspieler und Reality-Star telefonisch nach. &#8222;Au\u00dfer meinem Finger ist niemand gesch\u00e4digt worden&#8220;, lautet seine Einsch\u00e4tzung des Sachverhaltes. <\/p>\n<p class=\"Typography_text-s__wu_cm Typography_weight-normal__pqUbH Typography_color-darkgrey__sZEnP article-detail-footer_source__KslPc\">Quelle: ntv.de, nan<\/p>\n","protected":false},"excerpt":{"rendered":"&#8222;Flut von Beleidigungen&#8220;Ben Tewaag randaliert in RettungswagenMit Schimpfworten kennt er sich aus: Ben Tewaag. (Foto: picture alliance \/&hellip;\n","protected":false},"author":2,"featured_media":585873,"comment_status":"","ping_status":"","sticky":false,"template":"","format":"standard","meta":{"footnotes":""},"categories":[155],"tags":[29,214,30,1000,684,215],"class_list":{"0":"post-585872","1":"post","2":"type-post","3":"status-publish","4":"format-standard","5":"has-post-thumbnail","7":"category-unterhaltung","8":"tag-deutschland","9":"tag-entertainment","10":"tag-germany","11":"tag-gewalt","12":"tag-tv","13":"tag-unterhaltung"},"share_on_mastodon":{"url":"https:\/\/pubeurope.com\/@de\/115573921235489879","error":""},"_links":{"self":[{"href":"https:\/\/www.europesays.com\/de\/wp-json\/wp\/v2\/posts\/585872","targetHints":{"allow":["GET"]}}],"collection":[{"href":"https:\/\/www.europesays.com\/de\/wp-json\/wp\/v2\/posts"}],"about":[{"href":"https:\/\/www.europesays.com\/de\/wp-json\/wp\/v2\/types\/post"}],"author":[{"embeddable":true,"href":"https:\/\/www.europesays.com\/de\/wp-json\/wp\/v2\/users\/2"}],"replies":[{"embeddable":true,"href":"https:\/\/www.europesays.com\/de\/wp-json\/wp\/v2\/comments?post=585872"}],"version-history":[{"count":0,"href":"https:\/\/www.europesays.com\/de\/wp-json\/wp\/v2\/posts\/585872\/revisions"}],"wp:featuredmedia":[{"embeddable":true,"href":"https:\/\/www.europesays.com\/de\/wp-json\/wp\/v2\/media\/585873"}],"wp:attachment":[{"href":"https:\/\/www.europesays.com\/de\/wp-json\/wp\/v2\/media?parent=585872"}],"wp:term":[{"taxonomy":"category","embeddable":true,"href":"https:\/\/www.europesays.com\/de\/wp-json\/wp\/v2\/categories?post=585872"},{"taxonomy":"post_tag","embeddable":true,"href":"https:\/\/www.europesays.com\/de\/wp-json\/wp\/v2\/tags?post=585872"}],"curies":[{"name":"wp","href":"https:\/\/api.w.org\/{rel}","templated":true}]}}