{"id":585879,"date":"2025-11-19T02:12:15","date_gmt":"2025-11-19T02:12:15","guid":{"rendered":"https:\/\/www.europesays.com\/de\/585879\/"},"modified":"2025-11-19T02:12:15","modified_gmt":"2025-11-19T02:12:15","slug":"kernkraftwerk-isar-betreiber-meldet-unfall-bei-rueckbauarbeiten","status":"publish","type":"post","link":"https:\/\/www.europesays.com\/de\/585879\/","title":{"rendered":"Kernkraftwerk Isar: Betreiber meldet Unfall bei R\u00fcckbauarbeiten"},"content":{"rendered":"<p>Die Betreiber des 2023 stillgelegten Kernkraftwerks Isar im Landkreis Landshut haben am Dienstag \u00fcber einen Unfall bei <a href=\"https:\/\/www.br.de\/nachrichten\/bayern\/kernkraftwerk-isar-1-reaktordruckbehaelter-wird-zersaegt,TwojsiJ\" target=\"_blank\" rel=\"noopener\">R\u00fcckbauarbeiten im Reaktorgeb\u00e4ude<\/a> des Blocks Isar 2 informiert. Demnach ist radioaktives Wasser ausgetreten, eine Gefahr f\u00fcr die Umwelt bestehe jedoch nicht.<\/p>\n<p>Kernkraftwerk Isar: Radioaktives Wasser ausgetreten<\/p>\n<p>Nach Angaben von Kraftwerksleiter Carsten M\u00fcller kam es vergangene Woche bei Zerlegungsarbeiten unter Wasser zum Absturz eines etwa 800 Kilogramm schweren Metallst\u00fccks. Beim Herabfallen sei die Auskleidung des Beckens im Demontagebereich besch\u00e4digt worden. Die Folge: Leckagen und der Austritt von Wasser. Im Interview mit dem BR erkl\u00e4rte Kraftwerksleiter M\u00fcller: &#8222;Wir reden hier von wenigen Kubikmetern Wasser, das eine Aktivit\u00e4t hat, diese ist aber sehr gering.&#8220; <\/p>\n<p>Das Wasser sei innerhalb der Geb\u00e4udekonstruktion vollumf\u00e4nglich aufgefangen worden, so M\u00fcller: &#8222;Man muss sich das vorstellen wie eine Doppelwand. Wird die eine besch\u00e4digt, flie\u00dft das Wasser in einen Zwischenraum, dort wird es dann aufgefangen.&#8220; <\/p>\n<p>Umweltministerium &#8222;umgehend informiert&#8220;<\/p>\n<p>In einer schriftlichen Erkl\u00e4rung betonte die Betreiberfirma Preussen Elektra: &#8222;Es ergaben sich keine Auswirkungen auf die Umgebung.&#8220; Die Ursachen f\u00fcr den Lastabsturz w\u00fcrden derzeit untersucht. Die zust\u00e4ndige atomrechtliche Aufsichtsbeh\u00f6rde \u2013 das bayerische Umweltministerium \u2013 sei umgehend \u00fcber das Ereignis informiert worden. Laut M\u00fcller wurde dieses nach der Kategorie &#8222;N&#8220; (&#8222;Normal&#8220;) angezeigt. Schwerwiegendere Ereignisse m\u00fcssten als &#8222;eilige&#8220; oder sogar als &#8222;sofortige&#8220; Meldung an das Umweltministerium mitgeteilt werden, so M\u00fcller.<\/p>\n<p>R\u00fcckbau von Reaktorblock Isar 2 pausiert teilweise<\/p>\n<p>Aktuell pausiert der R\u00fcckbau im Reaktorblock Isar 2 teilweise, bis die Reparatur und die Aufarbeitung abgeschlossen sind. Die Betreiber gehen davon aus, dass diese Pause bis mindestens Ende Dezember andauern wird. Der finanzielle Schaden k\u00f6nne noch nicht beziffert werden.<\/p>\n<p>Laut Kraftwerksleiter Carsten M\u00fcller liege der R\u00fcckbau insgesamt &#8222;voll im Zeitplan&#8220;. Im Reaktorblock Isar 1 seien mehr als 50 Prozent der Anlage bereits demontiert. Der Ausbau s\u00e4mtlicher Komponenten und die anschlie\u00dfende Dekontamination des Geb\u00e4udes soll bis 2036 abgeschlossen sein, dann soll der konventionelle Abriss erfolgen. Planm\u00e4\u00dfig soll der R\u00fcckbau von Isar 1 und Isar 2 bis 2040 vollst\u00e4ndig abgeschlossen sein. Ob die derzeitige Unterbrechung des R\u00fcckbaus von Isar 2 den langfristigen Zeitplan beeinflussen wird, k\u00f6nne aktuell noch nicht eingesch\u00e4tzt werden. <\/p>\n<p>F\u00fcr eine Nachnutzung des Kraftwerkareals gibt es laut Guido Knott, Gesch\u00e4ftsf\u00fchrer von Preussen Elektra, mehrere \u00dcberlegungen. Diese w\u00fcrden von Batteriespeichern \u00fcber Rechenzentren bis hin zu Einrichtungen der Kernfusionstechnologie reichen, so Knott. <\/p>\n","protected":false},"excerpt":{"rendered":"Die Betreiber des 2023 stillgelegten Kernkraftwerks Isar im Landkreis Landshut haben am Dienstag \u00fcber einen Unfall bei R\u00fcckbauarbeiten&hellip;\n","protected":false},"author":2,"featured_media":585880,"comment_status":"","ping_status":"","sticky":false,"template":"","format":"standard","meta":{"footnotes":""},"categories":[2],"tags":[5032,29,30,13,140442,23966,14,15,5524,82222,12,10,8,9,11,1284],"class_list":{"0":"post-585879","1":"post","2":"type-post","3":"status-publish","4":"format-standard","5":"has-post-thumbnail","7":"category-deutschland","8":"tag-atomkraft","9":"tag-deutschland","10":"tag-germany","11":"tag-headlines","12":"tag-isar-2","13":"tag-kernkraftwerk","14":"tag-nachrichten","15":"tag-news","16":"tag-niederbayern","17":"tag-rueckbau","18":"tag-schlagzeilen","19":"tag-top-news","20":"tag-top-meldungen","21":"tag-topmeldungen","22":"tag-topnews","23":"tag-unfall"},"share_on_mastodon":{"url":"https:\/\/pubeurope.com\/@de\/115573944800162076","error":""},"_links":{"self":[{"href":"https:\/\/www.europesays.com\/de\/wp-json\/wp\/v2\/posts\/585879","targetHints":{"allow":["GET"]}}],"collection":[{"href":"https:\/\/www.europesays.com\/de\/wp-json\/wp\/v2\/posts"}],"about":[{"href":"https:\/\/www.europesays.com\/de\/wp-json\/wp\/v2\/types\/post"}],"author":[{"embeddable":true,"href":"https:\/\/www.europesays.com\/de\/wp-json\/wp\/v2\/users\/2"}],"replies":[{"embeddable":true,"href":"https:\/\/www.europesays.com\/de\/wp-json\/wp\/v2\/comments?post=585879"}],"version-history":[{"count":0,"href":"https:\/\/www.europesays.com\/de\/wp-json\/wp\/v2\/posts\/585879\/revisions"}],"wp:featuredmedia":[{"embeddable":true,"href":"https:\/\/www.europesays.com\/de\/wp-json\/wp\/v2\/media\/585880"}],"wp:attachment":[{"href":"https:\/\/www.europesays.com\/de\/wp-json\/wp\/v2\/media?parent=585879"}],"wp:term":[{"taxonomy":"category","embeddable":true,"href":"https:\/\/www.europesays.com\/de\/wp-json\/wp\/v2\/categories?post=585879"},{"taxonomy":"post_tag","embeddable":true,"href":"https:\/\/www.europesays.com\/de\/wp-json\/wp\/v2\/tags?post=585879"}],"curies":[{"name":"wp","href":"https:\/\/api.w.org\/{rel}","templated":true}]}}