{"id":585883,"date":"2025-11-19T02:15:03","date_gmt":"2025-11-19T02:15:03","guid":{"rendered":"https:\/\/www.europesays.com\/de\/585883\/"},"modified":"2025-11-19T02:15:03","modified_gmt":"2025-11-19T02:15:03","slug":"kuenstler-fuer-ausstellungen-gesucht-fraenkischer-de","status":"publish","type":"post","link":"https:\/\/www.europesays.com\/de\/585883\/","title":{"rendered":"K\u00fcnstler f\u00fcr Ausstellungen gesucht \u2013 fr\u00e4nkischer.de"},"content":{"rendered":"<p><a class=\"post-thumbnail open-lightbox\" href=\"https:\/\/fraenkischer-media.s3.eu-central-1.amazonaws.com\/files\/2025\/11\/18175513\/Symbolbild_Ausstellung_Alfons-Berse.jpg\" data-wpel-link=\"external\" target=\"_blank\" rel=\"follow nofollow noopener\"><img loading=\"lazy\" decoding=\"async\" width=\"750\" height=\"430\" alt=\"\" src=\"https:\/\/www.europesays.com\/de\/wp-content\/uploads\/2025\/11\/Symbolbild_Ausstellung_Alfons-Berse-750x430.jpg\"\/> <\/a> Symbolbild f\u00fcr eine Ausstellung in der Gotischen Halle. Hier stellte der K\u00fcnstler Alfons Berens aus der N\u00e4he von Rothenburg o.d.T im Mai 2025 in der Gotischen Halle des Stadthauses aus. &#8211; Bildquelle: Stadt Ansbach \/\/ Anne Ziegler <img decoding=\"async\" class=\"lftgqm-image\" src=\"\" alt=\"\"\/> <\/p>\n<p>Ansbach, <a class=\"wpg-linkify\" href=\"https:\/\/fraenkischer.de\/glossar\/18-november\/\" target=\"_blank\" data-wpel-link=\"internal\" rel=\"nofollow noopener\">18. November<\/a> 2025 \u2013 <strong>F\u00fcr K\u00fcnstlerinnen und K\u00fcnstler ebenso f\u00fcr ambitionierte Hobbyk\u00fcnstlerinnen und -k\u00fcnstler besteht weiterhin die M\u00f6glichkeit, in der Gotischen Halle im <a class=\"wpg-linkify\" href=\"https:\/\/fraenkischer.de\/glossar\/stadthaus\/\" target=\"_blank\" data-wpel-link=\"internal\" rel=\"nofollow noopener\">Stadthaus<\/a> Termine f\u00fcr Ausstellungen zu reservieren. Gezeigt werden k\u00f6nnen alle Arten von bildender Kunst. Aktuell werden Interessierte gesucht, die ihre Werke im kommenden Jahr ausstellen m\u00f6chten.<\/strong><\/p>\n<p>Generell ist f\u00fcr die Ausstellungen ein Zeitraum von einem Monat vorgesehen, die Gestaltung (Auf- und Abh\u00e4ngen, beziehungsweise Aufstellen- und Abbau) muss in Eigenregie erfolgen. Alle Interessierten k\u00f6nnen sich mit Fotos der Werke oder den Werken selbst noch bis zum <a class=\"wpg-linkify\" href=\"https:\/\/fraenkischer.de\/glossar\/16-dezember\/\" target=\"_blank\" data-wpel-link=\"internal\" rel=\"nofollow noopener\">16. Dezember<\/a> 2025 bei der Tourist Information, <a class=\"wpg-linkify\" href=\"https:\/\/fraenkischer.de\/glossar\/johann-sebastian-bach-platz\/\" target=\"_blank\" data-wpel-link=\"internal\" rel=\"nofollow noopener\">Johann-Sebastian-Bach-Platz<\/a> 1, Tel. 0981\/51-243, E-Mail: tourismus@ansbach.de bewerben.<\/p>\n<p>Quelle: Pressemitteilung, Stadt Ansbach<\/p>\n","protected":false},"excerpt":{"rendered":"Symbolbild f\u00fcr eine Ausstellung in der Gotischen Halle. Hier stellte der K\u00fcnstler Alfons Berens aus der N\u00e4he von&hellip;\n","protected":false},"author":2,"featured_media":585884,"comment_status":"","ping_status":"","sticky":false,"template":"","format":"standard","meta":{"footnotes":""},"categories":[1860],"tags":[3364,29,548,663,3934,30,4062,17332,13,14,15,17331,860,12],"class_list":{"0":"post-585883","1":"post","2":"type-post","3":"status-publish","4":"format-standard","5":"has-post-thumbnail","7":"category-halle-saale","8":"tag-de","9":"tag-deutschland","10":"tag-eu","11":"tag-europa","12":"tag-europe","13":"tag-germany","14":"tag-halle","15":"tag-halle-saale","16":"tag-headlines","17":"tag-nachrichten","18":"tag-news","19":"tag-saale","20":"tag-sachsen-anhalt","21":"tag-schlagzeilen"},"share_on_mastodon":{"url":"https:\/\/pubeurope.com\/@de\/115573959074874570","error":""},"_links":{"self":[{"href":"https:\/\/www.europesays.com\/de\/wp-json\/wp\/v2\/posts\/585883","targetHints":{"allow":["GET"]}}],"collection":[{"href":"https:\/\/www.europesays.com\/de\/wp-json\/wp\/v2\/posts"}],"about":[{"href":"https:\/\/www.europesays.com\/de\/wp-json\/wp\/v2\/types\/post"}],"author":[{"embeddable":true,"href":"https:\/\/www.europesays.com\/de\/wp-json\/wp\/v2\/users\/2"}],"replies":[{"embeddable":true,"href":"https:\/\/www.europesays.com\/de\/wp-json\/wp\/v2\/comments?post=585883"}],"version-history":[{"count":0,"href":"https:\/\/www.europesays.com\/de\/wp-json\/wp\/v2\/posts\/585883\/revisions"}],"wp:featuredmedia":[{"embeddable":true,"href":"https:\/\/www.europesays.com\/de\/wp-json\/wp\/v2\/media\/585884"}],"wp:attachment":[{"href":"https:\/\/www.europesays.com\/de\/wp-json\/wp\/v2\/media?parent=585883"}],"wp:term":[{"taxonomy":"category","embeddable":true,"href":"https:\/\/www.europesays.com\/de\/wp-json\/wp\/v2\/categories?post=585883"},{"taxonomy":"post_tag","embeddable":true,"href":"https:\/\/www.europesays.com\/de\/wp-json\/wp\/v2\/tags?post=585883"}],"curies":[{"name":"wp","href":"https:\/\/api.w.org\/{rel}","templated":true}]}}