{"id":585896,"date":"2025-11-19T02:27:13","date_gmt":"2025-11-19T02:27:13","guid":{"rendered":"https:\/\/www.europesays.com\/de\/585896\/"},"modified":"2025-11-19T02:27:13","modified_gmt":"2025-11-19T02:27:13","slug":"chatgpt-workshops-fuer-senioren","status":"publish","type":"post","link":"https:\/\/www.europesays.com\/de\/585896\/","title":{"rendered":"ChatGPT-Workshops f\u00fcr Senioren"},"content":{"rendered":"<p class=\"paragraph --regular --color\" data-v-7b2e5916=\"\" data-v-0c32301e=\"\">Stadt Wiesbaden. Das Zukunftswerk, Kirchgasse 6 (Luisenforum), bietet zus\u00e4tzliche kostenfreie Workshops zur Nutzung von ChatGPT f\u00fcr Senioren an. Die Veranstaltungen vermitteln einen einfachen Zugang zu K\u00fcnstlicher Intelligenz und zeigen alltagstaugliche Anwendungsm\u00f6glichkeiten. Die Workshops finden am Dienstag, 25. November, und Freitag, 28. November, sowie am Dienstag, 2. Dezember, und Donnerstag, 4. Dezember, jeweils von 10 bis 11.30 Uhr statt. Eine Anmeldung per E-Mail an zukunftswerk@wiesbaden.de ist erforderlich.<\/p>\n","protected":false},"excerpt":{"rendered":"Stadt Wiesbaden. Das Zukunftswerk, Kirchgasse 6 (Luisenforum), bietet zus\u00e4tzliche kostenfreie Workshops zur Nutzung von ChatGPT f\u00fcr Senioren an.&hellip;\n","protected":false},"author":2,"featured_media":67933,"comment_status":"","ping_status":"","sticky":false,"template":"","format":"standard","meta":{"footnotes":""},"categories":[1847],"tags":[3364,29,548,663,3934,30,13,2052,11188,14,15,10236,11189,12,11190,4544],"class_list":{"0":"post-585896","1":"post","2":"type-post","3":"status-publish","4":"format-standard","5":"has-post-thumbnail","7":"category-wiesbaden","8":"tag-de","9":"tag-deutschland","10":"tag-eu","11":"tag-europa","12":"tag-europe","13":"tag-germany","14":"tag-headlines","15":"tag-hessen","16":"tag-main-taunus","17":"tag-nachrichten","18":"tag-news","19":"tag-rhein-main","20":"tag-rheingau","21":"tag-schlagzeilen","22":"tag-untertaunus","23":"tag-wiesbaden"},"share_on_mastodon":{"url":"https:\/\/pubeurope.com\/@de\/115574004156685297","error":""},"_links":{"self":[{"href":"https:\/\/www.europesays.com\/de\/wp-json\/wp\/v2\/posts\/585896","targetHints":{"allow":["GET"]}}],"collection":[{"href":"https:\/\/www.europesays.com\/de\/wp-json\/wp\/v2\/posts"}],"about":[{"href":"https:\/\/www.europesays.com\/de\/wp-json\/wp\/v2\/types\/post"}],"author":[{"embeddable":true,"href":"https:\/\/www.europesays.com\/de\/wp-json\/wp\/v2\/users\/2"}],"replies":[{"embeddable":true,"href":"https:\/\/www.europesays.com\/de\/wp-json\/wp\/v2\/comments?post=585896"}],"version-history":[{"count":0,"href":"https:\/\/www.europesays.com\/de\/wp-json\/wp\/v2\/posts\/585896\/revisions"}],"wp:featuredmedia":[{"embeddable":true,"href":"https:\/\/www.europesays.com\/de\/wp-json\/wp\/v2\/media\/67933"}],"wp:attachment":[{"href":"https:\/\/www.europesays.com\/de\/wp-json\/wp\/v2\/media?parent=585896"}],"wp:term":[{"taxonomy":"category","embeddable":true,"href":"https:\/\/www.europesays.com\/de\/wp-json\/wp\/v2\/categories?post=585896"},{"taxonomy":"post_tag","embeddable":true,"href":"https:\/\/www.europesays.com\/de\/wp-json\/wp\/v2\/tags?post=585896"}],"curies":[{"name":"wp","href":"https:\/\/api.w.org\/{rel}","templated":true}]}}