{"id":585897,"date":"2025-11-19T02:28:12","date_gmt":"2025-11-19T02:28:12","guid":{"rendered":"https:\/\/www.europesays.com\/de\/585897\/"},"modified":"2025-11-19T02:28:12","modified_gmt":"2025-11-19T02:28:12","slug":"sondervermoegen-bundeswehr-ist-fast-vollstaendig-ausgegeben","status":"publish","type":"post","link":"https:\/\/www.europesays.com\/de\/585897\/","title":{"rendered":"Sonderverm\u00f6gen Bundeswehr ist fast vollst\u00e4ndig ausgegeben"},"content":{"rendered":"<p class=\"mb-6 text-xs md:text-m lg:text-l font-serif group-[.font-sans]:font-sans \">\n    Aus dem 100 Milliarden Euro schweren Sonderverm\u00f6gen, das die Bundesregierung 2022 f\u00fcr die Bundeswehr beschlossen hatte, sei noch \u201ekein einziger Pfennig in die Bundeswehr investiert\u201c worden. Das behauptet der AfD-Fraktionsvorsitzende Tino Chrupalla in einem <a href=\"https:\/\/www.zdfheute.de\/video\/berlin-direkt\/berlin-direkt-vom-26-oktober-2025-100.html\" rel=\"nofollow noopener\" target=\"_blank\" class=\"underline \">Interview<\/a>\u00a0der ZDF-Sendung \u201eBerlin direkt\u201c am 26. Oktober. Ausschnitte seines Auftritts kursieren auch auf\u00a0<a href=\"https:\/\/www.tiktok.com\/@thewither768\/video\/7566936899365915907\" rel=\"nofollow noopener\" target=\"_blank\" class=\"underline \">Tiktok<\/a>. \u201eWir stehen genauso blank da wie vorher\u201c, fasst Chrupalla die Situation der Bundeswehr zusammen. Stimmt das?\n  <\/p>\n<p>            Bewertung<\/p>\n<p class=\"mb-6 text-xs md:text-m lg:text-l font-serif group-[.font-sans]:font-sans \">\n    Die Behauptung ist falsch. Das Sonderverm\u00f6gen, das die Bundesregierung 2022 f\u00fcr die Bundeswehr beschloss, war bereits Ende 2024 fast \u00abvollst\u00e4ndig in Vertr\u00e4ge mit der wehrtechnischen Industrie gebunden\u00bb, teilte das Bundesamt f\u00fcr Ausr\u00fcstung, Informationstechnik und Nutzung der Bundeswehr im Dezember 2024 mit.\n  <\/p>\n<p>            Fakten<\/p>\n<p class=\"mb-6 text-xs md:text-m lg:text-l font-serif group-[.font-sans]:font-sans \">\n    Das\u00a0<a href=\"https:\/\/www.gesetze-im-internet.de\/bwfinsvermg\/BJNR103010022.html\" rel=\"nofollow noopener\" target=\"_blank\" class=\"underline \">Gesetz<\/a>\u00a0zum \u201eSonderverm\u00f6gen Bundeswehr\u201c trat im Juli 2022 in Kraft. Bereits kurz nach dem Beginn des russischen Angriffskrieges auf die Ukraine hatte der ehemalige Bundeskanzler Olaf Scholz ein solches Sonderverm\u00f6gen in einer\u00a0<a href=\"https:\/\/www.bundestag.de\/dokumente\/textarchiv\/2022\/kw08-sondersitzung-882198?ref=apolut.net&amp;enodia=eyJleHAiOjE3NjI4NDg4MjcsImNvbnRlbnQiOnRydWUsImF1ZCI6ImF1dGgiLCJIb3N0Ijoid3d3LmJ1bmRlc3RhZy5kZSIsIlNvdXJjZUlQIjoiMTUxLjgwLjE4LjE1MyIsIkNvbmZpZ0lEIjoiOGRhZGNlMTI1ZmQyYzM5MzJiOTQzYjUyZTlkMmNkNjUwNTc1NGUxNjIyMTJhMmNlMWJiNWFmMTVjMGQ0YmJmZSJ9.MzkWXNGRBlxx3iwX1zT8xOkRJAsEd1b8sMTGmEyqFis%3D\" rel=\"nofollow noopener\" target=\"_blank\" class=\"underline \">Rede<\/a>\u00a0angek\u00fcndigt.\u00a0<a href=\"https:\/\/www.bundestag.de\/dokumente\/textarchiv\/2022\/kw22-de-sondervermoegen-897614\" rel=\"nofollow noopener\" target=\"_blank\" class=\"underline \">100 Milliarden Euro<\/a>\u00a0hat die Bundeswehr dank des Sonderverm\u00f6gens nun zus\u00e4tzlich f\u00fcr R\u00fcstungsinvestitionen zur Verf\u00fcgung.\n  <\/p>\n<p>            Neue Flugzeuge und neues Ger\u00e4t bestellt<\/p>\n<p class=\"mb-6 text-xs md:text-m lg:text-l font-serif group-[.font-sans]:font-sans \">\n    Ende 2024 teilte das\u00a0<a href=\"https:\/\/www.presseportal.de\/pm\/147341\/5935970\" rel=\"nofollow noopener\" target=\"_blank\" class=\"underline \">Versorgungsamt der Bundeswehr<\/a>\u00a0mit, dass das Sonderverm\u00f6gen praktisch vollst\u00e4ndig verplant sei. Wieviel von dem Geld wof\u00fcr bereits verwendet wurde, schl\u00fcsselt die Bundeswehr nicht auf. Auch eine offizielle Liste mit bisherigen Anschaffungen aus dem Sonderverm\u00f6gen gibt es nicht. Dies kritisiert der mdr und hat deshalb in einer umfangreichen Recherche\u00a0<a href=\"https:\/\/www.mdr.de\/nachrichten\/deutschland\/politik\/bundeswehr-sondervermoegen-verwendung-posten-ausgaben-liste-104.html\" rel=\"nofollow noopener\" target=\"_blank\" class=\"underline \">eine Liste<\/a>\u00a0angelegt, in der die Redaktion die bisherigen Anschaffungen f\u00fcr die Bundeswehr aus dem Sonderverm\u00f6gen zusammengetragen hat.\n  <\/p>\n<p class=\"mb-6 text-xs md:text-m lg:text-l font-serif group-[.font-sans]:font-sans \">\n    Demnach hat die Bundeswehr mit der Finanzspritze vor allem in schweres Ger\u00e4t, wie etwa 35\u00a0<a href=\"https:\/\/www.bundeswehr.de\/de\/organisation\/luftwaffe\/sondervermoegen-luftwaffe\/kampfjets-f-35-luftwaffe\" rel=\"nofollow noopener\" target=\"_blank\" class=\"underline \">F-35 Kampfflugzeuge<\/a>, mehr als 120 Panzer vom Typ Leopard 2 und 62 Kampfhubschrauber, investiert. \u00dcber 48 Milliarden Euro flossen somit laut mdr-Recherche in die Bestellung neuer U-Boote, Panzer, Flugger\u00e4te und anderer R\u00fcstungsg\u00fcter.\n  <\/p>\n<p class=\"mb-6 text-xs md:text-m lg:text-l font-serif group-[.font-sans]:font-sans \">\n    Wenn Neuanschaffungen \u00fcber 25 Millionen Euro kosten, muss erst der\u00a0<a href=\"https:\/\/www.bmvg.de\/de\/beschaffung-25-millionen-euro-vorlagen\" rel=\"nofollow noopener\" target=\"_blank\" class=\"underline \">Haushaltsausschuss des Bundestages<\/a>\u00a0zustimmen. Alleine dieses Jahr hat der Bundestag bereits 14 solcher 25-Millionen-Euro-Vorlagen f\u00fcr die Bundeswehr\u00a0<a href=\"https:\/\/www.bmvg.de\/de\/presse\/14-weitere-beschaffungsvorlagen-6038482\" rel=\"nofollow noopener\" target=\"_blank\" class=\"underline \">genehmigt<\/a>. Somit hat die Bundeswehr 2025 noch einmal Vertr\u00e4ge \u00fcber 1,9 Milliarden Euro abgeschlossen.\n  <\/p>\n<p>            Neue Schutzkleidung bereits da<\/p>\n<p class=\"mb-6 text-xs md:text-m lg:text-l font-serif group-[.font-sans]:font-sans \">\n    Es gibt sogar Material, dass aus dem\u00a0<a href=\"https:\/\/www.bundestag.de\/resource\/blob\/1056752\/e860481183497bb4722fa0dc6e07bba9\/pressemitteilung_jahresbericht_2024.pdf\" rel=\"nofollow noopener\" target=\"_blank\" class=\"underline \">Sonderverm\u00f6gen bestellt<\/a>\u00a0wurde und von den aktiven Soldaten in Deutschland schon genutzt werden kann. So hat die Bundeswehr mit dem Sonderverm\u00f6gen in neue pers\u00f6nliche Schutzkleidung wie zum Beispiel Helme investiert. Eine neue pers\u00f6nliche Ausstattung soll jeder Soldat bis Ende 2025 erhalten. Laut Vizeadmiral Carsten Stawitzki sind die\u00a0<a href=\"https:\/\/www.youtube.com\/watch?v=axaQo4Yvbdc&amp;t=1064s\" rel=\"nofollow noopener\" target=\"_blank\" class=\"underline \">Sachen bereits ausgeliefert<\/a>\u00a0und m\u00fcssen nur noch von den Soldaten abgeholt werden.\n  <\/p>\n<p class=\"mb-6 text-xs md:text-m lg:text-l font-serif group-[.font-sans]:font-sans \">\n    2024 erreichte Deutschland mit seinem insgesamt 72 Milliarden schweren\u00a0<a href=\"https:\/\/www.bundestag.de\/dokumente\/textarchiv\/2024\/kw05-de-verteidigung-977670\" rel=\"nofollow noopener\" target=\"_blank\" class=\"underline \">Verteidigungshaushalt<\/a>\u00a0erstmals das von der NATO anvisierte 2-Prozent-Ziel f\u00fcr Verteidigungsausgaben. Rund 20 Milliarden des Verteidigungshaushalts 2024 kamen dabei aus dem Sonderverm\u00f6gen.\n  <\/p>\n<p class=\"mb-6 text-xs md:text-m lg:text-l font-serif group-[.font-sans]:font-sans \">\n    Es gibt also mehrere Belege f\u00fcr eine Verwendung des Sonderverm\u00f6gens und sogar bereits beschafftes Material, dass von den Soldaten genutzt werden kann. Chrupallas Behauptung, \u201ebisher ist kein einziger Pfennig in die Bundeswehr investiert worden aus diesem Sonderverm\u00f6gen\u201c, muss entsprechend als falsch angesehen werden.\n  <\/p>\n<p class=\"mb-6 text-xs md:text-m lg:text-l font-serif group-[.font-sans]:font-sans \">\n    (Stand: 11.11.2025)\n  <\/p>\n<p>    Recherche vertiefen? Hier geht\u2018s zu den Links<\/p>\n<p class=\"mb-6 text-xs md:text-m lg:text-l font-serif group-[.font-sans]:font-sans \">\n    Haben auch Sie einen Sachverhalt, den man einmal unter die Lupe nehmen sollte? Ein Foto, Video oder eine Aussage, die gepr\u00fcft werden sollte? Dann freuen wir uns \u00fcber Ihre Nachricht an die dpa-Faktenchecker unter 0160 3476409 via WhatsApp (Keine Gew\u00e4hr f\u00fcr die Bearbeitung).\u00a0\n  <\/p>\n<p>    Transparenzhinweis<\/p>\n<p class=\"mb-6 text-xs md:text-m lg:text-l font-serif group-[.font-sans]:font-sans \">\n    Das Projekt \u201eAugsburg checkt\u2018s\u201c erfolgt in gemeinsamer Zusammenarbeit der Stadt Augsburg, den Stadtwerken Augsburg, der Augsburger Allgemeinen und der Deutschen Presseagentur. Stadt und Stadtwerke stellen Geb\u00e4ude, Liegenschaften sowie Fahrzeuge f\u00fcr die Initiative zur Verf\u00fcgung. Auf Inhalte haben sie keinen Einfluss. Die Faktenchecks wurden von der Deutschen Presseagentur recherchiert und werden unter anderem \u00fcber die Augsburger Allgemeine publiziert.\u00a0\n  <\/p>\n<p>  <script async src=\"\/\/www.tiktok.com\/embed.js\"><\/script><\/p>\n","protected":false},"excerpt":{"rendered":"Aus dem 100 Milliarden Euro schweren Sonderverm\u00f6gen, das die Bundesregierung 2022 f\u00fcr die Bundeswehr beschlossen hatte, sei noch&hellip;\n","protected":false},"author":2,"featured_media":585898,"comment_status":"","ping_status":"","sticky":false,"template":"","format":"standard","meta":{"footnotes":""},"categories":[1846],"tags":[680,772,3364,29,548,663,3934,30,13,14,15,12],"class_list":{"0":"post-585897","1":"post","2":"type-post","3":"status-publish","4":"format-standard","5":"has-post-thumbnail","7":"category-augsburg","8":"tag-augsburg","9":"tag-bayern","10":"tag-de","11":"tag-deutschland","12":"tag-eu","13":"tag-europa","14":"tag-europe","15":"tag-germany","16":"tag-headlines","17":"tag-nachrichten","18":"tag-news","19":"tag-schlagzeilen"},"share_on_mastodon":{"url":"https:\/\/pubeurope.com\/@de\/115574007589320733","error":""},"_links":{"self":[{"href":"https:\/\/www.europesays.com\/de\/wp-json\/wp\/v2\/posts\/585897","targetHints":{"allow":["GET"]}}],"collection":[{"href":"https:\/\/www.europesays.com\/de\/wp-json\/wp\/v2\/posts"}],"about":[{"href":"https:\/\/www.europesays.com\/de\/wp-json\/wp\/v2\/types\/post"}],"author":[{"embeddable":true,"href":"https:\/\/www.europesays.com\/de\/wp-json\/wp\/v2\/users\/2"}],"replies":[{"embeddable":true,"href":"https:\/\/www.europesays.com\/de\/wp-json\/wp\/v2\/comments?post=585897"}],"version-history":[{"count":0,"href":"https:\/\/www.europesays.com\/de\/wp-json\/wp\/v2\/posts\/585897\/revisions"}],"wp:featuredmedia":[{"embeddable":true,"href":"https:\/\/www.europesays.com\/de\/wp-json\/wp\/v2\/media\/585898"}],"wp:attachment":[{"href":"https:\/\/www.europesays.com\/de\/wp-json\/wp\/v2\/media?parent=585897"}],"wp:term":[{"taxonomy":"category","embeddable":true,"href":"https:\/\/www.europesays.com\/de\/wp-json\/wp\/v2\/categories?post=585897"},{"taxonomy":"post_tag","embeddable":true,"href":"https:\/\/www.europesays.com\/de\/wp-json\/wp\/v2\/tags?post=585897"}],"curies":[{"name":"wp","href":"https:\/\/api.w.org\/{rel}","templated":true}]}}