{"id":58609,"date":"2025-04-24T23:03:11","date_gmt":"2025-04-24T23:03:11","guid":{"rendered":"https:\/\/www.europesays.com\/de\/58609\/"},"modified":"2025-04-24T23:03:11","modified_gmt":"2025-04-24T23:03:11","slug":"einigung-sane-wird-neuen-bayern-vertrag-unterschreiben","status":"publish","type":"post","link":"https:\/\/www.europesays.com\/de\/58609\/","title":{"rendered":"Einigung! San\u00e9 wird neuen Bayern-Vertrag unterschreiben"},"content":{"rendered":"<p><strong>Nach langem Poker zwischen dem FC Bayern und Leory San\u00e9 gibt es jetzt offenbar eine Einigung. Der Nationalspieler steht vor einer Unterschrift unter einen neuen Vertrag beim FCB.<\/strong><\/p>\n<p>Die monatelangen Gespr\u00e4che sind offenbar abgeschlossen \u2013 und der FC Bayern kann den n\u00e4chsten Erfolg bei der Kaderplanung verbuchen. Nach Informationen des BILD-Podcasts \u201eBayern Insider\u201c haben sich die M\u00fcnchner mit Leroy San\u00e9 auf eine Vertragsverl\u00e4ngerung geeinigt. Der neue Kontrakt soll laut dem Bericht in der kommenden Woche offiziell unterzeichnet werden.<\/p>\n<p>Demnach erh\u00e4lt San\u00e9 ein Arbeitspapier bis 2028. Das Gehalt des deutschen Nationalspielers liegt k\u00fcnftig bei zehn Millionen Euro fix \u2013 dazu k\u00f6nnen bis zu f\u00fcnf Millionen Euro an leistungsbezogenen Boni hinzukommen. Damit verzichtet der 29-J\u00e4hrige auf einen Topverdiener-Status und setzt ein starkes Zeichen: Er will langfristig beim FC Bayern bleiben.<\/p>\n<p>San\u00e9 wollte gerne bei Bayern bleiben<\/p>\n<p>Die Gespr\u00e4che zwischen Spieler, Berater und Vereinsf\u00fchrung liefen \u00fcber mehrere Monate. Zwischenzeitlich wurde auch \u00fcber einen m\u00f6glichen Abgang spekuliert, unter anderem gab es lose Anfragen aus der Premier League. Doch San\u00e9 entschied sich fr\u00fchzeitig, seine Zukunft in M\u00fcnchen zu sehen \u2013 nicht zuletzt wegen der sportlichen Perspektive unter Trainer Vincent Kompany.<\/p>\n<p>Auch innerhalb des Vereins war die Personalie ein zentrales Thema. Sportvorstand Max Eberl und Sportdirektor Christoph Freund trieben die Verhandlungen aktiv voran. Pr\u00e4sident Herbert Hainer hatte sich zuletzt \u00f6ffentlich optimistisch gezeigt und betont, dass San\u00e9 sich in M\u00fcnchen \u201esehr wohl\u201c f\u00fchle \u2013 auch wegen seiner Verbindung zu Kompany, mit dem er bereits bei Manchester City zusammengearbeitet hatte.<\/p>\n<p>Nach den Verl\u00e4ngerungen mit den Leistungstr\u00e4gern Manuel Neuer, Jamal Musiala, Alphonso Davies und Joshua Kimmich binden die Bayern mit San\u00e9 einen weiteren wichtigen Spieler f\u00fcr die n\u00e4chsten Jahre.<\/p>\n<p><img decoding=\"async\" class=\"wp-worthy-pixel-img skip-lazy \" src=\"https:\/\/www.europesays.com\/de\/wp-content\/uploads\/2025\/04\/f4e41fb9d62f4d27b9f603a8eee1d3d3.gif\" loading=\"eager\" data-no-lazy=\"1\" data-skip-lazy=\"1\" height=\"1\" width=\"1\" alt=\"\"\/><\/p>\n","protected":false},"excerpt":{"rendered":"Nach langem Poker zwischen dem FC Bayern und Leory San\u00e9 gibt es jetzt offenbar eine Einigung. Der Nationalspieler&hellip;\n","protected":false},"author":2,"featured_media":58610,"comment_status":"","ping_status":"","sticky":false,"template":"","format":"standard","meta":{"footnotes":""},"categories":[136],"tags":[29,30,276,265],"class_list":{"0":"post-58609","1":"post","2":"type-post","3":"status-publish","4":"format-standard","5":"has-post-thumbnail","7":"category-sport","8":"tag-deutschland","9":"tag-germany","10":"tag-leroy-sane","11":"tag-sport"},"share_on_mastodon":{"url":"https:\/\/pubeurope.com\/@de\/114395441039541932","error":""},"_links":{"self":[{"href":"https:\/\/www.europesays.com\/de\/wp-json\/wp\/v2\/posts\/58609","targetHints":{"allow":["GET"]}}],"collection":[{"href":"https:\/\/www.europesays.com\/de\/wp-json\/wp\/v2\/posts"}],"about":[{"href":"https:\/\/www.europesays.com\/de\/wp-json\/wp\/v2\/types\/post"}],"author":[{"embeddable":true,"href":"https:\/\/www.europesays.com\/de\/wp-json\/wp\/v2\/users\/2"}],"replies":[{"embeddable":true,"href":"https:\/\/www.europesays.com\/de\/wp-json\/wp\/v2\/comments?post=58609"}],"version-history":[{"count":0,"href":"https:\/\/www.europesays.com\/de\/wp-json\/wp\/v2\/posts\/58609\/revisions"}],"wp:featuredmedia":[{"embeddable":true,"href":"https:\/\/www.europesays.com\/de\/wp-json\/wp\/v2\/media\/58610"}],"wp:attachment":[{"href":"https:\/\/www.europesays.com\/de\/wp-json\/wp\/v2\/media?parent=58609"}],"wp:term":[{"taxonomy":"category","embeddable":true,"href":"https:\/\/www.europesays.com\/de\/wp-json\/wp\/v2\/categories?post=58609"},{"taxonomy":"post_tag","embeddable":true,"href":"https:\/\/www.europesays.com\/de\/wp-json\/wp\/v2\/tags?post=58609"}],"curies":[{"name":"wp","href":"https:\/\/api.w.org\/{rel}","templated":true}]}}