{"id":586217,"date":"2025-11-19T05:34:40","date_gmt":"2025-11-19T05:34:40","guid":{"rendered":"https:\/\/www.europesays.com\/de\/586217\/"},"modified":"2025-11-19T05:34:40","modified_gmt":"2025-11-19T05:34:40","slug":"europas-groesste-raumfahrtmesse-space-tech-expo-startet-in-bremen","status":"publish","type":"post","link":"https:\/\/www.europesays.com\/de\/586217\/","title":{"rendered":"Europas gr\u00f6\u00dfte Raumfahrtmesse &#8222;Space Tech Expo&#8220; startet in Bremen"},"content":{"rendered":"<p class=\"article-toplinewrapper\">\nFragen &amp; Antworten<\/p>\n<p>Standdatum: 18. November 2025.<\/p>\n<p>Autorinnen und Autoren:<br \/>\nKristian Kloo\u00df<\/p>\n<p><img decoding=\"async\" class=\"image -image-with-fallback -image-rounded  lazyload\" src=\"data:image\/gif;base64,R0lGODlhEAAJAIAAAP\/\/\/\/\/\/\/yH5BAEKAAEALAAAAAAQAAkAAAIKjI+py+0Po5yUFQA7\"   alt=\"SpaceTech Expo 2019\" data-image-owner=\"WFB | Jan Rathke\" data-image-title=\"SpaceTech Expo 2019\" data-image-src=\"https:\/\/www.butenunbinnen.de\/bilder\/space-tech-102~_v-800x450_c-1762950332584.jpg\" data-image-rights-src=\"\/bilder\/space-tech-102~_v-640x360_c-1762950332584.jpg\"\/><\/p>\n<p>Mehr als 10.000 Fachbesucher werden in diesem Jahr auf der Space Tech Expo in Bremen erwartet. Die Stadt pr\u00e4sentiert sich als &#8222;City of Space&#8220;. (Archivbild)<\/p>\n<p>Bild: WFB | Jan Rathke<\/p>\n<p class=\"article-intro\">Auf der Messe werden mehr als 10.000 Fachbesucher erwartet. Mit 12.000 Besch\u00e4ftigten in der Branche ist Bremen einer der gr\u00f6\u00dften Raumfahrtstandorte Deutschlands.<\/p>\n<p>Europas gr\u00f6\u00dfte Raumfahrtindustrie-Messe, die &#8222;Space Tech Expo Europe&#8220;, kehrt am Dienstag nach Bremen zur\u00fcck. Die seit 2015 regelm\u00e4\u00dfig in der Hansestadt stattfindende Veranstaltung gilt als einer der wichtigsten Treffpunkte der europ\u00e4ischen Raumfahrt.<\/p>\n<p>Wann und wo findet die Messe statt?<\/p>\n<p class=\"questions-and-answers-answers\">Die &#8222;Space Tech Expo&#8220; ist eine mittlerweile auf mehrere Hallen an der Bremer B\u00fcrgerweide angewachsene Fachmesse, in deren Umfeld auch Konferenzen veranstaltet werden. Sie findet vom 18. bis 20. November statt, also von diesem Dienstag bis Donnerstag.<\/p>\n<p>F\u00fcr wen ist die Messe gedacht?<\/p>\n<p class=\"questions-and-answers-answers\">Bei der Expo handelt es sich nicht um eine Publikums-, sondern um eine Fachbesuchermesse. Fachkr\u00e4fte aus den Bereichen Technik, Ingenieurwesen und Fertigung k\u00f6nnen sich ebenso kostenlos anmelden wie Fachleute aus den Bereichen Vertrieb, Verkauf und Gesch\u00e4ftsentwicklung.<\/p>\n<p><a href=\"https:\/\/www.butenunbinnen.de\/bilder\/space-tech-100~_v-512x288_c-1762950355356.jpg\" data-gallery-entry-for=\"space-tech-expo-europe-bremen-100\" data-size=\"1920x1080\" class=\"text-link\" rel=\"nofollow noopener\" target=\"_blank\"><\/p>\n<p><img decoding=\"async\" class=\"image -image-with-fallback -image-rounded  lazyload\" src=\"data:image\/gif;base64,R0lGODlhEAAJAIAAAP\/\/\/\/\/\/\/yH5BAEKAAEALAAAAAAQAAkAAAIKjI+py+0Po5yUFQA7\"   alt=\"SpaceTech Expo 2019\" title=\"Bild: WFB | Jan Rathke\" data-image-owner=\"WFB | Jan Rathke\" data-image-title=\"SpaceTech Expo 2019\" data-image-src=\"https:\/\/www.butenunbinnen.de\/bilder\/space-tech-100~_v-512x288_c-1762950355356.jpg\" data-image-rights-src=\"\/bilder\/space-tech-100~_v-640x360_c-1762950355356.jpg\"\/><\/p>\n<p><\/a><\/p>\n<p>Kontakte kn\u00fcpfen ist einer der wichtigsten Aspekte der Space Tech Expo Europe. (Archivbild)<\/p>\n<p>Bild: WFB | Jan Rathke<\/p>\n<p class=\"questions-and-answers-answers\">Insgesamt rechnen die Veranstalter in diesem Jahr mit \u00fcber 10.000 Teilnehmern, bei mehr als 950 Ausstellern \u2013 darunter gro\u00dfe Bremer Player wie Airbus, OHB und die Ariane-Group, aber auch zahlreiche kleinere Firmen und Start-ups.<\/p>\n<p>Auf den parallel dazu stattfindenden Konferenzen werden dar\u00fcber hinaus mehr als 200 Referenten \u00fcber Themen rund um die Raumfahrt sprechen.<\/p>\n<p>Was bedeutet die Space Tech Expo Europe f\u00fcr die Branche?<\/p>\n<p class=\"questions-and-answers-answers\">Die Gro\u00dfveranstaltung verkn\u00fcpft Technik, Industrie und Zulieferketten, also zum Beispiel Hersteller von Satelliten, Tr\u00e4gerraketen, Komponenten, Testeinrichtungen und Software-Anbieter.<\/p>\n<p>Hier findet ein Austausch \u00fcber Themen wie &#8222;New Space&#8220;, also die zunehmend privatwirtschaftlich vorangetriebene Raumfahrt, statt. Au\u00dferdem geht es um Nachhaltigkeit in der Raumfahrt, Kostensenkung von Satelliten und Raketen, die Entwicklung von Kleinsatelliten, Material- und Fertigungsverfahren sowie Cybersicherheit.<\/p>\n<p>Was bedeutet die Messe f\u00fcr Bremen?<\/p>\n<p class=\"questions-and-answers-answers\">Die Stadt kann sich durch die Space Tech Expo als &#8222;City of Space&#8220; profilieren. So erwirtschaften in der Bremer Luft- und Raumfahrtbranche der Wirtschaftsf\u00f6rderung Bremen zufolge mehr als 140 Unternehmen und 20 Institute mit rund 12.000 Besch\u00e4ftigten pro Jahr \u00fcber vier Milliarden Euro.<\/p>\n<p class=\"questions-and-answers-answers\">Dar\u00fcber hinaus kann Bremen vorhandene Infrastruktur wie das Messegel\u00e4nde und das Kongresszentrum nutzen. Im Vor-Pandemie-Jahr 2019 kamen rund 400 Aussteller und 4.500 Besucher zur damals dritten \u201eSpace Tech Expo\u201c. Jetzt zur achten Auflage der Messe rechnen die Organisatoren mit einer Verdopplung der Zahlen. <\/p>\n<p>Nicht zuletzt ist die Messe in diesem Jahr auch ein Schaulaufen der Branche f\u00fcr die bedeutende Ministerratskonferenz der europ\u00e4ischen Raumfahrtagentur ESA Ende November \u2013 ebenfalls in Bremen. Dort geht es dann um rund 20 Milliarden Euro, die die Mitgliedsl\u00e4nder in ihre Raumfahrtprogramme der n\u00e4chsten drei Jahre investieren.<\/p>\n<p class=\"article-legal-broadcast-reference\"><strong>Dieses Thema im Programm:<\/strong><br \/>\nBremen Zwei, Nachrichten, 18. November 2025, 6 Uhr<\/p>\n","protected":false},"excerpt":{"rendered":"Fragen &amp; Antworten Standdatum: 18. November 2025. Autorinnen und Autoren: Kristian Kloo\u00df Mehr als 10.000 Fachbesucher werden in&hellip;\n","protected":false},"author":2,"featured_media":586218,"comment_status":"","ping_status":"","sticky":false,"template":"","format":"standard","meta":{"footnotes":""},"categories":[3933],"tags":[331,332,548,663,158,3934,3935,13,14,15,12],"class_list":{"0":"post-586217","1":"post","2":"type-post","3":"status-publish","4":"format-standard","5":"has-post-thumbnail","7":"category-eu","8":"tag-aktuelle-nachrichten","9":"tag-aktuelle-news","10":"tag-eu","11":"tag-europa","12":"tag-europaeische-union","13":"tag-europe","14":"tag-european-union","15":"tag-headlines","16":"tag-nachrichten","17":"tag-news","18":"tag-schlagzeilen"},"share_on_mastodon":{"url":"https:\/\/pubeurope.com\/@de\/115574739403756075","error":""},"_links":{"self":[{"href":"https:\/\/www.europesays.com\/de\/wp-json\/wp\/v2\/posts\/586217","targetHints":{"allow":["GET"]}}],"collection":[{"href":"https:\/\/www.europesays.com\/de\/wp-json\/wp\/v2\/posts"}],"about":[{"href":"https:\/\/www.europesays.com\/de\/wp-json\/wp\/v2\/types\/post"}],"author":[{"embeddable":true,"href":"https:\/\/www.europesays.com\/de\/wp-json\/wp\/v2\/users\/2"}],"replies":[{"embeddable":true,"href":"https:\/\/www.europesays.com\/de\/wp-json\/wp\/v2\/comments?post=586217"}],"version-history":[{"count":0,"href":"https:\/\/www.europesays.com\/de\/wp-json\/wp\/v2\/posts\/586217\/revisions"}],"wp:featuredmedia":[{"embeddable":true,"href":"https:\/\/www.europesays.com\/de\/wp-json\/wp\/v2\/media\/586218"}],"wp:attachment":[{"href":"https:\/\/www.europesays.com\/de\/wp-json\/wp\/v2\/media?parent=586217"}],"wp:term":[{"taxonomy":"category","embeddable":true,"href":"https:\/\/www.europesays.com\/de\/wp-json\/wp\/v2\/categories?post=586217"},{"taxonomy":"post_tag","embeddable":true,"href":"https:\/\/www.europesays.com\/de\/wp-json\/wp\/v2\/tags?post=586217"}],"curies":[{"name":"wp","href":"https:\/\/api.w.org\/{rel}","templated":true}]}}