{"id":586611,"date":"2025-11-19T09:27:22","date_gmt":"2025-11-19T09:27:22","guid":{"rendered":"https:\/\/www.europesays.com\/de\/586611\/"},"modified":"2025-11-19T09:27:22","modified_gmt":"2025-11-19T09:27:22","slug":"fw-mg-verrusster-schornstein-macht-einsatz-der-feuerwehr-erforderlich","status":"publish","type":"post","link":"https:\/\/www.europesays.com\/de\/586611\/","title":{"rendered":"FW-MG: Verru\u00dfter Schornstein macht Einsatz der Feuerwehr erforderlich"},"content":{"rendered":"<p class=\"date\">19.11.2025 \u2013 07:05<\/p>\n<p class=\"customer\">\n                        <a class=\"story-customer\" title=\"weiter zum newsroom von Feuerwehr M\u00f6nchengladbach\" href=\"https:\/\/www.presseportal.de\/blaulicht\/nr\/115879\" target=\"_blank\" rel=\"noopener\">Feuerwehr M\u00f6nchengladbach<\/a>\n                    <\/p>\n<p><a class=\"glightbox event-trigger\" href=\"https:\/\/cache.pressmailing.net\/thumbnail\/story_hires\/22210c32-d191-45e5-be72-cd59845b12c7\/Logo_PresseBRAND_neu.jpg.jpg\" data-description=\"Symbolbild\" data-category=\"medialightbox\" data-action=\"click\" data-label=\"single\" data-value=\"691d5e27270000fd2c041fe4\" target=\"_blank\" rel=\"noopener\"><img decoding=\"async\" height=\"540\" with=\"720\" src=\"https:\/\/www.europesays.com\/de\/wp-content\/uploads\/2025\/11\/fw-mg-verru-ter-schornstein-macht-einsatz-der-feuerwehr-erforderlich.jpeg\"   alt=\"FW-MG: Verru\u00dfter Schornstein macht Einsatz der Feuerwehr erforderlich\" class=\"single\"\/><\/a><\/p>\n<p><a data-category=\"citylink-story-view\" data-action=\"click\" data-label=\"Citylink in Meldungsansicht\" class=\"story-city event-trigger\" href=\"https:\/\/www.presseportal.de\/regional\/M%F6nchengladbach%2C%20Giesenkirchen-Mitte%2C%20Am%20Sternenfeld%2C%2018.11.2025%2C%2012%3A45%20Uhr\" title=\"News aus M\u00f6nchengladbach, Giesenkirchen-Mitte, Am Sternenfeld, 18.11.2025, 12:45 Uhr \" target=\"_blank\" rel=\"noopener\">M\u00f6nchengladbach, Giesenkirchen-Mitte, Am Sternenfeld, 18.11.2025, 12:45 Uhr<\/a> (ots)<\/p>\n<p>Gestern Nachmittag erhielt die Leitstelle der Feuerwehr die Meldung, dass dunkler schwarzer Rauch aus dem Schornstein eines Hauses in ihrer Nachbarschaft kommt und die Stra\u00dfe verraucht ist. Durch die Leitstelle wurden umgehend Einsatzkr\u00e4fte alarmiert.<\/p>\n<p>Die Feuerwehr stellte nach dem Eintreffen fest, dass sich Ru\u00df im Schornstein abgesetzt hat und der Kamin dadurch nicht mehr richtig zieht.<br \/>\nDurch die Feuerwehr wurde das Brandgut aus dem Kaminofen entfernt. Der Schornstein wurde anschlie\u00dfend frei gekehrt, so dass der Rauch wieder abziehen kann. Hierzu wurde die Drehleiter eingesetzt. W\u00e4hrend der Kehrarbeiten wurde der Schornstein mit einer W\u00e4rmebildkamera kontrolliert, um einen m\u00f6glichen Ru\u00dfbrand im Schornstein festzustellen.<br \/>\nNach Abschluss der Arbeiten konnte die Einsatzstelle an die Hauseigent\u00fcmerin \u00fcbergeben werden.<\/p>\n<p>Im Einsatz waren der L\u00f6schzug der Feuerwehr- und Rettungswache III, ein Rettungswagen, ein Notarzteinsatzfahrzeug sowie der F\u00fchrungsdienst der Berufsfeuerwehr.<\/p>\n<p>Einsatzleiter: Brandamtsrat Sven Hoffknecht<\/p>\n<p class=\"contact-headline\">R\u00fcckfragen bitte an:<\/p>\n<p class=\"contact-text\">Stadt M\u00f6nchengladbach<br \/>Fachbereich 37 &#8211; Feuerwehr<br \/>F\u00fchrungs- und Lagezentrum<br \/>Stockholtweg 132<br \/>41238 M\u00f6nchengladbach<\/p>\n<p>Telefon: 02166\/9989-0<br \/>Fax: 02166\/9989-37729<br \/>E-Mail: <a href=\"https:\/\/www.presseportal.de\/blaulicht\/pm\/115879\/mailto: leitstelle.feuerwehr@moenchengladbach.de\" class=\"uri-mailto\" target=\"_blank\" rel=\"noopener\"> leitstelle.feuerwehr@moenchengladbach.de<\/a><br \/><a target=\"_blank\" class=\"uri-ext outbound\" rel=\"noopener\" href=\"http:\/\/www.feuerwehr-mg.de\/\">http:\/\/www.feuerwehr-mg.de\/<\/a><\/p>\n<p class=\"originator\">Original-Content von: Feuerwehr M\u00f6nchengladbach, \u00fcbermittelt durch news aktuell<\/p>\n","protected":false},"excerpt":{"rendered":"19.11.2025 \u2013 07:05 Feuerwehr M\u00f6nchengladbach M\u00f6nchengladbach, Giesenkirchen-Mitte, Am Sternenfeld, 18.11.2025, 12:45 Uhr (ots) Gestern Nachmittag erhielt die Leitstelle&hellip;\n","protected":false},"author":2,"featured_media":586612,"comment_status":"","ping_status":"","sticky":false,"template":"","format":"standard","meta":{"footnotes":""},"categories":[1849],"tags":[2919,3364,29,548,663,3934,985,30,13,5669,4455,14,15,1209,176,178,180,179,181,12,1284,4028],"class_list":{"0":"post-586611","1":"post","2":"type-post","3":"status-publish","4":"format-standard","5":"has-post-thumbnail","7":"category-moenchengladbach","8":"tag-brand","9":"tag-de","10":"tag-deutschland","11":"tag-eu","12":"tag-europa","13":"tag-europe","14":"tag-feuerwehr","15":"tag-germany","16":"tag-headlines","17":"tag-hochwasser","18":"tag-moenchengladbach","19":"tag-nachrichten","20":"tag-news","21":"tag-nordrhein-westfalen","22":"tag-nrw","23":"tag-presse","24":"tag-pressemeldung","25":"tag-pressemitteilung","26":"tag-pressemitteilungen","27":"tag-schlagzeilen","28":"tag-unfall","29":"tag-unwetter"},"share_on_mastodon":{"url":"https:\/\/pubeurope.com\/@de\/115575656008315362","error":""},"_links":{"self":[{"href":"https:\/\/www.europesays.com\/de\/wp-json\/wp\/v2\/posts\/586611","targetHints":{"allow":["GET"]}}],"collection":[{"href":"https:\/\/www.europesays.com\/de\/wp-json\/wp\/v2\/posts"}],"about":[{"href":"https:\/\/www.europesays.com\/de\/wp-json\/wp\/v2\/types\/post"}],"author":[{"embeddable":true,"href":"https:\/\/www.europesays.com\/de\/wp-json\/wp\/v2\/users\/2"}],"replies":[{"embeddable":true,"href":"https:\/\/www.europesays.com\/de\/wp-json\/wp\/v2\/comments?post=586611"}],"version-history":[{"count":0,"href":"https:\/\/www.europesays.com\/de\/wp-json\/wp\/v2\/posts\/586611\/revisions"}],"wp:featuredmedia":[{"embeddable":true,"href":"https:\/\/www.europesays.com\/de\/wp-json\/wp\/v2\/media\/586612"}],"wp:attachment":[{"href":"https:\/\/www.europesays.com\/de\/wp-json\/wp\/v2\/media?parent=586611"}],"wp:term":[{"taxonomy":"category","embeddable":true,"href":"https:\/\/www.europesays.com\/de\/wp-json\/wp\/v2\/categories?post=586611"},{"taxonomy":"post_tag","embeddable":true,"href":"https:\/\/www.europesays.com\/de\/wp-json\/wp\/v2\/tags?post=586611"}],"curies":[{"name":"wp","href":"https:\/\/api.w.org\/{rel}","templated":true}]}}