{"id":586681,"date":"2025-11-19T10:09:19","date_gmt":"2025-11-19T10:09:19","guid":{"rendered":"https:\/\/www.europesays.com\/de\/586681\/"},"modified":"2025-11-19T10:09:19","modified_gmt":"2025-11-19T10:09:19","slug":"dortmunder-religionsgespraeche-wie-kann-zukunft-gelingen","status":"publish","type":"post","link":"https:\/\/www.europesays.com\/de\/586681\/","title":{"rendered":"Dortmunder Religionsgespr\u00e4che: Wie kann Zukunft gelingen?"},"content":{"rendered":"<p>Die Zukunft stellt Gesellschaft, Politik und Gemeinschaften vor gro\u00dfe Herausforderungen: Klima- und Umweltkrisen, gesellschaftliche Spannungen sowie technologische Umbr\u00fcche pr\u00e4gen die Zeit. Der Gespr\u00e4chsabend l\u00e4dt dazu ein, diese Entwicklungen aus religions- und gesellschaftsbezogener Perspektive zu betrachten und dar\u00fcber nachzudenken, welche Voraussetzungen n\u00f6tig sind, um Zukunft gemeinsam gestalten zu k\u00f6nnen.<\/p>\n<p>Die Veranstaltung geh\u00f6rt zu den Dortmund-Paderborner Religionsgespr\u00e4chen, die regelm\u00e4\u00dfig wichtige Themen im Erzbistum Paderborn aufgreifen. Moderiert wird die Gespr\u00e4chsrunde von Martin Breul vom Institut f\u00fcr Katholische Theologie der TU Dortmund. Eine Anmeldung ist nicht erforderlich.<\/p>\n<p><strong><a href=\"http:\/\/kth.ht.tu-dortmund.de\/details\/veranstaltungshinweis-dortmunder-religionsgespraeche-56774\/\" title=\"Dortmunder Religionsgespr\u00e4che\" target=\"_blank\" class=\"deviant btn icon-btn btn-external\" rel=\"noopener\">Weitere Informationen<\/a><\/strong><\/p>\n<p><strong>Ansprechperson bei R\u00fcckfragen:<\/strong><\/p>\n","protected":false},"excerpt":{"rendered":"Die Zukunft stellt Gesellschaft, Politik und Gemeinschaften vor gro\u00dfe Herausforderungen: Klima- und Umweltkrisen, gesellschaftliche Spannungen sowie technologische Umbr\u00fcche&hellip;\n","protected":false},"author":2,"featured_media":586682,"comment_status":"","ping_status":"","sticky":false,"template":"","format":"standard","meta":{"footnotes":""},"categories":[1833],"tags":[17432,3274,3364,29,10219,217,140625,24002,25727,30,1724,1563,1209,575,425,20239,383,1889],"class_list":{"0":"post-586681","1":"post","2":"type-post","3":"status-publish","4":"format-standard","5":"has-post-thumbnail","7":"category-dortmund","8":"tag-austausch","9":"tag-kirche","10":"tag-de","11":"tag-deutschland","12":"tag-dialog","13":"tag-dortmund","14":"tag-dortmunder-religionsgespraeche","15":"tag-erzbistum-paderborn","16":"tag-gemeinschaft","17":"tag-germany","18":"tag-gesellschaft","19":"tag-klima","20":"tag-nordrhein-westfalen","21":"tag-religion","22":"tag-technologie","23":"tag-tu-dortmund","24":"tag-umwelt","25":"tag-zukunft"},"share_on_mastodon":{"url":"https:\/\/pubeurope.com\/@de\/115575820437594779","error":""},"_links":{"self":[{"href":"https:\/\/www.europesays.com\/de\/wp-json\/wp\/v2\/posts\/586681","targetHints":{"allow":["GET"]}}],"collection":[{"href":"https:\/\/www.europesays.com\/de\/wp-json\/wp\/v2\/posts"}],"about":[{"href":"https:\/\/www.europesays.com\/de\/wp-json\/wp\/v2\/types\/post"}],"author":[{"embeddable":true,"href":"https:\/\/www.europesays.com\/de\/wp-json\/wp\/v2\/users\/2"}],"replies":[{"embeddable":true,"href":"https:\/\/www.europesays.com\/de\/wp-json\/wp\/v2\/comments?post=586681"}],"version-history":[{"count":0,"href":"https:\/\/www.europesays.com\/de\/wp-json\/wp\/v2\/posts\/586681\/revisions"}],"wp:featuredmedia":[{"embeddable":true,"href":"https:\/\/www.europesays.com\/de\/wp-json\/wp\/v2\/media\/586682"}],"wp:attachment":[{"href":"https:\/\/www.europesays.com\/de\/wp-json\/wp\/v2\/media?parent=586681"}],"wp:term":[{"taxonomy":"category","embeddable":true,"href":"https:\/\/www.europesays.com\/de\/wp-json\/wp\/v2\/categories?post=586681"},{"taxonomy":"post_tag","embeddable":true,"href":"https:\/\/www.europesays.com\/de\/wp-json\/wp\/v2\/tags?post=586681"}],"curies":[{"name":"wp","href":"https:\/\/api.w.org\/{rel}","templated":true}]}}