{"id":586800,"date":"2025-11-19T11:18:13","date_gmt":"2025-11-19T11:18:13","guid":{"rendered":"https:\/\/www.europesays.com\/de\/586800\/"},"modified":"2025-11-19T11:18:13","modified_gmt":"2025-11-19T11:18:13","slug":"pol-bn-bonn-lannesdorf-polizei-sucht-zeugen-nach-verkehrsunfallflucht","status":"publish","type":"post","link":"https:\/\/www.europesays.com\/de\/586800\/","title":{"rendered":"POL-BN: Bonn-Lannesdorf: Polizei sucht Zeugen nach Verkehrsunfallflucht &#8211; &#8230;"},"content":{"rendered":"<p class=\"date\">19.11.2025 \u2013 11:58<\/p>\n<p class=\"customer\">\n                        <a class=\"story-customer\" title=\"weiter zum newsroom von Polizei Bonn\" href=\"https:\/\/www.presseportal.de\/blaulicht\/nr\/7304\" rel=\"nofollow noopener\" target=\"_blank\">Polizei Bonn<\/a>\n                    <\/p>\n<p><a data-category=\"citylink-story-view\" data-action=\"click\" data-label=\"Citylink in Meldungsansicht\" class=\"story-city event-trigger\" href=\"https:\/\/www.presseportal.de\/regional\/Bonn\" title=\"News aus Bonn \" rel=\"nofollow noopener\" target=\"_blank\">Bonn<\/a> (ots)<\/p>\n<p>Das Verkehrskommissariat 2 der Bonner Polizei sucht Zeugen nach einer Verkehrsunfallflucht in Bonn Lannesdorf.<\/p>\n<p>Im Zeitraum zwischen Sonntag (16.11.2025), 20:00 Uhr und Montag (17.11.2025), 13:50 Uhr befuhr nach dem derzeitigen Stand der Ermittlungen und den Spuren am Unfallort ein Pkw die Oberstra\u00dfe von der Grubenstra\u00dfe kommend in Fahrtrichtung Lie\u00dfemer Stra\u00dfe. Auf H\u00f6he der Hausnummer 12 kollidierte das Fahrzeug dann mit zwei am rechten Fahrbahnrand geparkten Pkw. Der Fahrzeugf\u00fchrer oder die Fahrzeugf\u00fchrerin fuhr anschlie\u00dfend davon. An den beiden abgestellten Fahrzeugen entstand ein Sachschaden von etwa 7.000 Euro. An der Unfall\u00f6rtlichkeit konnten die aufnehmenden Polizeibeamten Teile des Verursacherfahrzeuges sicherstellen. Bei dem Wagen k\u00f6nnte es sich demnach um einen Renault Clio gehandelt haben.<\/p>\n<p>Zeugen des Unfalls werden gebeten, sich unter der Rufnummer 0228 15-0 oder per E-Mail an <a href=\"https:\/\/www.presseportal.de\/blaulicht\/pm\/7304\/mailto: vk2.bonn@polizei.nrw.de\" class=\"uri-mailto\" rel=\"nofollow noopener\" target=\"_blank\"> vk2.bonn@polizei.nrw.de<\/a> bei der Polizei zu melden.<\/p>\n<p class=\"contact-headline\">R\u00fcckfragen bitte an:<\/p>\n<p class=\"contact-text\">Polizei Bonn<br \/>Pressestelle<br \/>Telefon: 0228 &#8211; 151023<br \/>Fax: 0228-151202<br \/><a target=\"_blank\" class=\"uri-ext outbound\" rel=\"noopener nofollow\" href=\"https:\/\/bonn.polizei.nrw\">https:\/\/bonn.polizei.nrw<\/a><\/p>\n<p>Folgen Sie f\u00fcr aktuelle Informationen gerne unserem WhatsApp-Kanal:<br \/><a target=\"_blank\" class=\"uri-ext outbound\" rel=\"noopener nofollow\" href=\"https:\/\/t1p.de\/v1grf\">https:\/\/t1p.de\/v1grf<\/a><\/p>\n<p class=\"originator\">Original-Content von: Polizei Bonn, \u00fcbermittelt durch news aktuell<\/p>\n","protected":false},"excerpt":{"rendered":"19.11.2025 \u2013 11:58 Polizei Bonn Bonn (ots) Das Verkehrskommissariat 2 der Bonner Polizei sucht Zeugen nach einer Verkehrsunfallflucht&hellip;\n","protected":false},"author":2,"featured_media":386213,"comment_status":"","ping_status":"","sticky":false,"template":"","format":"standard","meta":{"footnotes":""},"categories":[1842],"tags":[1741,3364,29,30,177,1209,176,121,178,180,179,181],"class_list":{"0":"post-586800","1":"post","2":"type-post","3":"status-publish","4":"format-standard","5":"has-post-thumbnail","7":"category-bonn","8":"tag-bonn","9":"tag-de","10":"tag-deutschland","11":"tag-germany","12":"tag-kriminalitt","13":"tag-nordrhein-westfalen","14":"tag-nrw","15":"tag-polizei","16":"tag-presse","17":"tag-pressemeldung","18":"tag-pressemitteilung","19":"tag-pressemitteilungen"},"share_on_mastodon":{"url":"https:\/\/pubeurope.com\/@de\/115576091808987800","error":""},"_links":{"self":[{"href":"https:\/\/www.europesays.com\/de\/wp-json\/wp\/v2\/posts\/586800","targetHints":{"allow":["GET"]}}],"collection":[{"href":"https:\/\/www.europesays.com\/de\/wp-json\/wp\/v2\/posts"}],"about":[{"href":"https:\/\/www.europesays.com\/de\/wp-json\/wp\/v2\/types\/post"}],"author":[{"embeddable":true,"href":"https:\/\/www.europesays.com\/de\/wp-json\/wp\/v2\/users\/2"}],"replies":[{"embeddable":true,"href":"https:\/\/www.europesays.com\/de\/wp-json\/wp\/v2\/comments?post=586800"}],"version-history":[{"count":0,"href":"https:\/\/www.europesays.com\/de\/wp-json\/wp\/v2\/posts\/586800\/revisions"}],"wp:featuredmedia":[{"embeddable":true,"href":"https:\/\/www.europesays.com\/de\/wp-json\/wp\/v2\/media\/386213"}],"wp:attachment":[{"href":"https:\/\/www.europesays.com\/de\/wp-json\/wp\/v2\/media?parent=586800"}],"wp:term":[{"taxonomy":"category","embeddable":true,"href":"https:\/\/www.europesays.com\/de\/wp-json\/wp\/v2\/categories?post=586800"},{"taxonomy":"post_tag","embeddable":true,"href":"https:\/\/www.europesays.com\/de\/wp-json\/wp\/v2\/tags?post=586800"}],"curies":[{"name":"wp","href":"https:\/\/api.w.org\/{rel}","templated":true}]}}