{"id":586820,"date":"2025-11-19T11:30:23","date_gmt":"2025-11-19T11:30:23","guid":{"rendered":"https:\/\/www.europesays.com\/de\/586820\/"},"modified":"2025-11-19T11:30:23","modified_gmt":"2025-11-19T11:30:23","slug":"neuer-online-finder-zeigt-weihnachtsmaerkte-im-stadtgebiet","status":"publish","type":"post","link":"https:\/\/www.europesays.com\/de\/586820\/","title":{"rendered":"Neuer Online-Finder zeigt Weihnachtsm\u00e4rkte im Stadtgebiet"},"content":{"rendered":"<p>Siebzehn Standorte in Essen erfasst <\/p>\n<p>Online-Finder gibt \u00dcberblick \u00fcber alle Weihnachtsm\u00e4rkte<\/p>\n<p>19.11.2025 &#8211; 10:01 UhrLesedauer: 1 Min.<\/p>\n<p><a href=\"#focus-0\" class=\"transition-colors duration-200 block text-current relative\" data-sctrack=\"FocusGalleryImage.Reference\"><img fetchpriority=\"high\" data-testid=\"Opener.Image\" style=\"--lqipURL:url('https:\/\/images.t-online.de\/2025\/11\/i4B5rGMUUgY8\/0x0:4000x2250\/fit-in\/150x0\/filters:blur(25)\/image.jpg')\"   loading=\"eager\" src=\"https:\/\/www.europesays.com\/de\/wp-content\/uploads\/2025\/11\/1763551823_13_image.jpg\" alt=\"imago images 0840418090\" title=\"imago images 0840418090\" width=\"4000\" height=\"2250\" class=\"bg-[url:var(--lqipURL)] bg-cover bg-center flex h-full w-full max-w-full\" decoding=\"async\"\/><img style=\"--width:32;--height:32\" loading=\"lazy\" src=\"https:\/\/essen.t-online.de\/s\/paper\/_next\/static\/media\/zoom-in.f7dae02f.svg\" alt=\"Vergr\u00f6\u00dfern des Bildes\" title=\"Vergr\u00f6\u00dfern des Bildes\" class=\"block h-[calc(var(--height)_\/_16_*_1rem)] w-[calc(var(--width)_\/_16_*_1rem)] max-w-none absolute bottom-8 right-8 rounded-4 bg-snow p-8\" decoding=\"async\"\/><\/a><\/p>\n<p>Der Internationale Weihnachtsmarkt Essen (Symbolbild): Er ist einer der zahlreichen Weihnachtsm\u00e4rkte in der Stadt. (Quelle: IMAGO\/Jochen Tack)<\/p>\n<p class=\"font-bold text-18 leading-17\">Die Stadt Essen hat einen digitalen Weihnachtsmarktfinder ver\u00f6ffentlicht. Die interaktive Karte informiert \u00fcber Standorte, \u00d6ffnungszeiten und Programme aller festlichen M\u00e4rkte.<\/p>\n<p class=\"text-18 leading-17\">Die Stadt Essen hat einen neuen Winter- und Weihnachtsmarktfinder online gestellt, der ab sofort f\u00fcr B\u00fcrger und Touristen verf\u00fcgbar ist. Die digitale Anwendung entstand in Zusammenarbeit des st\u00e4dtischen Open Data-Portals mit dem Amt f\u00fcr Geodaten, Vermessung und Kataster. Der Marktfinder pr\u00e4sentiert 17 Winter- und Weihnachtsm\u00e4rkte im Essener Stadtgebiet in einer \u00fcbersichtlichen, interaktiven Karte.<\/p>\n<p class=\"text-18 leading-17\">Nutzer erhalten mit einem Klick auf das jeweilige Symbol detaillierte Informationen zu Standorten, Zeitr\u00e4umen und t\u00e4glichen \u00d6ffnungszeiten. Zus\u00e4tzlich bietet die Anwendung Links zu weiterf\u00fchrenden Angeboten wie Programmen und Lagepl\u00e4nen.<\/p>\n<p class=\"text-18 leading-17\">Der Marktfinder ist unter www.geoportal.essen.de\/Weihnachtsmaerkte\/ abrufbar. Die zugrunde liegenden Daten stehen auch im Open Data-Portal der Stadt Essen zum Download bereit. Mit diesem Service schafft die Stadt eine zentrale Informationsquelle f\u00fcr alle Weihnachtsm\u00e4rkte im Stadtgebiet.<\/p>\n","protected":false},"excerpt":{"rendered":"Siebzehn Standorte in Essen erfasst Online-Finder gibt \u00dcberblick \u00fcber alle Weihnachtsm\u00e4rkte 19.11.2025 &#8211; 10:01 UhrLesedauer: 1 Min. Der&hellip;\n","protected":false},"author":2,"featured_media":586821,"comment_status":"","ping_status":"","sticky":false,"template":"","format":"standard","meta":{"footnotes":""},"categories":[1834],"tags":[722,17161,3364,29,3688,30,1209,176,4116,3856,17016,8497],"class_list":{"0":"post-586820","1":"post","2":"type-post","3":"status-publish","4":"format-standard","5":"has-post-thumbnail","7":"category-essen","8":"tag-722","9":"tag-17161","10":"tag-de","11":"tag-deutschland","12":"tag-essen","13":"tag-germany","14":"tag-nordrhein-westfalen","15":"tag-nrw","16":"tag-oeffnungszeit","17":"tag-ruhrgebiet","18":"tag-standort","19":"tag-weihnachtsmarkt"},"share_on_mastodon":{"url":"https:\/\/pubeurope.com\/@de\/115576139058383570","error":""},"_links":{"self":[{"href":"https:\/\/www.europesays.com\/de\/wp-json\/wp\/v2\/posts\/586820","targetHints":{"allow":["GET"]}}],"collection":[{"href":"https:\/\/www.europesays.com\/de\/wp-json\/wp\/v2\/posts"}],"about":[{"href":"https:\/\/www.europesays.com\/de\/wp-json\/wp\/v2\/types\/post"}],"author":[{"embeddable":true,"href":"https:\/\/www.europesays.com\/de\/wp-json\/wp\/v2\/users\/2"}],"replies":[{"embeddable":true,"href":"https:\/\/www.europesays.com\/de\/wp-json\/wp\/v2\/comments?post=586820"}],"version-history":[{"count":0,"href":"https:\/\/www.europesays.com\/de\/wp-json\/wp\/v2\/posts\/586820\/revisions"}],"wp:featuredmedia":[{"embeddable":true,"href":"https:\/\/www.europesays.com\/de\/wp-json\/wp\/v2\/media\/586821"}],"wp:attachment":[{"href":"https:\/\/www.europesays.com\/de\/wp-json\/wp\/v2\/media?parent=586820"}],"wp:term":[{"taxonomy":"category","embeddable":true,"href":"https:\/\/www.europesays.com\/de\/wp-json\/wp\/v2\/categories?post=586820"},{"taxonomy":"post_tag","embeddable":true,"href":"https:\/\/www.europesays.com\/de\/wp-json\/wp\/v2\/tags?post=586820"}],"curies":[{"name":"wp","href":"https:\/\/api.w.org\/{rel}","templated":true}]}}