{"id":586823,"date":"2025-11-19T11:33:12","date_gmt":"2025-11-19T11:33:12","guid":{"rendered":"https:\/\/www.europesays.com\/de\/586823\/"},"modified":"2025-11-19T11:33:12","modified_gmt":"2025-11-19T11:33:12","slug":"pol-do-fahrer-ohne-fuehrerschein-und-unter-drogeneinfluss-fluechtet-aus","status":"publish","type":"post","link":"https:\/\/www.europesays.com\/de\/586823\/","title":{"rendered":"POL-DO: Fahrer ohne F\u00fchrerschein und unter Drogeneinfluss fl\u00fcchtet aus &#8230;"},"content":{"rendered":"<p class=\"date\">19.11.2025 \u2013 12:29<\/p>\n<p class=\"customer\">\n                        <a class=\"story-customer\" title=\"weiter zum newsroom von Polizei Dortmund\" href=\"https:\/\/www.presseportal.de\/blaulicht\/nr\/4971\" rel=\"nofollow noopener\" target=\"_blank\">Polizei Dortmund<\/a>\n                    <\/p>\n<p><a data-category=\"citylink-story-view\" data-action=\"click\" data-label=\"Citylink in Meldungsansicht\" class=\"story-city event-trigger\" href=\"https:\/\/www.presseportal.de\/regional\/Dortmund\" title=\"News aus Dortmund \" rel=\"nofollow noopener\" target=\"_blank\">Dortmund<\/a> (ots)<\/p>\n<p>Lfd. Nr.: 1021<\/p>\n<p>Am Dienstag, den 18. November 2025, nahmen Einsatzkr\u00e4fte in Dortmund einen 23-j\u00e4hrigen Dortmunder fest. Der Mann hatte zuvor versucht, sich einer Kontrolle durch Flucht zu entziehen, verursachte dabei einen Verkehrsunfall, war nicht im Besitz einer g\u00fcltigen Fahrerlaubnis und stand mutma\u00dflich unter dem Einfluss von Bet\u00e4ubungsmitteln.<\/p>\n<p>Gegen 08:20 Uhr kontrollierten die Beamten an der Kreuzung Mallinckrodtstra\u00dfe \/ Lagerhausstra\u00dfe einen Mini mit ausl\u00e4ndischem Kennzeichen. Bei der \u00dcberpr\u00fcfung des 23-j\u00e4hrigen Fahrers stellten die Einsatzkr\u00e4fte fest, dass er keine g\u00fcltige Fahrerlaubnis besa\u00df. Zus\u00e4tzlich ergaben sich deutliche Hinweise auf Unregelm\u00e4\u00dfigkeiten beim erforderlichen Versicherungsschutz des Fahrzeugs.<\/p>\n<p>Als die Beamten begannen, die weiteren notwendigen Ma\u00dfnahmen einzuleiten, verschloss der Fahrer seinen Mini und ergriff sofort die Flucht Nur kurze Zeit sp\u00e4ter stoppte ein Verkehrsunfall die Flucht: Der Mann kollidierte mit einem anderen Auto. Der Mini war nach dem Aufprall nicht mehr fahrbereit und kam in der Lagerhausstra\u00dfe zum Stehen. Durch die Einsatzkr\u00e4fte konnte der Dortmunder daraufhin festgenommen werden.<\/p>\n<p>W\u00e4hrend seiner Flucht brachte der Fahrer eine unbeteiligte Fu\u00dfg\u00e4ngerin in Gefahr. Sie wurde beinahe vom fl\u00fcchtenden Mini erfasst, konnte jedoch ausweichen und blieb unverletzt. An beiden beteiligten Fahrzeugen entstand erheblicher Sachschaden, sodass diese abgeschleppt werden mussten. Gl\u00fccklicherweise blieben alle am Unfall beteiligten Personen unverletzt.<\/p>\n<p>Der 23-J\u00e4hrige wurde im Anschluss auf eine Polizeiwache verbracht. Ein dort durchgef\u00fchrter Drogenurinvortest verlief positiv. Im Anschluss ordneten die Einsatzkr\u00e4fte eine Blutprobenentnahme durch einen Arzt an und stellten den Mini des Mannes sicher.<\/p>\n<p>Die Beamten leiteten mehrere Verfahren gegen den 23-j\u00e4hrigen Dortmunder ein: Fahren ohne Fahrerlaubnis, Versto\u00dfe gegen das Pflichtversicherungsgesetz und Fahren unter dem Einfluss von Bet\u00e4ubungsmitteln.<\/p>\n<p class=\"contact-headline\">Journalisten wenden sich mit R\u00fcckfragen bitte an:<\/p>\n<p class=\"contact-text\">Polizei Dortmund<br \/>Luca Bl\u00fcthgen<br \/>Telefon: 0231\/132-1039<br \/>E-Mail: <a href=\"https:\/\/www.presseportal.de\/blaulicht\/pm\/4971\/mailto: poea.dortmund@polizei.nrw.de\" class=\"uri-mailto\" rel=\"nofollow noopener\" target=\"_blank\"> poea.dortmund@polizei.nrw.de<\/a><br \/><a target=\"_blank\" class=\"uri-ext outbound\" rel=\"noopener nofollow\" href=\"https:\/\/dortmund.polizei.nrw\/\">https:\/\/dortmund.polizei.nrw\/<\/a><\/p>\n<p class=\"originator\">Original-Content von: Polizei Dortmund, \u00fcbermittelt durch news aktuell<\/p>\n","protected":false},"excerpt":{"rendered":"19.11.2025 \u2013 12:29 Polizei Dortmund Dortmund (ots) Lfd. Nr.: 1021 Am Dienstag, den 18. November 2025, nahmen Einsatzkr\u00e4fte&hellip;\n","protected":false},"author":2,"featured_media":386213,"comment_status":"","ping_status":"","sticky":false,"template":"","format":"standard","meta":{"footnotes":""},"categories":[1833],"tags":[3364,29,217,30,177,1209,176,121,178,180,179,181],"class_list":{"0":"post-586823","1":"post","2":"type-post","3":"status-publish","4":"format-standard","5":"has-post-thumbnail","7":"category-dortmund","8":"tag-de","9":"tag-deutschland","10":"tag-dortmund","11":"tag-germany","12":"tag-kriminalitt","13":"tag-nordrhein-westfalen","14":"tag-nrw","15":"tag-polizei","16":"tag-presse","17":"tag-pressemeldung","18":"tag-pressemitteilung","19":"tag-pressemitteilungen"},"share_on_mastodon":{"url":"https:\/\/pubeurope.com\/@de\/115576150785281834","error":""},"_links":{"self":[{"href":"https:\/\/www.europesays.com\/de\/wp-json\/wp\/v2\/posts\/586823","targetHints":{"allow":["GET"]}}],"collection":[{"href":"https:\/\/www.europesays.com\/de\/wp-json\/wp\/v2\/posts"}],"about":[{"href":"https:\/\/www.europesays.com\/de\/wp-json\/wp\/v2\/types\/post"}],"author":[{"embeddable":true,"href":"https:\/\/www.europesays.com\/de\/wp-json\/wp\/v2\/users\/2"}],"replies":[{"embeddable":true,"href":"https:\/\/www.europesays.com\/de\/wp-json\/wp\/v2\/comments?post=586823"}],"version-history":[{"count":0,"href":"https:\/\/www.europesays.com\/de\/wp-json\/wp\/v2\/posts\/586823\/revisions"}],"wp:featuredmedia":[{"embeddable":true,"href":"https:\/\/www.europesays.com\/de\/wp-json\/wp\/v2\/media\/386213"}],"wp:attachment":[{"href":"https:\/\/www.europesays.com\/de\/wp-json\/wp\/v2\/media?parent=586823"}],"wp:term":[{"taxonomy":"category","embeddable":true,"href":"https:\/\/www.europesays.com\/de\/wp-json\/wp\/v2\/categories?post=586823"},{"taxonomy":"post_tag","embeddable":true,"href":"https:\/\/www.europesays.com\/de\/wp-json\/wp\/v2\/tags?post=586823"}],"curies":[{"name":"wp","href":"https:\/\/api.w.org\/{rel}","templated":true}]}}