{"id":586828,"date":"2025-11-19T11:36:25","date_gmt":"2025-11-19T11:36:25","guid":{"rendered":"https:\/\/www.europesays.com\/de\/586828\/"},"modified":"2025-11-19T11:36:25","modified_gmt":"2025-11-19T11:36:25","slug":"sandra-hueller-liest-kindertexte-fuer-guten-zweck-in-leipzig","status":"publish","type":"post","link":"https:\/\/www.europesays.com\/de\/586828\/","title":{"rendered":"Sandra H\u00fcller liest Kindertexte f\u00fcr guten Zweck in Leipzig"},"content":{"rendered":"<p>Gesellschaft <\/p>\n<p>Sandra H\u00fcller liest Kindertexte f\u00fcr guten Zweck in Leipzig<\/p>\n<p>Aktualisiert am 19.11.2025 &#8211; 12:10 UhrLesedauer: 2 Min.<\/p>\n<p><a href=\"#focus-0\" class=\"transition-colors duration-200 block text-current relative\" data-sctrack=\"FocusGalleryImage.Reference\"><img fetchpriority=\"high\" data-testid=\"Opener.Image\" style=\"--lqipURL:url('https:\/\/images.t-online.de\/2025\/11\/Z38SsH3DPMj1\/0x107:2048x1152\/fit-in\/150x0\/filters:blur(25)\/am-21-november-ist-schauspielerin-sandra-hueller-fuer-einen-abend-gesicht-und-stimme-der-leipziger-buchkinder-archivbild.jpg')\"   loading=\"eager\" src=\"https:\/\/www.europesays.com\/de\/wp-content\/uploads\/2025\/11\/am-21-november-ist-schauspielerin-sandra-hueller-fuer-einen-abend-gesicht-und-stimme-der-leipziger-b.jpeg\" alt=\"Sandra H\u00fcller\" title=\"Sandra H\u00fcller\" width=\"2048\" height=\"1152\" class=\"bg-[url:var(--lqipURL)] bg-cover bg-center flex h-full w-full max-w-full\" decoding=\"async\"\/><img style=\"--width:32;--height:32\" loading=\"lazy\" src=\"https:\/\/leipzig.t-online.de\/s\/paper\/_next\/static\/media\/zoom-in.f7dae02f.svg\" alt=\"Vergr\u00f6\u00dfern des Bildes\" title=\"Vergr\u00f6\u00dfern des Bildes\" class=\"block h-[calc(var(--height)_\/_16_*_1rem)] w-[calc(var(--width)_\/_16_*_1rem)] max-w-none absolute bottom-8 right-8 rounded-4 bg-snow p-8\" decoding=\"async\"\/><\/a><\/p>\n<p>Am 21. November ist Schauspielerin Sandra H\u00fcller f\u00fcr einen Abend Gesicht und Stimme der Leipziger Buchkinder. (Archivbild) (Quelle: Felix H\u00f6rhager\/dpa\/dpa-bilder)<\/p>\n<p class=\"font-bold text-18 leading-17\">Hollywood-Star Sandra H\u00fcller liest Kindertexte, die zum Nachdenken bringen &#8211; und das f\u00fcr den guten Zweck. Was die kleinen Autoren in ihren Geschichten enth\u00fcllen, verbl\u00fcfft sogar die Schauspielerin.<\/p>\n<p class=\"text-18 leading-17\">Einen Hollywood-Star hautnah erleben: Schauspielerin Sandra H\u00fcller plant, am Freitag (21. November) im Leipziger Felsenkeller aufzutreten \u2013 allerdings nicht f\u00fcr eine Filmrolle, sondern f\u00fcr Kindertexte. Wie der Buchkinder-Verein in Leipzig mitteilte, m\u00f6chte sie zum bundesweiten Vorlesetag dem Verein ihre Stimme leihen und unter dem Titel &#8222;Kredenzien aller Art \u2013 untam Mikroskop&#8220; ausgew\u00e4hlte Geschichten junger Autorinnen und Autoren pr\u00e4sentieren.<\/p>\n<p class=\"text-18 leading-17\">Die Besucherinnen und Besucher k\u00f6nnen sich laut Veranstalter auf humorvolle, poetische und philosophische Texte freuen, die die Kinder selbst schreiben, illustrieren, drucken und binden. Der Abend ist als Benefizveranstaltung geplant: Der Erl\u00f6s soll vollst\u00e4ndig in die Projekte des Vereins flie\u00dfen. &#8222;Mit dieser Lesung m\u00f6chten wir nicht nur unsere Arbeit zeigen und feiern, sondern vielleicht auch den Kreis der Menschen erweitern, die sich gemeinsam mit uns f\u00fcr Kunst, Bildung und gesellschaftliche Verantwortung engagieren&#8220;, sagten die beiden Gesch\u00e4ftsf\u00fchrer Birgit Schulze Wehninck und Sven Riemer.<\/p>\n<p class=\"text-18 leading-17\">H\u00fcller unterst\u00fctzt den Verein seit Jahren. Sie sch\u00e4tze besonders die &#8222;Kombination aus den wunderbaren Gedanken der Kinder und der Kunst. Die kann entstehen, wenn Kinder alle Freiheiten haben&#8220;, erkl\u00e4rt sie. In vielen Texten stecke &#8222;so eine tiefe Wahrheit&#8220;, und sie zeigten &#8222;wie genau Kinder die Welt um sich herum beobachten&#8220;. Bildung sei f\u00fcr die Schauspielerin zentral: &#8222;Ohne eine umfassende und liebevolle Bildung kann keine Gesellschaft gesund wachsen.&#8220;<\/p>\n<p class=\"text-18 leading-17\">Durch den Abend f\u00fchren soll Autor und Musiker Julius Fischer, f\u00fcr Musik ist das Trio RADA synergica vorgesehen.<\/p>\n<p class=\"text-18 leading-17\">Einlass ist um 19.00 Uhr, Beginn um 20.00 Uhr. Tickets kosten 13 Euro (erm\u00e4\u00dfigt), 23 Euro (Standard) oder 23 Euro plus Spende und sind \u00fcber das Programm des Felsenkellers erh\u00e4ltlich.<\/p>\n","protected":false},"excerpt":{"rendered":"Gesellschaft Sandra H\u00fcller liest Kindertexte f\u00fcr guten Zweck in Leipzig Aktualisiert am 19.11.2025 &#8211; 12:10 UhrLesedauer: 2 Min.&hellip;\n","protected":false},"author":2,"featured_media":586829,"comment_status":"","ping_status":"","sticky":false,"template":"","format":"standard","meta":{"footnotes":""},"categories":[1832],"tags":[3364,29,30,683,140657,71,859,19879],"class_list":{"0":"post-586828","1":"post","2":"type-post","3":"status-publish","4":"format-standard","5":"has-post-thumbnail","7":"category-leipzig","8":"tag-de","9":"tag-deutschland","10":"tag-germany","11":"tag-hollywood","12":"tag-kindertext","13":"tag-leipzig","14":"tag-sachsen","15":"tag-sandra-hueller"},"share_on_mastodon":{"url":"https:\/\/pubeurope.com\/@de\/115576162713233630","error":""},"_links":{"self":[{"href":"https:\/\/www.europesays.com\/de\/wp-json\/wp\/v2\/posts\/586828","targetHints":{"allow":["GET"]}}],"collection":[{"href":"https:\/\/www.europesays.com\/de\/wp-json\/wp\/v2\/posts"}],"about":[{"href":"https:\/\/www.europesays.com\/de\/wp-json\/wp\/v2\/types\/post"}],"author":[{"embeddable":true,"href":"https:\/\/www.europesays.com\/de\/wp-json\/wp\/v2\/users\/2"}],"replies":[{"embeddable":true,"href":"https:\/\/www.europesays.com\/de\/wp-json\/wp\/v2\/comments?post=586828"}],"version-history":[{"count":0,"href":"https:\/\/www.europesays.com\/de\/wp-json\/wp\/v2\/posts\/586828\/revisions"}],"wp:featuredmedia":[{"embeddable":true,"href":"https:\/\/www.europesays.com\/de\/wp-json\/wp\/v2\/media\/586829"}],"wp:attachment":[{"href":"https:\/\/www.europesays.com\/de\/wp-json\/wp\/v2\/media?parent=586828"}],"wp:term":[{"taxonomy":"category","embeddable":true,"href":"https:\/\/www.europesays.com\/de\/wp-json\/wp\/v2\/categories?post=586828"},{"taxonomy":"post_tag","embeddable":true,"href":"https:\/\/www.europesays.com\/de\/wp-json\/wp\/v2\/tags?post=586828"}],"curies":[{"name":"wp","href":"https:\/\/api.w.org\/{rel}","templated":true}]}}