{"id":586859,"date":"2025-11-19T11:55:26","date_gmt":"2025-11-19T11:55:26","guid":{"rendered":"https:\/\/www.europesays.com\/de\/586859\/"},"modified":"2025-11-19T11:55:26","modified_gmt":"2025-11-19T11:55:26","slug":"bundeswehr-training-fuer-den-ernstfall-kaempfe-in-berliner-u-bahn-katakomben-politik","status":"publish","type":"post","link":"https:\/\/www.europesays.com\/de\/586859\/","title":{"rendered":"Bundeswehr-Training f\u00fcr den Ernstfall: K\u00e4mpfe in Berliner U-Bahn-Katakomben | Politik"},"content":{"rendered":"<p>Berlin \u2013 <b>U-Bahnhof Jungfernheide, Berlin. Es ist Mittwoch, der 19. November, weit nach Mitternacht. In der Hauptstadt herrscht Chaos: Deutschland wird angegriffen! Soldaten der Bundeswehr st\u00fcrmen die Station, rennen die Treppen runter zum Bahnsteig. Separatisten sollen im Schacht einen Zug attackiert haben. Als die Soldaten sich dem Waggon n\u00e4hern, eskaliert die Lage. Sch\u00fcsse, Rauchschwaden, Schreie. Tote!<\/b><\/p>\n<p><b>Doch: Das alles ist nur eine \u00dcbung. <\/b><\/p>\n<p>Mehrere Tage trainiert das Wachbataillon die Verteidigung Berlins. F\u00fcr den Fall der F\u00e4lle. Name des Schein-Kriegs: \u201eBollwerk B\u00e4rlin III\u201c. Eigentlich gl\u00e4nzt die Einheit bei Staatsempf\u00e4ngen. Gestriegelt und gewienert. Doch Aufgabe des Wachbataillons ist auch die <a href=\"https:\/\/www.bild.de\/politik\/inland\/bundeswehr\/thema-bundeswehr-alle-infos-79967580.bild.html\" class=\"text-link\" target=\"_blank\" rel=\"noopener\">Verteidigung<\/a> Berlins, der Ministerien, des Regierungssitzes. Im Flecktarn. Mit der Waffe im Anschlag. <\/p>\n<p><img decoding=\"async\" width=\"992\" height=\"558\" alt=\"Im Schacht bahnen sich die Soldaten den Weg zum Bahn-Waggon\" src=\"https:\/\/www.europesays.com\/de\/wp-content\/uploads\/2025\/11\/cf2aeace4af0dec2f811d64b18b076c2,49fcfac0\"   class=\"landscape\" loading=\"lazy\"\/><\/p>\n<p class=\"fig__caption__text\">Im Schacht der U-Bahn-Katakomben bahnen sich die Soldaten den Weg zum Bahn-Waggon. In der \u00dcbung sollen Separatisten im Schacht einen Zug attackiert haben<\/p>\n<p>Foto: Stefano Laura\/BILD<\/p>\n<p>\u201eSolch ein Einsatz in Berlin ist sehr realistisch\u201c<\/p>\n<p>So wie in der Nacht zu Mittwoch. Am U-Bahnhof Jungfernheide gibt es einen \u00dcbungstunnel samt Zug. Die Truppe trainiert hier zum ersten Mal. Maik Teichgr\u00e4ber, Kommandeur des Wachbataillons: \u201eSolch ein Einsatz in Berlin ist sehr realistisch.\u201c Mittlerweile. Seit Putin mit seinen Gro\u00dfmachtfantasien die Ukraine terrorisiert. Dessen Namen hier an diesem Abend aber niemand in den Mund nimmt.<\/p>\n<p><img decoding=\"async\" width=\"992\" height=\"1178\" alt=\"Die Soldaten k\u00e4mpfen sich in der U-Bahn vor\" src=\"https:\/\/www.europesays.com\/de\/wp-content\/uploads\/2025\/11\/54f428f3641e20fe02c44e5d961ccef6,18b76b34\"   class=\"portrait\" loading=\"lazy\"\/><\/p>\n<p class=\"fig__caption__text\">Bedrohliche Szenen: Die Soldaten k\u00e4mpfen sich in der U-Bahn vor<\/p>\n<p>Foto: Stefano Laura\/BILD<\/p>\n<p>In dem \u00dcbungsszenario sind die Stra\u00dfen verstopft. Soldaten hatten deswegen die U-Bahn genommen, um schneller voranzukommen. Dabei wurden sie attackiert. Jetzt m\u00fcssen ihre Kameraden sie retten. Teichgr\u00e4ber nennt das eine \u201ekomplexe Situation\u201c. Es sei eng und d\u00fcster. Schwierig, sich da einen \u00dcberblick zu verschaffen. Zumal mit den vielen Verletzten. <\/p>\n<p>Mehr zum Thema<img decoding=\"async\" width=\"992\" height=\"558\" alt=\"Es gibt viele Verletzte, die versorgt werden m\u00fcssen\" src=\"https:\/\/www.europesays.com\/de\/wp-content\/uploads\/2025\/11\/76fb2a6d4fb22207ff658403a605307a,a2a0d49c\"   class=\"landscape\" loading=\"lazy\"\/><\/p>\n<p class=\"fig__caption__text\">Auch viele \u201eVerletzte\u201c m\u00fcssen versorgt werden<\/p>\n<p>Foto: Stefano Laura\/BILD<\/p>\n<p>In kleinen Gruppen st\u00fcrmen die Soldaten den Waggon. Es knallt. Sehr lange ist die Lage un\u00fcbersichtlich, die Stimmung hochnerv\u00f6s. Dann sind die Separatisten offenbar tot. Die ersten Verletzten werden geborgen. \u00dcbers Gleisbett in Sicherheit gebracht. <\/p>\n<p>Auch Bastian (23) ist im Einsatz. Hauptgefreiter, seit drei Jahren beim Bund. Das Gesicht verschwitzt, der Blick ersch\u00f6pft. Der U-Bahn-Katakomben-Kampf? \u201eEine ganz neue Erfahrung, mega stressig\u201c, sagt er.  Bastian war im zweiten Sturmtrupp. Aufgabe: Strom am Gleis kappen, \u201eFeuerkampf f\u00fchren und, sobald gesichert ist, die Verletzten bergen\u201c.<\/p>\n<p><img decoding=\"async\" width=\"992\" height=\"558\" alt=\"Die Verletzten werden zum Bahnsteig gebracht\" src=\"https:\/\/www.europesays.com\/de\/wp-content\/uploads\/2025\/11\/bb15e7a6c645a4501c175b694f718e5f,502bef78\"   class=\"landscape\" loading=\"lazy\"\/><\/p>\n<p class=\"fig__caption__text\">Die \u201eVerletzten\u201c werden zum Bahnsteig gebracht<\/p>\n<p>Foto: Stefano Laura\/BILD<\/p>\n<p>Das Wichtigste sei, Ruhe zu bewahren. Gerade im Ernstfall. Vor dem habe er keine Angst, aber Respekt. \u201eDeshalb trainieren wir\u201c, sagt er. Nat\u00fcrlich ben\u00f6tige man \u201evielleicht mehr Soldaten\u201c. Aber: \u201eWir sind kriegst\u00fcchtig.\u201c Zur Wehrdienst-Debatte wollen weder er noch seine Kameraden sich \u00e4u\u00dfern. <\/p>\n<p><img decoding=\"async\" width=\"992\" height=\"1178\" alt=\"Bastian nach der \u00dcbung im U-Bahn-Tunnel\" src=\"https:\/\/www.europesays.com\/de\/wp-content\/uploads\/2025\/11\/bfe2181618533efbaa89e0b00efc7e9c,e1c4c496\"   class=\"portrait\" loading=\"lazy\"\/><\/p>\n<p class=\"fig__caption__text\">Bastian (23) ist Hauptgefreiter, seit drei Jahren beim Bund. Seine Aufgabe bei der \u00dcbung: Strom am Gleis kappen, \u201eFeuerkampf f\u00fchren und, sobald gesichert ist, die Verletzten bergen\u201c<\/p>\n<p>Foto: Stefano Laura\/BILD<\/p>\n<p><b>Mehrere Stunden dauert die \u00dcbung. F\u00fcr Bastian eine Nacht mit wenig Schlaf. Wiedermal. Die ganze Woche m\u00fcssen sie ran. H\u00e4userkampf auf dem Trainingsgel\u00e4nde, in einem ehemaligen Chemiewerk. Oder eben am U-Bahnhof. Um vorbereitet zu sein f\u00fcr den Ernstfall.<\/b><\/p>\n","protected":false},"excerpt":{"rendered":"Berlin \u2013 U-Bahnhof Jungfernheide, Berlin. Es ist Mittwoch, der 19. November, weit nach Mitternacht. In der Hauptstadt herrscht&hellip;\n","protected":false},"author":2,"featured_media":586860,"comment_status":"","ping_status":"","sticky":false,"template":"","format":"standard","meta":{"footnotes":""},"categories":[1825],"tags":[296,685,104149,29,30,14576,121,1949,45,2788,2624],"class_list":{"0":"post-586859","1":"post","2":"type-post","3":"status-publish","4":"format-standard","5":"has-post-thumbnail","7":"category-berlin","8":"tag-berlin","9":"tag-bundeswehr","10":"tag-bundeswehr-einsatz","11":"tag-deutschland","12":"tag-germany","13":"tag-pistorius-boris","14":"tag-polizei","15":"tag-s-bahn","16":"tag-texttospeech","17":"tag-u-bahn","18":"tag-unfaelle"},"share_on_mastodon":{"url":"https:\/\/pubeurope.com\/@de\/115576238399284385","error":""},"_links":{"self":[{"href":"https:\/\/www.europesays.com\/de\/wp-json\/wp\/v2\/posts\/586859","targetHints":{"allow":["GET"]}}],"collection":[{"href":"https:\/\/www.europesays.com\/de\/wp-json\/wp\/v2\/posts"}],"about":[{"href":"https:\/\/www.europesays.com\/de\/wp-json\/wp\/v2\/types\/post"}],"author":[{"embeddable":true,"href":"https:\/\/www.europesays.com\/de\/wp-json\/wp\/v2\/users\/2"}],"replies":[{"embeddable":true,"href":"https:\/\/www.europesays.com\/de\/wp-json\/wp\/v2\/comments?post=586859"}],"version-history":[{"count":0,"href":"https:\/\/www.europesays.com\/de\/wp-json\/wp\/v2\/posts\/586859\/revisions"}],"wp:featuredmedia":[{"embeddable":true,"href":"https:\/\/www.europesays.com\/de\/wp-json\/wp\/v2\/media\/586860"}],"wp:attachment":[{"href":"https:\/\/www.europesays.com\/de\/wp-json\/wp\/v2\/media?parent=586859"}],"wp:term":[{"taxonomy":"category","embeddable":true,"href":"https:\/\/www.europesays.com\/de\/wp-json\/wp\/v2\/categories?post=586859"},{"taxonomy":"post_tag","embeddable":true,"href":"https:\/\/www.europesays.com\/de\/wp-json\/wp\/v2\/tags?post=586859"}],"curies":[{"name":"wp","href":"https:\/\/api.w.org\/{rel}","templated":true}]}}