{"id":586864,"date":"2025-11-19T11:58:18","date_gmt":"2025-11-19T11:58:18","guid":{"rendered":"https:\/\/www.europesays.com\/de\/586864\/"},"modified":"2025-11-19T11:58:18","modified_gmt":"2025-11-19T11:58:18","slug":"buehrle-sammlung-zuerich-kaempft-um-umstrittene-kunstwerke","status":"publish","type":"post","link":"https:\/\/www.europesays.com\/de\/586864\/","title":{"rendered":"B\u00fchrle-Sammlung: Z\u00fcrich k\u00e4mpft um umstrittene Kunstwerke"},"content":{"rendered":"<p>Kunstsammlung in Z\u00fcrich \u2013 <\/p>\n<p>Stadt geht rechtlich gegen m\u00f6glichen Wegzug der B\u00fchrle-Sammlung vor<\/p>\n<p class=\"ContentHead_lead____SsS link_regular__O0hk0 link_externalicon-big__ZdPgo link_externalicon__qcwXs\">Im Oktober drohte die B\u00fchrle-Stiftung indirekt mit einem Wegzug aus Z\u00fcrich. Die Stadt gab darauf bekannt, rechtliche Schritte zu pr\u00fcfen. Jetzt teilt sie mit, wie sie vorgehen will.<\/p>\n<p><img loading=\"lazy\" decoding=\"async\" src=\"https:\/\/www.europesays.com\/de\/wp-content\/uploads\/2025\/11\/2bx9Bwuya0xAusU9lZtREj.jpg\"  width=\"100\" height=\"100\"  alt=\"Samira Kunz\" class=\"AuthorImage_root__WCxj_ ContentMetaInfo_authorimage__Mp4LD AuthorImage_-content-head__3qDob\" style=\"background-color:#747474\"\/>Publiziert heute um 09:13 Uhr<img decoding=\"async\" loading=\"eager\" fetchpriority=\"high\" src=\"https:\/\/www.europesays.com\/de\/wp-content\/uploads\/2025\/11\/6H7o8T4eqMZ9KVbgqb0XHj.jpg\" alt=\"Ein Besucher betrachtet Gem\u00e4lde an der Wand im Kunsthaus Z\u00fcrich w\u00e4hrend der Neuer\u00f6ffnung.\" title=\"Ein Besucher betrachtet Gem\u00e4lde an der Wand im Kunsthaus Z\u00fcrich w\u00e4hrend der Neuer\u00f6ffnung.\" class=\"ResponsiveImage_root__ZDz10 responsive-image\" style=\"background-color:#A49B8B\"\/><\/p>\n<p>Sie k\u00f6nnte bald woanders ausgestellt werden: Die B\u00fchrle-Sammlung im Kunsthaus Z\u00fcrich.<\/p>\n<p>Foto: Taddeo Cerletti (20 Minuten)<\/p>\n<p><strong class=\"SummaryList_title__8uifR\">In K\u00fcrze:<\/strong><\/p>\n<ul class=\"SummaryList_list__pEa7M\">\n<li>Die Stadt Z\u00fcrich reicht Beschwerde gegen die Statuten\u00e4nderung der B\u00fchrle-Stiftung ein.<\/li>\n<li>Der neue Stiftungszweck erm\u00f6glicht einen Wegzug der wertvollen Sammlung aus dem Kunsthaus.<\/li>\n<li>Die Stadt betont ihre finanziellen Investitionen f\u00fcr den Chipperfield-Bau zur Ausstellung.<\/li>\n<li>Der aktuelle Vertrag zwischen Kunsthaus und B\u00fchrle-Stiftung l\u00e4uft noch bis 2034.<\/li>\n<\/ul>\n<p class=\"ArticleParagraph_root__lhFZo ArticleContainer_content-width__FRl7F link_focus__0ZMwx link_externalicon-big__ZdPgo link_externalicon__qcwXs ArticleElement_article-element__q93eL\">Im Oktober hatte <a class=\"HtmlText_root__A1OSq\" href=\"https:\/\/www.tagesanzeiger.ch\/buehrle-stiftung-aenderung-im-stiftungszweck-koennte-zuerich-abzug-ermoeglichen-741674832527\" target=\"_blank\" rel=\"noopener\">die B\u00fchrle-Stiftung ihren Stiftungszweck<\/a> angepasst und den Ortsbezug zu Z\u00fcrich gestrichen \u2013 somit muss sie ihre Bilder nicht mehr in der Stadt ausstellen und k\u00f6nnte aus dem Kunsthaus wegziehen. Bewilligt hat die Statuten\u00e4nderung die BVG- und Stiftungsaufsicht des Kantons Z\u00fcrich (BVS). Die Stadt Z\u00fcrich hat nun Beschwerde gegen die Verf\u00fcgung eingereicht, wie sie am Mittwoch mitteilte.<\/p>\n<p class=\"ArticleParagraph_root__lhFZo ArticleContainer_content-width__FRl7F link_focus__0ZMwx link_externalicon-big__ZdPgo link_externalicon__qcwXs ArticleElement_article-element__q93eL\">\u00abDie Stadt ist \u00fcberrascht, dass die BVS dieser Zweck\u00e4nderung zugestimmt hat\u00bb, heisst es in der Mitteilung. Die Stadt habe entschieden, gegen die Verf\u00fcgung der BVS Beschwerde beim Verwaltungsgericht einzureichen. Sie wolle den Entscheid der BVS rechtlich \u00fcberpr\u00fcfen lassen, um die Interessen der Stadt Z\u00fcrich und der Z\u00fcrcher Bev\u00f6lkerung zu wahren.<\/p>\n<p>Stadt investierte viel Geld in den Bau f\u00fcr die Sammlung<\/p>\n<p class=\"ArticleParagraph_root__lhFZo ArticleContainer_content-width__FRl7F link_focus__0ZMwx link_externalicon-big__ZdPgo link_externalicon__qcwXs ArticleElement_article-element__q93eL\">Somit erf\u00fclle die Stadt, die sich als \u00abDestin\u00e4rin\u00bb der Stiftung versteht, ihre Sorgfaltspflicht. Die Stadt erhebt Anspruch darauf, dass die Sammlung in Z\u00fcrich ausgestellt wird: \u00abIm Zusammenhang mit der Dauerleihgabe der Werke der Stiftung im Chipperfield-Bau des Kunsthaus Z\u00fcrich hat die Stadt Z\u00fcrich zudem erhebliche Investitionen get\u00e4tigt.\u00bb<\/p>\n<p class=\"ArticleParagraph_root__lhFZo ArticleContainer_content-width__FRl7F link_focus__0ZMwx link_externalicon-big__ZdPgo link_externalicon__qcwXs ArticleElement_article-element__q93eL\">Die Stiftung begr\u00fcndete die \u00c4nderung mit der <a class=\"HtmlText_root__A1OSq\" href=\"https:\/\/www.tagesanzeiger.ch\/bergier-historiker-kritisieren-plan-des-zuercher-kunsthauses-715282631204\" target=\"_blank\" rel=\"noopener\">anhaltenden Debatte rund um die Kunstsammlung<\/a>. \u00abDie negativen finanziellen, personellen und reputationsm\u00e4ssigen Auswirkungen auf die Stiftung und auf das Z\u00fcrcher Kunsthaus waren enorm\u00bb, hiess es in einem Schreiben des Anwalts der Stiftung. \u00abOb unter diesen Umst\u00e4nden eine weitere Pr\u00e4sentation der Sammlung in der Stadt Z\u00fcrich weiterhin m\u00f6glich, angemessen und vertretbar bleibt, ist aktuell ungewiss.\u00bb<\/p>\n<p>Sammlung im Kunsthaus aktuell geschlossen<\/p>\n<p class=\"ArticleParagraph_root__lhFZo ArticleContainer_content-width__FRl7F link_focus__0ZMwx link_externalicon-big__ZdPgo link_externalicon__qcwXs ArticleElement_article-element__q93eL\">Der Vertrag des Kunsthauses mit der B\u00fchrle-Stiftung l\u00e4uft noch bis Ende 2034. Danach k\u00f6nnte die Stiftung die Stadt verlassen und die Bilder woanders ausstellen lassen. Seit Jahren wird \u00fcber die Herkunft einiger Bilder gestritten, da es sich um Fluchtgut aus der Nazizeit handeln k\u00f6nnte. Aktuell wird erneut die Herkunft einiger Werke abgekl\u00e4rt und die Sammlung ist wegen eines Umbaus bis 2027 geschlossen.<\/p>\n<p class=\"DynamicTeaser_boxtitle__B6piN\">Die B\u00fchrle-Sammlung in Z\u00fcrich<\/p>\n<p>Newsletter<\/p>\n<p>Z\u00fcrich heute<\/p>\n<p>Erhalten Sie ausgew\u00e4hlte Neuigkeiten und Hintergr\u00fcnde aus Stadt und Region.<\/p>\n<p><a class=\"NewsletterBox_more__FNemz link_underlinelink__K5Zr0\" href=\"https:\/\/www.tagesanzeiger.ch\/newsletter-uebersicht\" target=\"_blank\" rel=\"noopener\">Weitere Newsletter<\/a><\/p>\n<p>Einloggen<strong>Samira Kunz<\/strong> ist seit 2025 Redaktorin am Newsdesk von Tamedia.<a class=\"ArticleAuthorBio_moreinfo__cqyvz link_underlinelink__K5Zr0\" rel=\"author noopener\" href=\"https:\/\/www.tagesanzeiger.ch\/author\/28168313\/samira-kunz\" target=\"_blank\">Mehr Infos<\/a><\/p>\n<p class=\"Feedback_root__fr_Mi ArticleContainer_content-width__FRl7F\">Fehler gefunden?<a href=\"mailto:tagesleitung.korrektorat@tamedia.ch?subject=Hinweis%20auf%20Fehler%20%7C%20Samira%20Kunz%20%7C%20Stadt%20geht%20rechtlich%20gegen%20m%C3%B6glichen%20Wegzug%20der%20B%C3%BChrle-Sammlung%20vor&amp;body=Ich%20habe%20in%20diesem%20Inhalt%20einen%20Fehler%20entdeckt%3A%20https%3A%2F%2Fwww.tagesanzeiger.ch%2Fbuehrle-sammlung-wegzug-aus-zuerich-nach-2034-moeglich-407205512857\" class=\"Feedback_feedbacklink__VyDCi link_underlinelink__K5Zr0\">Jetzt melden.<\/a><\/p>\n<p>14 Kommentare<\/p>\n","protected":false},"excerpt":{"rendered":"Kunstsammlung in Z\u00fcrich \u2013 Stadt geht rechtlich gegen m\u00f6glichen Wegzug der B\u00fchrle-Sammlung vor Im Oktober drohte die B\u00fchrle-Stiftung&hellip;\n","protected":false},"author":2,"featured_media":586865,"comment_status":"","ping_status":"","sticky":false,"template":"","format":"standard","meta":{"footnotes":""},"categories":[1775],"tags":[1793,29,214,30,1794,100586,215],"class_list":{"0":"post-586864","1":"post","2":"type-post","3":"status-publish","4":"format-standard","5":"has-post-thumbnail","7":"category-kunst-und-design","8":"tag-art-and-design","9":"tag-deutschland","10":"tag-entertainment","11":"tag-germany","12":"tag-kunst-und-design","13":"tag-stats-reach-team-all-articles","14":"tag-unterhaltung"},"share_on_mastodon":{"url":"https:\/\/pubeurope.com\/@de\/115576249625407053","error":""},"_links":{"self":[{"href":"https:\/\/www.europesays.com\/de\/wp-json\/wp\/v2\/posts\/586864","targetHints":{"allow":["GET"]}}],"collection":[{"href":"https:\/\/www.europesays.com\/de\/wp-json\/wp\/v2\/posts"}],"about":[{"href":"https:\/\/www.europesays.com\/de\/wp-json\/wp\/v2\/types\/post"}],"author":[{"embeddable":true,"href":"https:\/\/www.europesays.com\/de\/wp-json\/wp\/v2\/users\/2"}],"replies":[{"embeddable":true,"href":"https:\/\/www.europesays.com\/de\/wp-json\/wp\/v2\/comments?post=586864"}],"version-history":[{"count":0,"href":"https:\/\/www.europesays.com\/de\/wp-json\/wp\/v2\/posts\/586864\/revisions"}],"wp:featuredmedia":[{"embeddable":true,"href":"https:\/\/www.europesays.com\/de\/wp-json\/wp\/v2\/media\/586865"}],"wp:attachment":[{"href":"https:\/\/www.europesays.com\/de\/wp-json\/wp\/v2\/media?parent=586864"}],"wp:term":[{"taxonomy":"category","embeddable":true,"href":"https:\/\/www.europesays.com\/de\/wp-json\/wp\/v2\/categories?post=586864"},{"taxonomy":"post_tag","embeddable":true,"href":"https:\/\/www.europesays.com\/de\/wp-json\/wp\/v2\/tags?post=586864"}],"curies":[{"name":"wp","href":"https:\/\/api.w.org\/{rel}","templated":true}]}}