{"id":586866,"date":"2025-11-19T12:00:30","date_gmt":"2025-11-19T12:00:30","guid":{"rendered":"https:\/\/www.europesays.com\/de\/586866\/"},"modified":"2025-11-19T12:00:30","modified_gmt":"2025-11-19T12:00:30","slug":"alle-sendetermine-auf-einen-blick","status":"publish","type":"post","link":"https:\/\/www.europesays.com\/de\/586866\/","title":{"rendered":"Alle Sendetermine auf einen Blick"},"content":{"rendered":"<p>ARD-Format startet fr\u00fcher <\/p>\n<p>\u00c4nderung bei &#8222;Immer wieder sonntags&#8220;<\/p>\n<p>19.11.2025 &#8211; 11:12 UhrLesedauer: 2 Min.<\/p>\n<p><a href=\"#focus-0\" class=\"transition-colors duration-200 block text-current relative\" data-sctrack=\"FocusGalleryImage.Reference\"><img fetchpriority=\"high\" data-testid=\"Opener.Image\" style=\"--lqipURL:url('https:\/\/images.t-online.de\/2025\/11\/ImfTi1A-mL9d\/55x119:2985x1679\/fit-in\/150x0\/filters:blur(25)\/stefan-mross-er-moderiert-die-show-immer-wieder-sonntags.jpg')\"   loading=\"eager\" src=\"https:\/\/www.europesays.com\/de\/wp-content\/uploads\/2025\/11\/stefan-mross-er-moderiert-die-show-immer-wieder-sonntags.jpg\" alt=\"Stefan Mross: Er moderiert die Show &quot;Immer wieder sonntags&quot;.\" title=\"Stefan Mross: Er moderiert die Show &quot;Immer wieder sonntags&quot;.\" width=\"2985\" height=\"1679\" class=\"bg-[url:var(--lqipURL)] bg-cover bg-center flex h-full w-full max-w-full\" decoding=\"async\"\/><img style=\"--width:32;--height:32\" loading=\"lazy\" src=\"https:\/\/www.t-online.de\/s\/paper\/_next\/static\/media\/zoom-in.f7dae02f.svg\" alt=\"Vergr\u00f6\u00dfern des Bildes\" title=\"Vergr\u00f6\u00dfern des Bildes\" class=\"block h-[calc(var(--height)_\/_16_*_1rem)] w-[calc(var(--width)_\/_16_*_1rem)] max-w-none absolute bottom-8 right-8 rounded-4 bg-snow p-8\" decoding=\"async\"\/><\/a><\/p>\n<p>Stefan Mross: Er moderiert die Show &#8222;Immer wieder sonntags&#8220;. (Quelle: IMAGO\/Harald Deubert)<\/p>\n<p class=\"font-bold text-18 leading-17\"><strong class=\"font-bold\">Stefan Mross startet im kommenden Jahr anders mit seiner Sendung &#8222;Immer wieder sonntags&#8220;. Damit geht eine Verschiebung des gewohnten Sendeablaufs einher.<\/strong><\/p>\n<p class=\"text-18 leading-17\">Der Startschuss f\u00fcr die Schlagershow &#8222;Immer wieder sonntags&#8220; f\u00e4llt laut <a class=\"transition-colors duration-200 cursor-pointer text-inherit no-underline text-salemsfur md:hover:text-magenta md:hover:border-magenta md:focus:text-magenta border-current border-b border-solid break-words\" href=\"https:\/\/www.t-online.de\/themen\/swr\/\" data-sctrack=\"BodyAnchor\" target=\"_blank\" rel=\"noopener\">SWR<\/a> am 31. Mai 2026 \u2013 und damit rund zwei Wochen fr\u00fcher als noch 2025. Insgesamt sind f\u00fcr die kommende Staffel zw\u00f6lf Live-Ausgaben geplant. Die sonnt\u00e4glichen Shows mit Moderator <a class=\"transition-colors duration-200 cursor-pointer text-inherit no-underline text-salemsfur md:hover:text-magenta md:hover:border-magenta md:focus:text-magenta border-current border-b border-solid break-words\" href=\"https:\/\/www.t-online.de\/themen\/stefan-mross\/\" data-sctrack=\"BodyAnchor\" target=\"_blank\" rel=\"noopener\">Stefan Mross<\/a> werden wie gewohnt im Europa-Park in Rust produziert.<\/p>\n<p class=\"text-18 leading-17\">Die neue Staffel bringt auch zwei feste Pausen mit sich. Am 26. Juli sowie am 16. August 2026 ist keine Ausstrahlung vorgesehen. Alle weiteren Termine verteilen sich gleichm\u00e4\u00dfig \u00fcber die Sommermonate und sehen konkret wie folgt aus:<\/p>\n<p class=\"text-18 leading-17\">Ein so fr\u00fcher Saisonbeginn ist kein Novum in der Geschichte der Sendung. Bereits 2012 war die Reihe etwas fr\u00fcher gestartet als \u00fcblich. Die Entscheidung \u00fcber die zeitliche Platzierung wird offenbar regelm\u00e4\u00dfig an organisatorische Rahmenbedingungen angepasst. Dies k\u00f6nnte entweder mit dem Belegungsplan des Europa-Parks, der ARD-Programmstruktur oder dem Terminkalender von Mross zusammenh\u00e4ngen.<\/p>\n<p class=\"text-18 leading-17\">Stefan Mross moderiert &#8222;Immer wieder sonntags&#8220; seit \u00fcber 20 Jahren und ist damit f\u00fcr viele Zuschauende eine verl\u00e4ssliche Gr\u00f6\u00dfe im deutschen Fernsehen. Weniger treu zeigte sich der Musiker k\u00fcrzlich im beruflichen Rahmen. Mross sagte eine Veranstaltung, die er moderieren sollte, nur wenige Stunden vor Beginn ab.<\/p>\n<p class=\"text-18 leading-17\">Neben der TV-Reihe wird die zugeh\u00f6rige Tournee im kommenden Jahr fortgesetzt. Nach pandemiebedingter Verschiebung geht das B\u00fchnenprogramm ab dem 25. M\u00e4rz 2026 auf Deutschlandreise \u2013 mit dabei sind unter anderem Nicole, Claudia Jung, Joey Heindle, Kristina Bach oder <a class=\"transition-colors duration-200 cursor-pointer text-inherit no-underline text-salemsfur md:hover:text-magenta md:hover:border-magenta md:focus:text-magenta border-current border-b border-solid break-words\" href=\"https:\/\/www.t-online.de\/themen\/michael-holm\/\" data-sctrack=\"BodyAnchor\" target=\"_blank\" rel=\"noopener\">Michael Holm<\/a>.<\/p>\n","protected":false},"excerpt":{"rendered":"ARD-Format startet fr\u00fcher \u00c4nderung bei &#8222;Immer wieder sonntags&#8220; 19.11.2025 &#8211; 11:12 UhrLesedauer: 2 Min. Stefan Mross: Er moderiert&hellip;\n","protected":false},"author":2,"featured_media":586867,"comment_status":"","ping_status":"","sticky":false,"template":"","format":"standard","meta":{"footnotes":""},"categories":[1773],"tags":[722,522,223,29,214,30,4560,11248,140663,471,1780,63941,1755,215],"class_list":{"0":"post-586866","1":"post","2":"type-post","3":"status-publish","4":"format-standard","5":"has-post-thumbnail","7":"category-serien","8":"tag-722","9":"tag-522","10":"tag-ard","11":"tag-deutschland","12":"tag-entertainment","13":"tag-germany","14":"tag-rust","15":"tag-schlagershow","16":"tag-sendeablauf","17":"tag-serien","18":"tag-series","19":"tag-stefan-mross","20":"tag-swr","21":"tag-unterhaltung"},"share_on_mastodon":{"url":"https:\/\/pubeurope.com\/@de\/115576258441741450","error":""},"_links":{"self":[{"href":"https:\/\/www.europesays.com\/de\/wp-json\/wp\/v2\/posts\/586866","targetHints":{"allow":["GET"]}}],"collection":[{"href":"https:\/\/www.europesays.com\/de\/wp-json\/wp\/v2\/posts"}],"about":[{"href":"https:\/\/www.europesays.com\/de\/wp-json\/wp\/v2\/types\/post"}],"author":[{"embeddable":true,"href":"https:\/\/www.europesays.com\/de\/wp-json\/wp\/v2\/users\/2"}],"replies":[{"embeddable":true,"href":"https:\/\/www.europesays.com\/de\/wp-json\/wp\/v2\/comments?post=586866"}],"version-history":[{"count":0,"href":"https:\/\/www.europesays.com\/de\/wp-json\/wp\/v2\/posts\/586866\/revisions"}],"wp:featuredmedia":[{"embeddable":true,"href":"https:\/\/www.europesays.com\/de\/wp-json\/wp\/v2\/media\/586867"}],"wp:attachment":[{"href":"https:\/\/www.europesays.com\/de\/wp-json\/wp\/v2\/media?parent=586866"}],"wp:term":[{"taxonomy":"category","embeddable":true,"href":"https:\/\/www.europesays.com\/de\/wp-json\/wp\/v2\/categories?post=586866"},{"taxonomy":"post_tag","embeddable":true,"href":"https:\/\/www.europesays.com\/de\/wp-json\/wp\/v2\/tags?post=586866"}],"curies":[{"name":"wp","href":"https:\/\/api.w.org\/{rel}","templated":true}]}}