{"id":586870,"date":"2025-11-19T12:03:16","date_gmt":"2025-11-19T12:03:16","guid":{"rendered":"https:\/\/www.europesays.com\/de\/586870\/"},"modified":"2025-11-19T12:03:16","modified_gmt":"2025-11-19T12:03:16","slug":"eddington-ein-filmischer-tiefpunkt-fuer-regisseur-ari-aster","status":"publish","type":"post","link":"https:\/\/www.europesays.com\/de\/586870\/","title":{"rendered":"&#8222;Eddington&#8220;: Ein filmischer Tiefpunkt f\u00fcr Regisseur Ari Aster"},"content":{"rendered":"<p>        <img decoding=\"async\" src=\"https:\/\/www.europesays.com\/de\/wp-content\/uploads\/2025\/11\/eddington-102.webp\" alt=\"Szene aus dem Film &quot;Eddington&quot;: Zwei M\u00e4nner, einer davon ein Sheriff, streiten der Stra\u00dfe.\" title=\"Szene aus dem Film &quot;Eddington&quot;: Zwei M\u00e4nner, einer davon ein Sheriff, streiten der Stra\u00dfe. | Leonine Distribution\" class=\"responsive\"\/><\/p>\n<p>AUDIO: Neu im Kino: &#8222;Eddington&#8220; (3 Min)<\/p>\n<p>\n            Stand: 19.11.2025 11:28 Uhr<\/p>\n<p class=\"preface\">Die Pandemie-Groteske &#8222;Eddington&#8220; von Regisseur Ari Aster wirkt \u00fcberladen und wirr. Zudem vermischt der Film zu viele Themen ohne Feingef\u00fchl. Trotz Starensemble fehlt ihm Tiefe und Spannung.<\/p>\n<p class=\"textauthor\">von <a href=\"https:\/\/www.ndr.de\/kultur\/walli-mueller,mueller1662.html\" target=\"_blank\" rel=\"noopener\">Walli M\u00fcller<\/a><\/p>\n<p class=\"\">Mit seinen Filmen &#8222;Hereditary&#8220; und &#8222;Midsommar&#8220; ist der amerikanische Regisseur Ari Aster in Rekordzeit in den Horrorfilm-Olymp aufgestiegen und konnte sich aussuchen, mit wem er zusammenarbeiten will. Nun kommt sein neuester Film &#8222;Eddington&#8220; in die Kinos &#8211; mit einem Starensemble um Joaquin Phoenix, Pedro Pascal, Emma Stone und Austin Butler.<\/p>\n<p>    Corona-Thematik als Western-Groteske<\/p>\n<p class=\"\">F\u00fcnf Jahre liegt das Jahr 2020 zur\u00fcck &#8211; und f\u00fchlt sich doch an wie eine ferne Epoche: Corona, Lockdown, Maskenpflicht. F\u00fcr Ari Aster ist genug Zeit vergangen, um daraus eine Groteske zu machen. Eine Pandemie-Groteske, getarnt als Kleinstadtwestern in einem verschlafenen Kaff in New Mexico. Ein Genre, das f\u00fcr den Regisseur auf der Hand lag: &#8222;Ich liebe Western und ihre Traditionen: den Aufbau neuer Gesellschaften. Es geht um Recht gegen Gesetzlosigkeit. Wir stecken derzeit in einer Art neuer Grenzregion. Es schien mir das richtige Genre zu sein. Nehmen wir allein mal die Theatralik von Covid. Es war immer so: Steh&#8216; hier, mach&#8216; das, trag&#8216; die Maske, sag&#8216; das, glaub&#8216; das. Der Film beginnt damit, dass eine Figur beschlie\u00dft: Nein, ich mache da nicht mit.&#8220;<\/p>\n<p class=\"\">Diese Figur, die sich in &#8222;Eddington&#8220; weigert, ist Sheriff Joe Cross, der glaubt, Covid sei eine Erfindung der Regierung, und der sich weigert, die Regeln zu befolgen, die er eigentlich durchsetzen m\u00fcsste. Sein Gegenspieler ist der amtierende B\u00fcrgermeister Ted Garcia, gespielt von Pedro Pascal, der die Regeln verteidigt:<\/p>\n<blockquote><p>\n        &#8222;Wenn eine gesunde Person mit einer Maske&#8230;&#8220;<br \/>&#8222;Und es geht los.&#8220;<br \/>&#8222;&#8230;auf eine Person ohne Maske trifft, die mit Covid-19 infiziert ist, liegt die Wahrscheinlichkeit einer Ansteckung bei 70 Prozent. Aber wenn wir sie alle tragen, k\u00f6nnen wir die Inzidenz auf ein F\u00fcnftel reduzieren.&#8220;<br \/>&#8222;Sie haben doch keinen Schimmer, wovon Sie reden. Ein F\u00fcnftel von null &#8211; wie viel genau ist das?&#8220;<br \/>&#8222;Ehrlich gesagt, brauchen wir dar\u00fcber gar nicht zu diskutieren, denn das sind staatliche Vorschriften.&#8220;<\/p>\n<p>                Filmszene<\/p>\n<\/blockquote>\n<p>    &#8222;Eddington&#8220;: Ein wirrer Film, der den Zeitgeist verfehlt<\/p>\n<p class=\"\">Ari Aster, der mit Filmen wie &#8222;Hereditary&#8220; oder &#8222;Midsommar&#8220; feinstes Gesp\u00fcr f\u00fcr Zwischent\u00f6ne und zeitgeistige Horrorfilme bewiesen hat, arbeitet in &#8222;Eddington&#8220; eher mit der Kreiss\u00e4ge als mit Feingef\u00fchl. Er vermischt alles: ein ungewolltes Rechenzentrum f\u00fcr K\u00fcnstliche Intelligenz, Wahlkampf via Social Media, Masken-Debatten, Social Distancing und das Verbreiten von Verschw\u00f6rungstheorien &#8211; und zwar von beiden politischen Lagern.<\/p>\n<blockquote><p>\n        &#8222;Es gibt kein Covid in Eddington, es gibt kein Covid in Sevilla County. Dennoch gibt es eine Verordnung von unserem B\u00fcrgermeister und seiner Gouverneurin, laut der ich keine Lebensmittel einkaufen darf, ohne einen Asthmaanfall zu riskieren. Jetzt mal ehrlich: Wie k\u00f6nnte es so weit kommen? Und noch viel wichtiger: Ist es das wert?&#8220;<\/p>\n<p>                Filmszene<\/p>\n<\/blockquote>\n<p class=\"\">Die Antwort des Films ist eindeutig: &#8222;Eddington&#8220; hat nichts vom Zeitgeist, wirkt mit seinen fast drei Stunden beh\u00e4big wie ein alter Dampfer. Das Starensemble um Joaquin Phoenix, Pedro Pascal, Emma Stone und Austin Butler dreht komplett frei. Hier macht jede und jeder, was sie oder er will. &#8222;Eddington&#8220; ist wirr, \u00fcberladen, ein filmischer Tiefpunkt f\u00fcr Aster und am Ende eine Farce &#8211; leider im schlechtesten Sinne.<\/p>\n<p>        <a href=\"https:\/\/www.europesays.com\/de\/wp-content\/uploads\/2025\/11\/eddington-102.webp\" class=\"zoomimage\" title=\"Bild vergr\u00f6\u00dfern\"><\/p>\n<p>        <img decoding=\"async\" src=\"https:\/\/www.europesays.com\/de\/wp-content\/uploads\/2025\/11\/eddington-102.webp\" alt=\"Szene aus dem Film &quot;Eddington&quot;: Zwei M\u00e4nner, einer davon ein Sheriff, streiten der Stra\u00dfe.\" title=\"Szene aus dem Film &quot;Eddington&quot;: Zwei M\u00e4nner, einer davon ein Sheriff, streiten der Stra\u00dfe. | Leonine Distribution\" class=\"responsive\" loading=\"lazy\"\/><\/p>\n<p>        <\/a><\/p>\n<p>      Eddington<\/p>\n<dl>\n<dt class=\"dtHidden\">Genre:<\/dt>\n<dd>Kom\u00f6die<\/dd>\n<dd>Thriller<\/dd>\n<dt>Produktionsjahr:<\/dt>\n<dd>2025<\/dd>\n<dt>Produktionsland:<\/dt>\n<dd>USA<\/dd>\n<dt>Zusatzinfo:<\/dt>\n<dd>mit Joaquin Phoenix,\u00a0Pedro Pascal,\u00a0Emma Stone und anderen<\/dd>\n<dt>Regie:<\/dt>\n<dd>Ari Aster<\/dd>\n<dt>L\u00e4nge:<\/dt>\n<dd>145 Minuten<\/dd>\n<dt>Altersempfehlung:<\/dt>\n<dd>ab 16 Jahren<\/dd>\n<dt>Kinostart:<\/dt>\n<dd>20. November 2025<\/dd>\n<\/dl>\n","protected":false},"excerpt":{"rendered":"AUDIO: Neu im Kino: &#8222;Eddington&#8220; (3 Min) Stand: 19.11.2025 11:28 Uhr Die Pandemie-Groteske &#8222;Eddington&#8220; von Regisseur Ari Aster&hellip;\n","protected":false},"author":2,"featured_media":586871,"comment_status":"","ping_status":"","sticky":false,"template":"","format":"standard","meta":{"footnotes":""},"categories":[1771],"tags":[1778,29,140664,214,92,30,95,1229,1777,1803,5284,215],"class_list":{"0":"post-586870","1":"post","2":"type-post","3":"status-publish","4":"format-standard","5":"has-post-thumbnail","7":"category-kino","8":"tag-cinema","9":"tag-deutschland","10":"tag-eddington","11":"tag-entertainment","12":"tag-film","13":"tag-germany","14":"tag-kino","15":"tag-kritik","16":"tag-movie","17":"tag-rezension","18":"tag-spielfilm","19":"tag-unterhaltung"},"share_on_mastodon":{"url":"https:\/\/pubeurope.com\/@de\/115576270181704410","error":""},"_links":{"self":[{"href":"https:\/\/www.europesays.com\/de\/wp-json\/wp\/v2\/posts\/586870","targetHints":{"allow":["GET"]}}],"collection":[{"href":"https:\/\/www.europesays.com\/de\/wp-json\/wp\/v2\/posts"}],"about":[{"href":"https:\/\/www.europesays.com\/de\/wp-json\/wp\/v2\/types\/post"}],"author":[{"embeddable":true,"href":"https:\/\/www.europesays.com\/de\/wp-json\/wp\/v2\/users\/2"}],"replies":[{"embeddable":true,"href":"https:\/\/www.europesays.com\/de\/wp-json\/wp\/v2\/comments?post=586870"}],"version-history":[{"count":0,"href":"https:\/\/www.europesays.com\/de\/wp-json\/wp\/v2\/posts\/586870\/revisions"}],"wp:featuredmedia":[{"embeddable":true,"href":"https:\/\/www.europesays.com\/de\/wp-json\/wp\/v2\/media\/586871"}],"wp:attachment":[{"href":"https:\/\/www.europesays.com\/de\/wp-json\/wp\/v2\/media?parent=586870"}],"wp:term":[{"taxonomy":"category","embeddable":true,"href":"https:\/\/www.europesays.com\/de\/wp-json\/wp\/v2\/categories?post=586870"},{"taxonomy":"post_tag","embeddable":true,"href":"https:\/\/www.europesays.com\/de\/wp-json\/wp\/v2\/tags?post=586870"}],"curies":[{"name":"wp","href":"https:\/\/api.w.org\/{rel}","templated":true}]}}