{"id":586893,"date":"2025-11-19T12:15:12","date_gmt":"2025-11-19T12:15:12","guid":{"rendered":"https:\/\/www.europesays.com\/de\/586893\/"},"modified":"2025-11-19T12:15:12","modified_gmt":"2025-11-19T12:15:12","slug":"was-ist-denn-im-chemnitzer-neefepark-los","status":"publish","type":"post","link":"https:\/\/www.europesays.com\/de\/586893\/","title":{"rendered":"Was ist denn im Chemnitzer Neefepark los?"},"content":{"rendered":"<p class=\"bold\">\n\t\t\t\t\t\t\t\t\t\tAm Feiertag ist in dem Einkaufszentrum nichts los. Im Gespr\u00e4ch ist der Neefepark wegen dieser Aktion dennoch. Am Mittag mussten Leute ran, um die Wagen wieder wegzuschieben.\t\t\t\t<\/p>\n<p>\t\t\t\t Hat sich hier jemand einen Spa\u00df erlaubt? Fotos aus dem Neefepark machen am Mittwoch im Netz die Runde. Der gro\u00dfe Parkplatz des Einkaufszentrums am Rande der Stadt ist derzeit kaum nutzbar. Unz\u00e4hlige Einkaufswagen wurden auf die einzelnen Stellfl\u00e4chen platziert. Mit System offenbar. Alle Wagen sind akkurat ausgerichtet.<\/p>\n<p>\t\t<img decoding=\"async\" class=\"fp-plus-logo\" src=\"https:\/\/www.freiepresse.de\/img\/fpplus.svg\" alt=\"Freie Presse plus Logo\"\/><\/p>\n<p>Registrieren und testen.<\/p>\n<p>Jetzt mit Ihrer Registrierung 1 Monat gratis testen und alle Beitr\u00e4ge lesen.<\/p>\n<p>Schon Abonnent? Melden Sie sich mit ihren Zugangsdaten an.<\/p>\n","protected":false},"excerpt":{"rendered":"Am Feiertag ist in dem Einkaufszentrum nichts los. Im Gespr\u00e4ch ist der Neefepark wegen dieser Aktion dennoch. Am&hellip;\n","protected":false},"author":2,"featured_media":586894,"comment_status":"","ping_status":"","sticky":false,"template":"","format":"standard","meta":{"footnotes":""},"categories":[1851],"tags":[2770,3364,29,548,663,3934,30,3986,13,14,15,859,12],"class_list":{"0":"post-586893","1":"post","2":"type-post","3":"status-publish","4":"format-standard","5":"has-post-thumbnail","7":"category-chemnitz","8":"tag-chemnitz","9":"tag-de","10":"tag-deutschland","11":"tag-eu","12":"tag-europa","13":"tag-europe","14":"tag-germany","15":"tag-handel","16":"tag-headlines","17":"tag-nachrichten","18":"tag-news","19":"tag-sachsen","20":"tag-schlagzeilen"},"share_on_mastodon":{"url":"https:\/\/pubeurope.com\/@de\/115576316481925625","error":""},"_links":{"self":[{"href":"https:\/\/www.europesays.com\/de\/wp-json\/wp\/v2\/posts\/586893","targetHints":{"allow":["GET"]}}],"collection":[{"href":"https:\/\/www.europesays.com\/de\/wp-json\/wp\/v2\/posts"}],"about":[{"href":"https:\/\/www.europesays.com\/de\/wp-json\/wp\/v2\/types\/post"}],"author":[{"embeddable":true,"href":"https:\/\/www.europesays.com\/de\/wp-json\/wp\/v2\/users\/2"}],"replies":[{"embeddable":true,"href":"https:\/\/www.europesays.com\/de\/wp-json\/wp\/v2\/comments?post=586893"}],"version-history":[{"count":0,"href":"https:\/\/www.europesays.com\/de\/wp-json\/wp\/v2\/posts\/586893\/revisions"}],"wp:featuredmedia":[{"embeddable":true,"href":"https:\/\/www.europesays.com\/de\/wp-json\/wp\/v2\/media\/586894"}],"wp:attachment":[{"href":"https:\/\/www.europesays.com\/de\/wp-json\/wp\/v2\/media?parent=586893"}],"wp:term":[{"taxonomy":"category","embeddable":true,"href":"https:\/\/www.europesays.com\/de\/wp-json\/wp\/v2\/categories?post=586893"},{"taxonomy":"post_tag","embeddable":true,"href":"https:\/\/www.europesays.com\/de\/wp-json\/wp\/v2\/tags?post=586893"}],"curies":[{"name":"wp","href":"https:\/\/api.w.org\/{rel}","templated":true}]}}