{"id":587317,"date":"2025-11-19T16:28:23","date_gmt":"2025-11-19T16:28:23","guid":{"rendered":"https:\/\/www.europesays.com\/de\/587317\/"},"modified":"2025-11-19T16:28:23","modified_gmt":"2025-11-19T16:28:23","slug":"handball-bundesligist-feuert-trainer-und-sportdirektor-sport","status":"publish","type":"post","link":"https:\/\/www.europesays.com\/de\/587317\/","title":{"rendered":"Handball: Bundesligist feuert Trainer und Sportdirektor | Sport"},"content":{"rendered":"<p><b>Spektakul\u00e4re Trainer-Wende in der Handball-Bundesliga.<\/b><\/p>\n<p>Beim SC DHfK Leipzig muss Trainer Raul Alonso nun doch gehen \u2013 obwohl man ihm zun\u00e4chst weiter <a href=\"https:\/\/sportbild.bild.de\/sportmix\/handball\/handball-kellerklub-trifft-wichtige-trainer-entscheidung-691c48f144ecdb8c59719b25\" rel=\"noopener nofollow\" class=\"text-link--external text-link\" target=\"_blank\">das Vertrauen<\/a> ausgesprochen hatte. Sein Nachfolger wird <a href=\"https:\/\/sportbild.bild.de\/sportmix\/handball\/handball-wechsel-kracher-deutscher-trainer-geht-nach-los-angeles-68f0febacdf2d9fc0bea1688\" rel=\"noopener nofollow\" class=\"text-link--external text-link\" target=\"_blank\">Frank Carstens<\/a>, der zuletzt den Los Angeles Handball Club in den USA coachte. <\/p>\n<p><b>Mit Alonso wurde auch Sportdirektor Bastian Roscheck beurlaubt.<\/b><\/p>\n<p><a class=\"article-image__anchor\" href=\"https:\/\/www.dyn.sport\/sport_handball\" target=\"_blank\" rel=\"noopener nofollow\"><img decoding=\"async\" width=\"992\" height=\"84\" alt=\"\" src=\"https:\/\/www.europesays.com\/de\/wp-content\/uploads\/2025\/11\/b3b848c06cf3a9d3b03f0628d9ae8e24,c2dc6dc2\"   class=\"dynamic\" loading=\"lazy\"\/><\/a><\/p>\n<p>Foto: BILD<\/p>\n<p>Leipzig feuert Trainer und Sportdirektor<\/p>\n<p>Diese Entscheidung hatten Gesellschafter und Aufsichtsrat gemeinsam mit Gesch\u00e4ftsf\u00fchrer Karsten G\u00fcnther getroffen. Anschlie\u00dfend informierte G\u00fcnther Alonso und Roscheck pers\u00f6nlich dar\u00fcber, teilte der Klub mit. <\/p>\n<p><b>G\u00fcnther: <\/b>\u201eIch danke beiden f\u00fcr ihr Engagement, ihre Ideen und ihre Leidenschaft f\u00fcr den SC DHfK. Wir haben bis zum Spiel in Minden fest daran geglaubt, dass wir in dieser Konstellation in die Erfolgsspur finden, mussten aber schmerzlich feststellen, dass die gew\u00fcnschte Entwicklung ausbleibt und der Klassenerhalt in akute Gefahr ger\u00e4t.\u201c<\/p>\n<p><img decoding=\"async\" width=\"992\" height=\"558\" alt=\"Trainer Raul Alonso muss beim SC DHfK Leipzg nun doch gehen\" src=\"https:\/\/www.europesays.com\/de\/wp-content\/uploads\/2025\/11\/c6bae89f4aeeffefc67b897b031b1234,7f54c3c7\"   class=\"landscape\" loading=\"lazy\"\/><\/p>\n<p class=\"fig__caption__text\">Frank Carstens ist neuer Trainer des SC DHfK Leipzig<\/p>\n<p>Foto: picture alliance \/ HMB Media<\/p>\n<p><b>Und weiter: \u201eDeshalb haben wir uns f\u00fcr einen sofortigen Wechsel in der sportlichen F\u00fchrung entschieden und werden alles daf\u00fcr tun, um Leipzig in der st\u00e4rksten Liga der Welt zu halten.\u201c<\/b><\/p>\n<p>Alonso hatte den SC DHfK erst im Sommer \u00fcbernommen, aus den ersten zw\u00f6lf Bundesligaspielen aber nur zwei Punkte geholt. Ihm folgt nach nur viereinhalb Monaten Amtszeit ab sofort Frank Carstens (54), der bereits am Mittwoch der Mannschaft vorgestellt wurde und das erste Training mit dem Team absolvierte. Er unterschrieb einen Vertrag bis 2027, der auch f\u00fcr die 2. Liga gelten soll.<\/p>\n<p>Mehr zum Thema<\/p>\n<p>Finanzielle Mittel f\u00fcr den neuen Trainer und eventuelle Verst\u00e4rkungen f\u00fcr die Mannschaft sollen aus dem Pool der Sponsoren bereitgestellt werden, um den drohenden Super-Gau, den Absturz in die Zweitklassigkeit, zu verhindern. Denn das k\u00e4me dem Leipziger Handball letztlich viel teuer zu stehen.<\/p>\n<p><b>Carstens muss mit dem SC DHfK am Samstag in Gummersbach ran.<\/b><\/p>\n<p>Den Song kennt fast jeder: Schlager-Star st\u00fcrmt Meister-Kabine<a class=\"anchor video-teaser__anchor\" href=\"https:\/\/www.bild.de\/sport\/mehr-sport\/den-song-kennt-fast-jeder-schlager-star-stuermt-meister-kabine-691c4b6f44ecdb8c59719ba1\" rel=\"nofollow noopener\" target=\"_blank\"><img decoding=\"async\" width=\"992\" height=\"558\" alt=\"\" src=\"https:\/\/www.europesays.com\/de\/wp-content\/uploads\/2025\/11\/73e1c2fa8dc45cf2bea1ee7e004197be,6e384878\"   class=\"landscape teaser__image\" loading=\"lazy\"\/><\/a><\/p>\n<p>Quelle: BILD18.11.2025<\/p>\n","protected":false},"excerpt":{"rendered":"Spektakul\u00e4re Trainer-Wende in der Handball-Bundesliga. Beim SC DHfK Leipzig muss Trainer Raul Alonso nun doch gehen \u2013 obwohl&hellip;\n","protected":false},"author":2,"featured_media":587318,"comment_status":"","ping_status":"","sticky":false,"template":"","format":"standard","meta":{"footnotes":""},"categories":[136],"tags":[1263,29,11662,21540,1932,30,1391,5009,71,9662,265,3460,45],"class_list":{"0":"post-587317","1":"post","2":"type-post","3":"status-publish","4":"format-standard","5":"has-post-thumbnail","7":"category-sport","8":"tag-aufmacher-bereich","9":"tag-deutschland","10":"tag-dhb","11":"tag-dhfk-leipzig","12":"tag-dyn-handball","13":"tag-germany","14":"tag-handball","15":"tag-hbl","16":"tag-leipzig","17":"tag-no-sport-app","18":"tag-sport","19":"tag-sport-leuchtturm-leipzig","20":"tag-texttospeech"},"share_on_mastodon":{"url":"https:\/\/pubeurope.com\/@de\/115577312957791866","error":""},"_links":{"self":[{"href":"https:\/\/www.europesays.com\/de\/wp-json\/wp\/v2\/posts\/587317","targetHints":{"allow":["GET"]}}],"collection":[{"href":"https:\/\/www.europesays.com\/de\/wp-json\/wp\/v2\/posts"}],"about":[{"href":"https:\/\/www.europesays.com\/de\/wp-json\/wp\/v2\/types\/post"}],"author":[{"embeddable":true,"href":"https:\/\/www.europesays.com\/de\/wp-json\/wp\/v2\/users\/2"}],"replies":[{"embeddable":true,"href":"https:\/\/www.europesays.com\/de\/wp-json\/wp\/v2\/comments?post=587317"}],"version-history":[{"count":0,"href":"https:\/\/www.europesays.com\/de\/wp-json\/wp\/v2\/posts\/587317\/revisions"}],"wp:featuredmedia":[{"embeddable":true,"href":"https:\/\/www.europesays.com\/de\/wp-json\/wp\/v2\/media\/587318"}],"wp:attachment":[{"href":"https:\/\/www.europesays.com\/de\/wp-json\/wp\/v2\/media?parent=587317"}],"wp:term":[{"taxonomy":"category","embeddable":true,"href":"https:\/\/www.europesays.com\/de\/wp-json\/wp\/v2\/categories?post=587317"},{"taxonomy":"post_tag","embeddable":true,"href":"https:\/\/www.europesays.com\/de\/wp-json\/wp\/v2\/tags?post=587317"}],"curies":[{"name":"wp","href":"https:\/\/api.w.org\/{rel}","templated":true}]}}