{"id":587671,"date":"2025-11-19T19:56:15","date_gmt":"2025-11-19T19:56:15","guid":{"rendered":"https:\/\/www.europesays.com\/de\/587671\/"},"modified":"2025-11-19T19:56:15","modified_gmt":"2025-11-19T19:56:15","slug":"supercom-gewinnt-ersten-vertrag-auf-bundesstaatsebene-mit-us-justizvollzugsbehoerde","status":"publish","type":"post","link":"https:\/\/www.europesays.com\/de\/587671\/","title":{"rendered":"SuperCom gewinnt ersten Vertrag auf Bundesstaatsebene mit US-Justizvollzugsbeh\u00f6rde"},"content":{"rendered":"<p>SuperCom hat bekannt gegeben, dass das Unternehmen seinen ersten Vertrag auf Bundesstaatsebene mit einer US-Justizvollzugsbeh\u00f6rde (Department of Corrections, DOC) im Rahmen einer strategischen Partnerschaft, die Anfang dieses Jahres geschlossen wurde, erhalten hat. Der neue Vertrag, der im Rahmen des landesweiten Programms f\u00fcr Verhaltensgesundheitsdienste in Arizona vergeben wurde, beinhaltet die Einf\u00fchrung von SuperComs GPS-basierter elektronischer \u00dcberwachungstechnologie als Teil eines umfassenden Angebots an Rehabilitations- und \u00dcberwachungsdienstleistungen. Die Implementierung soll im Januar 2026 beginnen.<\/p>\n<p>\nDiese Auszeichnung stellt einen bedeutenden Meilenstein in SuperComs Expansionsstrategie in den Vereinigten Staaten dar. Nachdem das Unternehmen zun\u00e4chst \u00fcber regionale Dienstleister und Beh\u00f6rden auf Kreisebene in den Markt eingetreten war, ist es SuperCom nun gelungen, einen Vertrag auf Ebene der Justizvollzugsbeh\u00f6rde und einer staatlichen Beh\u00f6rde zu sichern &#8211; einer Ebene, die f\u00fcr ihre hohen Markteintrittsbarrieren, gr\u00f6\u00dfere Programmvolumina, strenge Anbieterauswahl und verl\u00e4sslichere langfristige Einnahmestrukturen bekannt ist. Ein entscheidender Faktor f\u00fcr den landesweiten Zuschlag war die Partnerschaft mit einem f\u00fchrenden, in Arizona ans\u00e4ssigen Dienstleister, mit dem SuperCom Anfang des Jahres eine formelle Kooperationsvereinbarung unterzeichnet hatte.<\/p>\n<p>\nDank der starken Erfolgsbilanz des Partners im Bundesstaat konnten die beiden Unternehmen gemeinsam das wettbewerbsintensive Ausschreibungsverfahren f\u00fcr sich entscheiden und den bisherigen Anbieter abl\u00f6sen. Damit wird SuperComs PureSecurity-Technologie nun auf Ebene der US-Justizvollzugsbeh\u00f6rden eingesetzt. Es wird erwartet, dass dieser Vertrag als strategischer Referenzpunkt dient, um SuperComs Bem\u00fchungen um weitere staatliche Auftr\u00e4ge in den gesamten Vereinigten Staaten zu unterst\u00fctzen.<\/p>\n","protected":false},"excerpt":{"rendered":"SuperCom hat bekannt gegeben, dass das Unternehmen seinen ersten Vertrag auf Bundesstaatsebene mit einer US-Justizvollzugsbeh\u00f6rde (Department of Corrections,&hellip;\n","protected":false},"author":2,"featured_media":15564,"comment_status":"","ping_status":"","sticky":false,"template":"","format":"standard","meta":{"footnotes":""},"categories":[3977],"tags":[331,332,665,13,14,15,12,4017,4018,4016,64,4019,4020],"class_list":{"0":"post-587671","1":"post","2":"type-post","3":"status-publish","4":"format-standard","5":"has-post-thumbnail","7":"category-usa","8":"tag-aktuelle-nachrichten","9":"tag-aktuelle-news","10":"tag-boerse","11":"tag-headlines","12":"tag-nachrichten","13":"tag-news","14":"tag-schlagzeilen","15":"tag-united-states","16":"tag-united-states-of-america","17":"tag-us","18":"tag-usa","19":"tag-vereinigte-staaten","20":"tag-vereinigte-staaten-von-amerika"},"share_on_mastodon":{"url":"https:\/\/pubeurope.com\/@de\/115578128501999858","error":""},"_links":{"self":[{"href":"https:\/\/www.europesays.com\/de\/wp-json\/wp\/v2\/posts\/587671","targetHints":{"allow":["GET"]}}],"collection":[{"href":"https:\/\/www.europesays.com\/de\/wp-json\/wp\/v2\/posts"}],"about":[{"href":"https:\/\/www.europesays.com\/de\/wp-json\/wp\/v2\/types\/post"}],"author":[{"embeddable":true,"href":"https:\/\/www.europesays.com\/de\/wp-json\/wp\/v2\/users\/2"}],"replies":[{"embeddable":true,"href":"https:\/\/www.europesays.com\/de\/wp-json\/wp\/v2\/comments?post=587671"}],"version-history":[{"count":0,"href":"https:\/\/www.europesays.com\/de\/wp-json\/wp\/v2\/posts\/587671\/revisions"}],"wp:featuredmedia":[{"embeddable":true,"href":"https:\/\/www.europesays.com\/de\/wp-json\/wp\/v2\/media\/15564"}],"wp:attachment":[{"href":"https:\/\/www.europesays.com\/de\/wp-json\/wp\/v2\/media?parent=587671"}],"wp:term":[{"taxonomy":"category","embeddable":true,"href":"https:\/\/www.europesays.com\/de\/wp-json\/wp\/v2\/categories?post=587671"},{"taxonomy":"post_tag","embeddable":true,"href":"https:\/\/www.europesays.com\/de\/wp-json\/wp\/v2\/tags?post=587671"}],"curies":[{"name":"wp","href":"https:\/\/api.w.org\/{rel}","templated":true}]}}