{"id":588072,"date":"2025-11-20T00:07:31","date_gmt":"2025-11-20T00:07:31","guid":{"rendered":"https:\/\/www.europesays.com\/de\/588072\/"},"modified":"2025-11-20T00:07:31","modified_gmt":"2025-11-20T00:07:31","slug":"ab-wann-geht-es-ohne-kapitaen-ueber-die-foerde","status":"publish","type":"post","link":"https:\/\/www.europesays.com\/de\/588072\/","title":{"rendered":"Ab wann geht es ohne Kapit\u00e4n \u00fcber die F\u00f6rde?"},"content":{"rendered":"<p>Kiel &#8211; <b>Das Projekt f\u00fcr einen emissionsfreien und autonomen Personenverkehr mit F\u00e4hren auf der <\/b><a href=\"https:\/\/www.tag24.de\/schleswig-holstein\" rel=\"nofollow noopener\" target=\"_blank\">Kieler<\/a><b> F\u00f6rde kommt voran.<\/b><\/p>\n<p>            <img loading=\"lazy\" decoding=\"async\" class=\"article__img\" alt=\"Im Jahr 2028 k\u00f6nnte eine Fahrt mit einer teilautonome F\u00e4hre \u00fcber die Kieler F\u00f6rde m\u00f6glich sein.\" width=\"951\" height=\"634\" src=\"https:\/\/www.europesays.com\/de\/wp-content\/uploads\/2025\/11\/w0v33n4solgf9yh5t9j3x4axw9p0nr6j.jpg\"  \/><\/p>\n<p>            Im Jahr 2028 k\u00f6nnte eine Fahrt mit einer teilautonome F\u00e4hre \u00fcber die Kieler F\u00f6rde m\u00f6glich sein.\u00a0\u00a0\u00a9\u00a0Marcus Brandt\/dpa<\/p>\n<p>Bereits 2028 k\u00f6nnte ein teilautonomes Boot auf der Schwentine zwischen Dietrichsdorf und Wellingdorf in den Probebetrieb gehen, wie Hendrik Dankowski vom Institut f\u00fcr Schiffbau und Maritime Technik der Hochschule f\u00fcr Angewandte Wissenschaften (HAW) Kiel bei einer Tagung zur CAPTN-Initiative sagte.<\/p>\n<p>Eingesetzt werden k\u00f6nnte den Planungen zufolge eine 14,5 Meter lange Doppelendf\u00e4hre mit Platz f\u00fcr 35 Passagiere und 12 Fahrr\u00e4der, darunter zwei Lastenr\u00e4der. Die &#8222;Sventana&#8220; k\u00f6nnte abgestimmt auf den Fahrplan der F\u00e4hrlinie F2 zwischen den Ufern der Schwentine pendeln. <\/p>\n<p>Im teilautonomen Betrieb w\u00e4re noch immer ein Schiffsf\u00fchrer an Bord. Die Linie F2, die aktuell bis Wellingdorf f\u00e4hrt, k\u00f6nnte wegen der dann verk\u00fcrzten Strecke daf\u00fcr h\u00e4ufiger zwischen Reventlou und Dietrichsdorf pendeln.<\/p>\n<p>                             <a data-aid=\"3437945\" data-atype=\"news\" data-aplacement=\"inread-article\" data-aplacementid=\"3440674\" href=\"https:\/\/www.tag24.de\/schleswig-holstein\/festnahme-nach-bombendrohung-spezialeinheit-stuermt-wohnung-3437945\" rel=\"nofollow noopener\" target=\"_blank\"><img loading=\"lazy\" decoding=\"async\" width=\"85\" height=\"57\" alt=\"Festnahme nach Bombendrohung: Spezialeinheit st\u00fcrmt Wohnung\" src=\"https:\/\/www.europesays.com\/de\/wp-content\/uploads\/2025\/11\/5vurg9q1u3ifbpwadaxvblx4w5pju9r5.jpg\"\/><\/a><\/p>\n<p>            Schleswig-Holstein<br \/>\n                            <a class=\"inread-article__headline\" data-aid=\"3437945\" data-atype=\"news\" data-aplacement=\"inread-article\" data-aplacementid=\"3440674\" href=\"https:\/\/www.tag24.de\/schleswig-holstein\/festnahme-nach-bombendrohung-spezialeinheit-stuermt-wohnung-3437945\" rel=\"nofollow noopener\" target=\"_blank\">Festnahme nach Bombendrohung: Spezialeinheit st\u00fcrmt Wohnung<\/a><\/p>\n<p><b>Bei der Tagung stellten verschiedene Bereiche der CAPTN-Initiative den Stand ihrer Projekte vor. CAPTN steht f\u00fcr &#8222;Clean Automonous Public Transport Network&#8220;. <\/b><\/p>\n<p>            <img decoding=\"async\" class=\"article__img\" alt=\"Bei einem anderen Projekt arbeiten Forscher an einer CO2-freien Nahverkehr \u00fcber die Kieler F\u00f6rde. (Symbolbild)\" width=\"951\" height=\"634\" loading=\"lazy\" src=\"https:\/\/www.europesays.com\/de\/wp-content\/uploads\/2025\/11\/v9r2olnyls1znfhryrhd1ab13kycvu6a.jpg\"  \/><\/p>\n<p>            Bei einem anderen Projekt arbeiten Forscher an einer CO2-freien Nahverkehr \u00fcber die Kieler F\u00f6rde. (Symbolbild)\u00a0\u00a0\u00a9\u00a0Marcus Brandt\/dpa<\/p>\n<p>Es geht um emissionsfreien autonomen \u00f6ffentlichen Nahverkehr auf der Kieler F\u00f6rde. Dazu entwickeln Forscher verschiedener Hochschul-Fachbereiche zusammen mit Unternehmen L\u00f6sungen etwa zur Orientierung und Steuerung von Personenf\u00e4hren im Schiffsverkehr oder um die autonome Betankung von Schiffen mit Wasserstoff.<\/p>\n<p>Ein weiteres Projekt befasst sich mit der M\u00f6glichkeit des emissionsfreien Schiffsverkehrs auf den Nord-Ostsee-Kanal. <\/p>\n<p>Der Idee zufolge sollen Schiffe in bei der Einfahrt in den Kanal einen Container mit Wasserstoff und Brennstoffzelle an Bord nehmen und mit dem dort erzeugten Strom angetrieben werden. <\/p>\n<p>                             <a data-aid=\"3439616\" data-atype=\"news\" data-aplacement=\"inread-article\" data-aplacementid=\"3440674\" href=\"https:\/\/www.tag24.de\/schleswig-holstein\/mann-bedroht-teenager-mit-waffe-sek-stuermt-wohnung-in-kiel-3439616\" rel=\"nofollow noopener\" target=\"_blank\"><img loading=\"lazy\" decoding=\"async\" width=\"85\" height=\"57\" alt=\"Mann bedroht Teenager mit Waffe: SEK st\u00fcrmt Wohnung in Kiel\" src=\"https:\/\/www.europesays.com\/de\/wp-content\/uploads\/2025\/11\/l27fk4gu1ok8i93gt6cidab6yu21iezv.jpg\"\/><\/a><\/p>\n<p>            Schleswig-Holstein<br \/>\n                            <a class=\"inread-article__headline\" data-aid=\"3439616\" data-atype=\"news\" data-aplacement=\"inread-article\" data-aplacementid=\"3440674\" href=\"https:\/\/www.tag24.de\/schleswig-holstein\/mann-bedroht-teenager-mit-waffe-sek-stuermt-wohnung-in-kiel-3439616\" rel=\"nofollow noopener\" target=\"_blank\">Mann bedroht Teenager mit Waffe: SEK st\u00fcrmt Wohnung in Kiel<\/a><\/p>\n<p><b>Am anderen Ende des Kanals w\u00fcrde der Container wieder abgeladen.<\/b><\/p>\n","protected":false},"excerpt":{"rendered":"Kiel &#8211; Das Projekt f\u00fcr einen emissionsfreien und autonomen Personenverkehr mit F\u00e4hren auf der Kieler F\u00f6rde kommt voran.&hellip;\n","protected":false},"author":2,"featured_media":588073,"comment_status":"","ping_status":"","sticky":false,"template":"","format":"standard","meta":{"footnotes":""},"categories":[1852],"tags":[3364,29,548,663,3934,30,13,4949,14,15,12,1971],"class_list":{"0":"post-588072","1":"post","2":"type-post","3":"status-publish","4":"format-standard","5":"has-post-thumbnail","7":"category-kiel","8":"tag-de","9":"tag-deutschland","10":"tag-eu","11":"tag-europa","12":"tag-europe","13":"tag-germany","14":"tag-headlines","15":"tag-kiel","16":"tag-nachrichten","17":"tag-news","18":"tag-schlagzeilen","19":"tag-schleswig-holstein"},"share_on_mastodon":{"url":"https:\/\/pubeurope.com\/@de\/115579116514551383","error":""},"_links":{"self":[{"href":"https:\/\/www.europesays.com\/de\/wp-json\/wp\/v2\/posts\/588072","targetHints":{"allow":["GET"]}}],"collection":[{"href":"https:\/\/www.europesays.com\/de\/wp-json\/wp\/v2\/posts"}],"about":[{"href":"https:\/\/www.europesays.com\/de\/wp-json\/wp\/v2\/types\/post"}],"author":[{"embeddable":true,"href":"https:\/\/www.europesays.com\/de\/wp-json\/wp\/v2\/users\/2"}],"replies":[{"embeddable":true,"href":"https:\/\/www.europesays.com\/de\/wp-json\/wp\/v2\/comments?post=588072"}],"version-history":[{"count":0,"href":"https:\/\/www.europesays.com\/de\/wp-json\/wp\/v2\/posts\/588072\/revisions"}],"wp:featuredmedia":[{"embeddable":true,"href":"https:\/\/www.europesays.com\/de\/wp-json\/wp\/v2\/media\/588073"}],"wp:attachment":[{"href":"https:\/\/www.europesays.com\/de\/wp-json\/wp\/v2\/media?parent=588072"}],"wp:term":[{"taxonomy":"category","embeddable":true,"href":"https:\/\/www.europesays.com\/de\/wp-json\/wp\/v2\/categories?post=588072"},{"taxonomy":"post_tag","embeddable":true,"href":"https:\/\/www.europesays.com\/de\/wp-json\/wp\/v2\/tags?post=588072"}],"curies":[{"name":"wp","href":"https:\/\/api.w.org\/{rel}","templated":true}]}}