{"id":588105,"date":"2025-11-20T00:26:11","date_gmt":"2025-11-20T00:26:11","guid":{"rendered":"https:\/\/www.europesays.com\/de\/588105\/"},"modified":"2025-11-20T00:26:11","modified_gmt":"2025-11-20T00:26:11","slug":"dynamo-vor-kniffliger-auswaertshuerde-in-bochum","status":"publish","type":"post","link":"https:\/\/www.europesays.com\/de\/588105\/","title":{"rendered":"Dynamo vor kniffliger Ausw\u00e4rtsh\u00fcrde in Bochum"},"content":{"rendered":"<p>Dynamo vor kniffliger Ausw\u00e4rtsh\u00fcrde in Bochum\u00a0<\/p>\n<p>Dynamo Dresden reist am Freitagabend (18:30 Uhr) ins Ruhrgebiet zum VfL Bochum \u2013 und die Ausgangslage ist eindeutig: Nach neun sieglosen Spielen braucht die SGD dringend ein Erfolgserlebnis. Mit gerade einmal sieben Punkten aus zw\u00f6lf Partien steckt Dynamo tief im Tabellenkeller und rangiert aktuell auf Platz 17.<\/p>\n<p>Leicht wird das Unterfangen allerdings nicht. Denn an der Castroper Stra\u00dfe hat sich seit Oktober einiges ver\u00e4ndert: Uwe R\u00f6sler hat den VfL wachgek\u00fcsst. Nach dem Bundesliga-Abstieg und einem Fehlstart in Liga zwei \u00fcbernahm der Ex-Dynamo-Profi das Kommando \u2013 und drehte das Team komplett. Seit seinem Amtsantritt steht Bochum bei vier Siegen, einem Remis und keiner einzigen Niederlage in Pflichtspielen. Der Trend spricht also klar f\u00fcr Blau-Wei\u00df.<\/p>\n<p>Personalsituation bei Dynamo<\/p>\n<p>Die SG Dynamo Dresden muss in Bochum auf mehrere Spieler verzichten: Sascha Risch, Jakob Zickler, Tony Menzel fallen verletzt aus. Vinko \u0160apina wird wegen muskul\u00e4rer Probleme ebenfalls nicht im Kader stehen.<\/p>\n<p>Stimmen zum Spiel\u00a0<\/p>\n<p>Cheftrainer Thomas Stamm lobt den kommenden Gegner, betont aber auch die Fortschritte seines Teams: \u201eBochum macht es die letzten Wochen gut. Sie haben eine andere Energie und Intensit\u00e4t auf den Platz bekommen. Mit der neuen Struktur sind sie sehr geschlossen, kompakt und bekommen die Basics auf den Platz. Durch den Trainerwechsel sind sie in einen Flow gekommen und da liegt es an uns, dass wir diesen am Freitag gebrochen bekommen.\u201c<\/p>\n<p>Mut macht ihm die Trainingswoche: \u201eMit welcher Art und Weise die Jungs die Themen angehen, gibt ein gutes Gef\u00fchl. Wir bekommen es in den Trainingseinheiten und im Testspiel auf den Platz. Jetzt muss es uns auch auf Zweitliganiveau gelingen. Wir wollen eine bessere Konstanz hinbekommen und die gilt es Freitag an den Tag zu legen. Gelingt uns das, dann sind Punkte absolut m\u00f6glich.\u201c<\/p>\n<p>Die Bilanz: kleines Jubil\u00e4um<\/p>\n<p>Zum 25. Mal treffen Dynamo und Bochum am Freitag aufeinander.<\/p>\n<p>Die Statistik:<br \/>-10 Siege Bochum<br \/>-5 Siege Dynamo<br \/>-9 Unentschieden<\/p>\n<p>Das letzte Duell liegt f\u00fcnf Jahre zur\u00fcck: In der Saison 2019\/20 verlor die SGD im Rudolf-Harbig-Stadion 1:2 gegen den VfL.<\/p>\n<p>Tickets &amp; Zuschauer<\/p>\n<p>Rund 26.000 Fans werden im Ruhrstadion erwartet \u2013 darunter etwa 2.500 Dynamo-Anh\u00e4nger, die ihre Mannschaft im wichtigen Ausw\u00e4rtsspiel unterst\u00fctzen wollen.<\/p>\n<p>(PS)<\/p>\n","protected":false},"excerpt":{"rendered":"Dynamo vor kniffliger Ausw\u00e4rtsh\u00fcrde in Bochum\u00a0 Dynamo Dresden reist am Freitagabend (18:30 Uhr) ins Ruhrgebiet zum VfL Bochum&hellip;\n","protected":false},"author":2,"featured_media":588106,"comment_status":"","ping_status":"","sticky":false,"template":"","format":"standard","meta":{"footnotes":""},"categories":[1839],"tags":[99641,7507,3364,29,5406,3766,107002,99643,30,1209,139922],"class_list":{"0":"post-588105","1":"post","2":"type-post","3":"status-publish","4":"format-standard","5":"has-post-thumbnail","7":"category-bochum","8":"tag-1953-update","9":"tag-bochum","10":"tag-de","11":"tag-deutschland","12":"tag-dynamo","13":"tag-dynamo-dresden","14":"tag-dynamo-dresden-aktuell","15":"tag-dynamo-dresden-news","16":"tag-germany","17":"tag-nordrhein-westfalen","18":"tag-vfl-bochum-gegen-dynamo-dresden"},"share_on_mastodon":{"url":"https:\/\/pubeurope.com\/@de\/115579190237708877","error":""},"_links":{"self":[{"href":"https:\/\/www.europesays.com\/de\/wp-json\/wp\/v2\/posts\/588105","targetHints":{"allow":["GET"]}}],"collection":[{"href":"https:\/\/www.europesays.com\/de\/wp-json\/wp\/v2\/posts"}],"about":[{"href":"https:\/\/www.europesays.com\/de\/wp-json\/wp\/v2\/types\/post"}],"author":[{"embeddable":true,"href":"https:\/\/www.europesays.com\/de\/wp-json\/wp\/v2\/users\/2"}],"replies":[{"embeddable":true,"href":"https:\/\/www.europesays.com\/de\/wp-json\/wp\/v2\/comments?post=588105"}],"version-history":[{"count":0,"href":"https:\/\/www.europesays.com\/de\/wp-json\/wp\/v2\/posts\/588105\/revisions"}],"wp:featuredmedia":[{"embeddable":true,"href":"https:\/\/www.europesays.com\/de\/wp-json\/wp\/v2\/media\/588106"}],"wp:attachment":[{"href":"https:\/\/www.europesays.com\/de\/wp-json\/wp\/v2\/media?parent=588105"}],"wp:term":[{"taxonomy":"category","embeddable":true,"href":"https:\/\/www.europesays.com\/de\/wp-json\/wp\/v2\/categories?post=588105"},{"taxonomy":"post_tag","embeddable":true,"href":"https:\/\/www.europesays.com\/de\/wp-json\/wp\/v2\/tags?post=588105"}],"curies":[{"name":"wp","href":"https:\/\/api.w.org\/{rel}","templated":true}]}}