{"id":588210,"date":"2025-11-20T01:30:18","date_gmt":"2025-11-20T01:30:18","guid":{"rendered":"https:\/\/www.europesays.com\/de\/588210\/"},"modified":"2025-11-20T01:30:18","modified_gmt":"2025-11-20T01:30:18","slug":"anschlag-auf-nord-stream-italien-erlaubt-auslieferung-eines-verdaechtigen","status":"publish","type":"post","link":"https:\/\/www.europesays.com\/de\/588210\/","title":{"rendered":"Anschlag auf Nord-Stream: Italien erlaubt Auslieferung eines Verd\u00e4chtigen"},"content":{"rendered":"<p>            <img loading=\"lazy\" decoding=\"async\" class=\"ts-image\" src=\"https:\/\/www.europesays.com\/de\/wp-content\/uploads\/2025\/11\/luftbild-blasen-nord-stream-leck-101.jpg\" alt=\"Luftbild von der Meeresoberfl\u00e4che der Ostsee mit Luftblasen im Bereich der Nord-Stream-2-Pipeline\" title=\"Luftbild von der Meeresoberfl\u00e4che der Ostsee mit Luftblasen im Bereich der Nord-Stream-2-Pipeline | AFP\"\/><\/p>\n<p class=\"metatextline\">Stand: 19.11.2025 21:30 Uhr<\/p>\n<p class=\"textabsatz columns twelve  m-ten  m-offset-one l-eight l-offset-two\">\n        <strong>Er gilt als Drahtzieher der Anschl\u00e4ge auf die Nord-Stream-Pipeline: Nun hat ein italienisches Gericht nach wochenlangem Hin und Her die Auslieferung des ukrainischen Verd\u00e4chtigen nach Deutschland erlaubt. <\/strong>\n    <\/p>\n<p class=\"textabsatz m-ten m-offset-one l-eight l-offset-two columns twelve\">Italiens oberstes Gericht hat gr\u00fcnes Licht f\u00fcr die Auslieferung des mutma\u00dflichen Drahtziehers der <a href=\"https:\/\/www.ndr.de\/nachrichten\/mecklenburg-vorpommern\/nord-stream-anschlag-weiterer-verdaechtiger-in-polen-festgenommen,nordstream-202.html\" title=\"Nord-Stream-Anschlag: Weiterer Verd\u00e4chtiger in Polen gefasst\" class=\"textlink--extern\" target=\"_blank\" rel=\"noopener\">Anschl\u00e4ge auf die Nord-Stream-Gasleitungen<\/a> in der Ostsee gegeben. Der Kassationshof in Rom entschied, dass der Ukrainer an die deutschen Beh\u00f6rden \u00fcbergeben werden darf. Dies teilte der Anwalt des Beschuldigten am Abend mit. Die Anschl\u00e4ge auf das fr\u00fchere deutsch-russische Prestigeprojekt hatten vor drei Jahren weltweit Schlagzeilen gemacht.<\/p>\n<p class=\"textabsatz m-ten m-offset-one l-eight l-offset-two columns twelve\">Der 49 Jahre alte Serhij K. wird nun wohl schon in den kommenden Tagen der deutschen Polizei \u00fcberstellt und dann nach Deutschland geflogen. Vermutlich kommt er in Hamburg vor Gericht. <a href=\"https:\/\/www.tagesschau.de\/investigativ\/ndr-wdr\/nord-stream-sabotage-festnahme-ukrainer-102.html\" title=\"Nord Stream: Festgenommener Ukrainer soll Sabotageteam geleitet haben\" target=\"_blank\" rel=\"noopener\">Den Ermittlungen zufolge<\/a> soll er die Anschl\u00e4ge auf die beiden Pipelines im September 2022 koordiniert haben. Die Bundesanwaltschaft wirft ihm gemeinschaftliches Herbeif\u00fchren einer Sprengstoffexplosion und verfassungsfeindliche Sabotage vor.\u00a0<\/p>\n<p>    Festgenommen im Familienurlaub<\/p>\n<p class=\"textabsatz m-ten m-offset-one l-eight l-offset-two columns twelve\"><a href=\"https:\/\/www.tagesschau.de\/ausland\/europa\/festnahme-nordstream-anschlag-100.html\" title=\"Ukrainer wegen Verdachts der Sabotage an Nord Stream festgenommen\" target=\"_blank\" rel=\"noopener\">Festgenommen wurde der Ukrainer im August <\/a>auf Grundlage eines europ\u00e4ischen Haftbefehls w\u00e4hrend eines Familienurlaubs an der Adria. Offenbar rechnete er nicht damit, dass ihm der Aufenthalt in Italien zum Verh\u00e4ngnis werden k\u00f6nnte. Zuvor soll er bereits mehrfach in andere europ\u00e4ische L\u00e4nder gereist sein. Seit seiner Festnahme sitzt er in einem Hochsicherheitsgef\u00e4ngnis.<\/p>\n<p class=\"textabsatz m-ten m-offset-one l-eight l-offset-two columns twelve\"><a href=\"https:\/\/www.ndr.de\/nachrichten\/mecklenburg-vorpommern\/verdaechtiger-ukrainer-ich-habe-nord-stream-nicht-gesprengt,nordstream-206.html\" title=\"Verd\u00e4chtiger Ukrainer: &quot;Ich habe Nord Stream nicht gesprengt!&quot;\u00a0\" class=\"textlink--extern\" target=\"_blank\" rel=\"noopener\">K. bestreitet die Vorw\u00fcrfe bis heute.<\/a> Zwischenzeitlich trat er wegen vermeintlich schlechter Behandlung in den Hungerstreik. Der Kassationshof wird seine Entscheidung erst sp\u00e4ter schriftlich begr\u00fcnden. Nach der endg\u00fcltigen Entscheidung sei die Entt\u00e4uschung gro\u00df, teilte der italienische Anwalt des Ukrainers, Nicola Canestrini mit. Er vertraue aber auf einen &#8222;Freispruch im anschlie\u00dfenden Hauptverfahren, das in Deutschland stattfinden&#8220; werde.<\/p>\n<p>    Juristisches Hin und Her \u00fcber Wochen<\/p>\n<p class=\"textabsatz m-ten m-offset-one l-eight l-offset-two columns twelve\">Canestrini bewertet, ohne eine Beteiligung seines Mandanten einzur\u00e4umen, den Anschlag auf die Nord-Stream-Leitungen als eine milit\u00e4rische Aktion, die mit dem Recht des Widerstands gegen Russland zu legitimieren sei. Gegen\u00fcber der ARD sagte Canestrini: &#8222;Wer auch immer dabei war: Wenn das eine Operation war, die der ukrainische Widerstand mit sich bringt, wie kann man diese Person strafrechtlich belangen?&#8220;<\/p>\n<p class=\"textabsatz m-ten m-offset-one l-eight l-offset-two columns twelve\">Vor dem Beschluss des Kassationshofs hatte es \u00fcber Wochen hinweg ein juristisches Hin und Her gegeben. Eine <a href=\"https:\/\/www.tagesschau.de\/ausland\/europa\/nord-stream-anschlag-auslieferung-saboteur-100.html\" title=\"Gericht in Italien billigt Auslieferung von Verd\u00e4chtigen des Nord-Stream-Anschlags \" target=\"_blank\" rel=\"noopener\">erste Erlaubnis zur Auslieferung<\/a> hatte das oberste Gericht wegen Verfahrensfehlern auf italienischer Seite zwischenzeitlich gestoppt. Dieses Mal best\u00e4tigte es die Entscheidung jedoch. Denkbar w\u00e4re, dass der Fall vor dem Europ\u00e4ischen Gerichtshof f\u00fcr Menschenrechte in Stra\u00dfburg landet. K.&#8217;s Anwalt Canestrini sagte der Nachrichtenagentur dpa zufolge jedoch, er werde diesen Weg &#8222;wahrscheinlich nicht&#8220; beschreiten.<\/p>\n<p>    Polen lehnte Auslieferung eines anderen Verd\u00e4chtigen ab<\/p>\n<p class=\"textabsatz m-ten m-offset-one l-eight l-offset-two columns twelve\">Die f\u00fcr den Transport von russischem Gas nach Deutschland gebauten Nord-Stream-Pipelines in der Ostsee waren im September 2022 durch Sprengs\u00e4tze schwer besch\u00e4digt worden. Die Anschl\u00e4ge nahe der d\u00e4nischen Insel Bornholm hatten weltweit Aufsehen erregt. Ein halbes Jahr nach Beginn des russischen Angriffskriegs gegen die Ukraine <a href=\"https:\/\/www.tagesschau.de\/ausland\/europa\/nord-stream-eins-druckabfall-105.html\" title=\"Lecks an Nord-Stream-Pipelines: Starke Hinweise auf Sabotage\" target=\"_blank\" rel=\"noopener\">besch\u00e4digten mehrere Sprengungen die beiden Pipelines<\/a> so sehr, dass kein Gas mehr durchgeleitet werden konnte. Durch Nord Stream 1 war zuvor russisches Erdgas nach Deutschland geflossen. Nord Stream 2 war noch nicht in Betrieb.\u00a0<\/p>\n<p class=\"textabsatz m-ten m-offset-one l-eight l-offset-two columns twelve\">Nach \u00dcberzeugung der deutschen Ermittler soll K. ein Team von insgesamt sieben Verd\u00e4chtigen geleitet haben, darunter vier Taucher. F\u00fcr die Anschl\u00e4ge sollen sie in Deutschland eine Segeljacht namens &#8222;Andromeda&#8220; angemietet haben, mit der sie dann hinaus auf die Ostsee gefahren sein sollen.\u00a0Ein weiterer Verd\u00e4chtiger, ebenfalls ein Ukrainer, sa\u00df ebenfalls zeitweise in Polen in U-Haft. Dort lehnte die Justiz <a href=\"https:\/\/www.tagesschau.de\/ausland\/europa\/nord-stream-sabotage-auslieferung-100.html\" title=\"Nord-Stream-Sabotage: Polnisches Gericht lehnt Auslieferung ab\" target=\"_blank\" rel=\"noopener\">eine Auslieferung an Deutschland ab<\/a>. Inzwischen ist der Mann wieder frei.<\/p>\n<p class=\"textabsatz m-ten m-offset-one l-eight l-offset-two columns twelve\">Mit Informationen von Tilmann Kleinjung, ARD-Studio Rom<\/p>\n","protected":false},"excerpt":{"rendered":"Stand: 19.11.2025 21:30 Uhr Er gilt als Drahtzieher der Anschl\u00e4ge auf die Nord-Stream-Pipeline: Nun hat ein italienisches Gericht&hellip;\n","protected":false},"author":2,"featured_media":588211,"comment_status":"","ping_status":"","sticky":false,"template":"","format":"standard","meta":{"footnotes":""},"categories":[2],"tags":[29,30,13,355,14,15,140869,99584,12,10,8,9,11],"class_list":{"0":"post-588210","1":"post","2":"type-post","3":"status-publish","4":"format-standard","5":"has-post-thumbnail","7":"category-deutschland","8":"tag-deutschland","9":"tag-germany","10":"tag-headlines","11":"tag-italien","12":"tag-nachrichten","13":"tag-news","14":"tag-nordstream-1","15":"tag-nordstream-2","16":"tag-schlagzeilen","17":"tag-top-news","18":"tag-top-meldungen","19":"tag-topmeldungen","20":"tag-topnews"},"share_on_mastodon":{"url":"https:\/\/pubeurope.com\/@de\/115579442437730730","error":""},"_links":{"self":[{"href":"https:\/\/www.europesays.com\/de\/wp-json\/wp\/v2\/posts\/588210","targetHints":{"allow":["GET"]}}],"collection":[{"href":"https:\/\/www.europesays.com\/de\/wp-json\/wp\/v2\/posts"}],"about":[{"href":"https:\/\/www.europesays.com\/de\/wp-json\/wp\/v2\/types\/post"}],"author":[{"embeddable":true,"href":"https:\/\/www.europesays.com\/de\/wp-json\/wp\/v2\/users\/2"}],"replies":[{"embeddable":true,"href":"https:\/\/www.europesays.com\/de\/wp-json\/wp\/v2\/comments?post=588210"}],"version-history":[{"count":0,"href":"https:\/\/www.europesays.com\/de\/wp-json\/wp\/v2\/posts\/588210\/revisions"}],"wp:featuredmedia":[{"embeddable":true,"href":"https:\/\/www.europesays.com\/de\/wp-json\/wp\/v2\/media\/588211"}],"wp:attachment":[{"href":"https:\/\/www.europesays.com\/de\/wp-json\/wp\/v2\/media?parent=588210"}],"wp:term":[{"taxonomy":"category","embeddable":true,"href":"https:\/\/www.europesays.com\/de\/wp-json\/wp\/v2\/categories?post=588210"},{"taxonomy":"post_tag","embeddable":true,"href":"https:\/\/www.europesays.com\/de\/wp-json\/wp\/v2\/tags?post=588210"}],"curies":[{"name":"wp","href":"https:\/\/api.w.org\/{rel}","templated":true}]}}