{"id":588212,"date":"2025-11-20T01:31:13","date_gmt":"2025-11-20T01:31:13","guid":{"rendered":"https:\/\/www.europesays.com\/de\/588212\/"},"modified":"2025-11-20T01:31:13","modified_gmt":"2025-11-20T01:31:13","slug":"bundeswehr-bundesverteidigungsministerium-will-weitere-leopard-panzer-bestellen","status":"publish","type":"post","link":"https:\/\/www.europesays.com\/de\/588212\/","title":{"rendered":"Bundeswehr: Bundesverteidigungsministerium will weitere Leopard-Panzer bestellen"},"content":{"rendered":"<p class=\"paragraph article__item\">Bundesverteidigungsminister<br \/>\n<a class=\"rtr-entity\" href=\"https:\/\/www.zeit.de\/thema\/boris-pistorius\" target=\"_blank\" rel=\"noopener\">Boris Pistorius<\/a> (SPD) will im kommenden<br \/>\nJahr weitere Kampfpanzer vom Typ Leopard-2 bestellen. Bisher hat die <a href=\"https:\/\/www.zeit.de\/thema\/bundeswehr\" class=\"\" target=\"_blank\" rel=\"noopener\">Bundeswehr<\/a> 123 Exemplare geordert, laut Pistorius sollen noch mal 75 weitere dazukommen. Die Beschaffung werde f\u00fcr 2026 vorbereitet, sagte er am Mittwoch bei der offiziellen Vorstellung des neuen Modells.\u00a0\n<\/p>\n<p class=\"paragraph article__item\">Die ersten Modelle sollen &#8222;sehr schnell&#8220; kommen, alle bisher bestellten Panzer sollen zwischen 2027 und 2030 ausgeliefert werden. Pistorius appellierte an die<br \/>\nR\u00fcstungsindustrie, ihre Kapazit\u00e4ten hochzufahren. &#8222;Wir m\u00fcssen<br \/>\nnoch <a href=\"https:\/\/www.zeit.de\/politik\/deutschland\/2025-10\/generalleutnant-andre-bodemann-verteidigung-russland-bundeswehr\" class=\"\" target=\"_blank\" rel=\"noopener\">eine Schippe drauflegen<\/a>&#8222;, sagte er. Es gehe darum, mit<br \/>\neiner klaren Auftragslage daf\u00fcr zu sorgen, dass die Hersteller<br \/>\nbesser planen k\u00f6nnten.\n<\/p>\n<p class=\"paragraph article__item\">Pistorius bezeichnete den neuen Leopard-Panzer als unverzichtbar <a href=\"https:\/\/www.zeit.de\/politik\/deutschland\/2025-10\/generalleutnant-andre-bodemann-verteidigung-russland-bundeswehr\" class=\"\" target=\"_blank\" rel=\"noopener\">f\u00fcr &#8222;die Zukunftsf\u00e4higkeit unserer Landstreitkr\u00e4fte&#8220;<\/a>. Diese Technologie sei auch &#8222;nicht \u00fcberholt&#8220;. &#8222;Im Gegenteil, wir wissen: Auch moderne Kriege werden keine reinen Drohnenkriege sein. Souver\u00e4nes Territorium wird auch in Zukunft mit <a href=\"https:\/\/www.zeit.de\/politik\/deutschland\/2024-05\/bundeswehr-sondervermoegen-militaer-investitionen\" class=\"\" target=\"_blank\" rel=\"noopener\">Panzern, Schiffen, Flugzeugen<\/a> und nicht zuletzt von Soldatinnen und von Soldaten verteidigt werden m\u00fcssen&#8220;, sagte Pistorius.\u00a0\n<\/p>\n<p>        Bisher Kosten von 3,4 Milliarden Euro        <\/p>\n<p class=\"paragraph article__item\">Die Vorstellung in M\u00fcnchen war die erste Pr\u00e4sentation des Waffensystems in der \u00d6ffentlichkeit. Die <a class=\"rtr-entity\" href=\"https:\/\/www.zeit.de\/thema\/bundeswehr\" target=\"_blank\" rel=\"noopener\">Bundeswehr<\/a> wird 2026 die ersten Fahrzeuge f\u00fcr Erprobungen erhalten und pr\u00fcfen. Im Anschluss bekommen die ersten Bataillone die Fahrzeuge, vorrangig die Soldaten der in den baltische Staaten stationierten <a href=\"https:\/\/www.zeit.de\/politik\/2025-05\/bundeskanzler-merz-litauen-nato-brigade\" class=\"\" target=\"_blank\" rel=\"noopener\">Brigade Litauen<\/a>.\n<\/p>\n<p class=\"paragraph article__item\">F\u00fcr die bisher bestellten 123 Leopard 2 A8 sind Ausgaben von mehr als 3,4 Milliarden Euro eingeplant, gr\u00f6\u00dftenteils aus dem schuldenfinanzierten Sonderverm\u00f6gen f\u00fcr die Bundeswehr.\u00a0Das Modell wurde baugleich zusammen mit Norwegen<br \/>\ngeordert. Auch Kroatien, Litauen, die Niederlande, Schweden und Tschechien kaufen den Panzer.\u00a0\n<\/p>\n<p>            Bundeswehr        <\/p>\n<p>Mehr Hintergr\u00fcnde<\/p>\n<p>                <a href=\"https:\/\/www.zeit.de\/politik\/deutschland\/2025-10\/generalleutnant-andre-bodemann-verteidigung-russland-bundeswehr\" data-ct-label=\"Generalleutnant Andr\u00e9 Bodemann: &quot;Was wir vor allem brauchen ist: Tempo, Tempo, Tempo&quot;\" target=\"_blank\" rel=\"noopener\"><\/p>\n<p>        Z+ (abopflichtiger Inhalt);<\/p>\n<p>    Generalleutnant Andr\u00e9 Bodemann:<br \/>\n                        &#8222;Was wir vor allem brauchen ist: Tempo, Tempo, Tempo&#8220;<\/p>\n<p>                <\/a><\/p>\n<p>                <a href=\"https:\/\/www.zeit.de\/kultur\/2025-11\/wehrdienst-bundeswehr-krieg-verteidigung-soldaten\" data-ct-label=\"Wehrdienst: Fragt uns nicht, ob wir f\u00fcr euch k\u00e4mpfen w\u00fcrden\" target=\"_blank\" rel=\"noopener\"><\/p>\n<p>        Z+ (abopflichtiger Inhalt);<\/p>\n<p>    Wehrdienst:<br \/>\n                        Fragt uns nicht, ob wir f\u00fcr euch k\u00e4mpfen w\u00fcrden<\/p>\n<p>                <\/a><\/p>\n<p>                <a href=\"https:\/\/www.zeit.de\/zeit-geschichte\/2025\/05\/unterfinanzierung-bundeswehr-sparen-kampfkraft-image\" data-ct-label=\"Unterfinanzierung der Bundeswehr: Kaputtgespart\" target=\"_blank\" rel=\"noopener\"><\/p>\n<p>        Z+ (abopflichtiger Inhalt);<\/p>\n<p>    Unterfinanzierung der Bundeswehr:<br \/>\n                        Kaputtgespart<\/p>\n<p>                <\/a><\/p>\n","protected":false},"excerpt":{"rendered":"Bundesverteidigungsminister Boris Pistorius (SPD) will im kommenden Jahr weitere Kampfpanzer vom Typ Leopard-2 bestellen. Bisher hat die Bundeswehr&hellip;\n","protected":false},"author":2,"featured_media":588213,"comment_status":"","ping_status":"","sticky":false,"template":"","format":"standard","meta":{"footnotes":""},"categories":[5],"tags":[1179,22534,685,13,23392,67116,14,15,16,12,10,8,9,11],"class_list":{"0":"post-588212","1":"post","2":"type-post","3":"status-publish","4":"format-standard","5":"has-post-thumbnail","7":"category-nachrichten","8":"tag-boris-pistorius","9":"tag-bundesverteidigungsministerium","10":"tag-bundeswehr","11":"tag-headlines","12":"tag-leopard-2","13":"tag-leopard-panzer","14":"tag-nachrichten","15":"tag-news","16":"tag-politik","17":"tag-schlagzeilen","18":"tag-top-news","19":"tag-top-meldungen","20":"tag-topmeldungen","21":"tag-topnews"},"share_on_mastodon":{"url":"https:\/\/pubeurope.com\/@de\/115579445952620618","error":""},"_links":{"self":[{"href":"https:\/\/www.europesays.com\/de\/wp-json\/wp\/v2\/posts\/588212","targetHints":{"allow":["GET"]}}],"collection":[{"href":"https:\/\/www.europesays.com\/de\/wp-json\/wp\/v2\/posts"}],"about":[{"href":"https:\/\/www.europesays.com\/de\/wp-json\/wp\/v2\/types\/post"}],"author":[{"embeddable":true,"href":"https:\/\/www.europesays.com\/de\/wp-json\/wp\/v2\/users\/2"}],"replies":[{"embeddable":true,"href":"https:\/\/www.europesays.com\/de\/wp-json\/wp\/v2\/comments?post=588212"}],"version-history":[{"count":0,"href":"https:\/\/www.europesays.com\/de\/wp-json\/wp\/v2\/posts\/588212\/revisions"}],"wp:featuredmedia":[{"embeddable":true,"href":"https:\/\/www.europesays.com\/de\/wp-json\/wp\/v2\/media\/588213"}],"wp:attachment":[{"href":"https:\/\/www.europesays.com\/de\/wp-json\/wp\/v2\/media?parent=588212"}],"wp:term":[{"taxonomy":"category","embeddable":true,"href":"https:\/\/www.europesays.com\/de\/wp-json\/wp\/v2\/categories?post=588212"},{"taxonomy":"post_tag","embeddable":true,"href":"https:\/\/www.europesays.com\/de\/wp-json\/wp\/v2\/tags?post=588212"}],"curies":[{"name":"wp","href":"https:\/\/api.w.org\/{rel}","templated":true}]}}