{"id":588214,"date":"2025-11-20T01:32:18","date_gmt":"2025-11-20T01:32:18","guid":{"rendered":"https:\/\/www.europesays.com\/de\/588214\/"},"modified":"2025-11-20T01:32:18","modified_gmt":"2025-11-20T01:32:18","slug":"erstes-album-von-leyas-crave-jetzt-unterstuetzen-kulturfalter-halle","status":"publish","type":"post","link":"https:\/\/www.europesays.com\/de\/588214\/","title":{"rendered":"Erstes Album von Leyas Crave \u2013 jetzt unterst\u00fctzen- Kulturfalter Halle"},"content":{"rendered":"<p>F\u00fcr die hallesche Indie-Band &#8222;Leyas Crave&#8220; geht ein Traum in Erf\u00fcllung: am 21. Dezember erscheint ihr erstes Album &#8222;The Unsaid&#8220;. Um den Longplayer zus\u00e4tzlich auf Platte und CD ver\u00f6ffentlichen zu k\u00f6nnen haben sie ein Crowdfunding gestartet.<\/p>\n<p>Die Ambient-Indie-Band &#8222;Leyas Crave&#8220; realisiert \u00fcber die Internetplattform\u00a0&#8222;Startnext&#8220; seit dem 19.11. ihr Crowdfunding f\u00fcr das erste Album\u00a0\u201eThe Unsaid\u201c, das auf CD und Schallplatte erscheinen soll. Nach der Deb\u00fct-EP\u00a0\u201eThe Weight of the Soul\u201c\u00a0(2021) sowie den Singles\u00a0\u201eWhat We Own\u201c\u00a0und\u00a0\u201eAnother Us\u201c\u00a0erf\u00fcllt sich nun der lang gehegte Traum eines Longplayers. Zehn atmosph\u00e4rische, nachdenkliche und zugleich dynamische Indie-Songs bilden das Zentrum dieses Werks, das am 21. Dezember auf allen Streamingplattformen erscheinen wird. Der DIY-Spirit der Band pr\u00e4gt Musik und Ver\u00f6ffentlichung gleicherma\u00dfen. Bis zum 19. Dezember k\u00f6nnen Unterst\u00fctzer\/-innen auf Startnext verschiedene \u201eDankesch\u00f6n-Artikel\u201c wie Platten, CDs oder andere besondere Produkte w\u00e4hlen oder mit freien Betr\u00e4gen zur Finanzierung der Produktionskosten beitragen.<\/p>\n<p><a target=\"_blank\" rel=\"noreferrer\">www.https:\/\/www.startnext.com\/leyas-crave-the-unsaid-album<\/a><\/p>\n","protected":false},"excerpt":{"rendered":"F\u00fcr die hallesche Indie-Band &#8222;Leyas Crave&#8220; geht ein Traum in Erf\u00fcllung: am 21. Dezember erscheint ihr erstes Album&hellip;\n","protected":false},"author":2,"featured_media":588215,"comment_status":"","ping_status":"","sticky":false,"template":"","format":"standard","meta":{"footnotes":""},"categories":[1860],"tags":[3364,29,548,663,3934,30,4062,17332,13,14,15,17331,860,12],"class_list":{"0":"post-588214","1":"post","2":"type-post","3":"status-publish","4":"format-standard","5":"has-post-thumbnail","7":"category-halle-saale","8":"tag-de","9":"tag-deutschland","10":"tag-eu","11":"tag-europa","12":"tag-europe","13":"tag-germany","14":"tag-halle","15":"tag-halle-saale","16":"tag-headlines","17":"tag-nachrichten","18":"tag-news","19":"tag-saale","20":"tag-sachsen-anhalt","21":"tag-schlagzeilen"},"share_on_mastodon":{"url":"https:\/\/pubeurope.com\/@de\/115579449765603515","error":""},"_links":{"self":[{"href":"https:\/\/www.europesays.com\/de\/wp-json\/wp\/v2\/posts\/588214","targetHints":{"allow":["GET"]}}],"collection":[{"href":"https:\/\/www.europesays.com\/de\/wp-json\/wp\/v2\/posts"}],"about":[{"href":"https:\/\/www.europesays.com\/de\/wp-json\/wp\/v2\/types\/post"}],"author":[{"embeddable":true,"href":"https:\/\/www.europesays.com\/de\/wp-json\/wp\/v2\/users\/2"}],"replies":[{"embeddable":true,"href":"https:\/\/www.europesays.com\/de\/wp-json\/wp\/v2\/comments?post=588214"}],"version-history":[{"count":0,"href":"https:\/\/www.europesays.com\/de\/wp-json\/wp\/v2\/posts\/588214\/revisions"}],"wp:featuredmedia":[{"embeddable":true,"href":"https:\/\/www.europesays.com\/de\/wp-json\/wp\/v2\/media\/588215"}],"wp:attachment":[{"href":"https:\/\/www.europesays.com\/de\/wp-json\/wp\/v2\/media?parent=588214"}],"wp:term":[{"taxonomy":"category","embeddable":true,"href":"https:\/\/www.europesays.com\/de\/wp-json\/wp\/v2\/categories?post=588214"},{"taxonomy":"post_tag","embeddable":true,"href":"https:\/\/www.europesays.com\/de\/wp-json\/wp\/v2\/tags?post=588214"}],"curies":[{"name":"wp","href":"https:\/\/api.w.org\/{rel}","templated":true}]}}