{"id":588218,"date":"2025-11-20T01:35:20","date_gmt":"2025-11-20T01:35:20","guid":{"rendered":"https:\/\/www.europesays.com\/de\/588218\/"},"modified":"2025-11-20T01:35:20","modified_gmt":"2025-11-20T01:35:20","slug":"so-funktioniert-die-buchung-ueber-die-strandbutler-app","status":"publish","type":"post","link":"https:\/\/www.europesays.com\/de\/588218\/","title":{"rendered":"So funktioniert die Buchung \u00fcber die \u201eStrandbutler\u201c-App"},"content":{"rendered":"<p>Kostenfrei bis 19:00 Uhr lesen<\/p>\n<p>Tipps zur Buchung und Nutzung<\/p>\n<p>Kostenpflichtig<\/p>\n<p>Kostenpflichtig<\/p>\n<p>\ufeffStrandk\u00f6rbe in Laboe: So funktioniert die neue Vermietung<\/p>\n<p class=\"Textstyled__Text-sc-1cqv9mi-0 cLyiiX ArticleHeadstyled__ArticleSubHeadline-sc-tdzyy5-11 fXdZot\">Die Preise f\u00fcr einen Strandkorb in Laboe bleiben im Sommer 2026 stabil. Trotz hoher Investitionen: Die neuen Strandkorbvermieter bringen 500 frisch produzierte K\u00f6rbe mit. So k\u00f6nnen die neuen Strandk\u00f6rbe gebucht werden. <\/p>\n<p class=\"Textstyled__Text-sc-1cqv9mi-0 cLyiiX\">Laboe. Laboe bekommt 500 neu produzierte Strandk\u00f6rbe in einheitlicher Optik. Ab 1. April 2026 sollen sie im Sand stehen. Auch das Konzept der Vermietung ist neu. Wir haben Antworten auf die wichtigsten Fragen.<\/p>\n<p>Weiterlesen nach der Anzeige<\/p>\n<p>Weiterlesen nach der Anzeige<\/p>\n<p>Ab wann k\u00f6nnen die neuen Strandk\u00f6rbe in Laboe gebucht werden?<\/p>\n<p class=\"Textstyled__Text-sc-1cqv9mi-0 cLyiiX\">Seit dem 18. November 2025 ist die Strandkorbvermietung Laboe in dem Buchungstool \u201eStrandbutler\u201c hinterlegt. Tagesk\u00f6rbe k\u00f6nnen dort ab sofort mit einem Klick reserviert werden. Damit hat Laboe anderen Str\u00e4nden etwas voraus. Am Sch\u00f6nberger Strand und in Kalifornien etwa ist die Buchung f\u00fcr die Strandk\u00f6rbe f\u00fcr 2026 noch nicht freigeschaltet.<\/p>\n<p>Wie l\u00e4uft die neue Online-Buchung ab?<\/p>\n<p class=\"Textstyled__Text-sc-1cqv9mi-0 cLyiiX\">Wer die Online-Buchung nutzen m\u00f6chte, kann sich die \u201eStrandbutler\u201c-App herunterladen. Dort w\u00e4hlt man \u00fcber eine Buchungsmaske \u201eLaboe Strand\u201c und dann entweder den S\u00fcdstrand (vom Restaurant Buena Vista bis zum Hafen) oder den Nordstrand (bis H\u00f6he Katzbek) aus. Gleichzeitig kann der Zeitraum f\u00fcr die Buchung ausgew\u00e4hlt werden. M\u00f6glich ist dies nicht nur f\u00fcr einen Tag, sondern beispielsweise auch f\u00fcr eine ganze Woche. Anschlie\u00dfend kann der Standort des Strandkorbes auf einer Karte frei gew\u00e4hlt werden. Grau hinterlegte K\u00f6rbe sind Jahresk\u00f6rbe, die tagesaktuell nicht verf\u00fcgbar sind. Bezahlt wird \u00fcber eines der hinterlegten Bezahlsysteme. Der ausgew\u00e4hlte Korb (mit Nummer) l\u00e4sst sich vor Ort mit dem Smartphone \u00fcber ein digitales Schloss \u00f6ffnen. <\/p>\n<p>Weiterlesen nach der Anzeige<\/p>\n<p>Weiterlesen nach der Anzeige<\/p>\n<p>Und wenn ich keinen digitalen Zugang nutzen m\u00f6chte?<\/p>\n<p class=\"Textstyled__Text-sc-1cqv9mi-0 cLyiiX\">Eine telefonische Reservierung ist nach wie vor m\u00f6glich. Daf\u00fcr steht ganzj\u00e4hrig eine Hotline unter der Nummer 040\/22857860 (t\u00e4glich von 8 bis 20 Uhr) zur Verf\u00fcgung. Der Strandkorb l\u00e4sst sich nach der Buchung mithilfe eines individuell beschriebenen Chips \u00f6ffnen. <\/p>\n<p>Wo bekomme ich in Laboe den Strandbutler-Chip?<\/p>\n<p class=\"Textstyled__Text-sc-1cqv9mi-0 cLyiiX\">F\u00fcr die Strandkorbvermietung am S\u00fcdstrand wird in der kommenden Saison ein mobiles H\u00e4uschen etwa in H\u00f6he des Kiosks \u201eStrandland\u201c aufgestellt. Am Nordstrand l\u00e4uft die Vermietung \u00fcber den Kiosk an der Promenade gegen\u00fcber vom Katzbek. Die neuen Strandkorbvermieter Bernhard Sourdeau und Angelo Bris wollen zus\u00e4tzlich Kooperationen etwa mit Gastronomen eingehen, die die mit den individuellen Buchungsdaten beschriebenen Chips au\u00dferhalb der Kiosk-\u00d6ffnungszeiten herausgeben k\u00f6nnten. Au\u00dferdem wird \u00fcber die Aufstellung eines Automaten nachgedacht.<\/p>\n<blockquote><p>Wir wollten auf die Preise nicht noch etwas draufschlagen.<\/p><\/blockquote>\n<p class=\"Quotestyled__Author-sc-q277fq-1 iQZobn\">Bernhard Sourdeau<\/p>\n<p class=\"Quotestyled__AuthorDescription-sc-q277fq-2 hQAqgn\">Strandkorbvermieter Laboe<\/p>\n<p>Weiterlesen nach der Anzeige<\/p>\n<p>Weiterlesen nach der Anzeige<\/p>\n<p>Was kostet die Miete f\u00fcr einen neuen Strandkorb in Laboe?<\/p>\n<p class=\"Textstyled__Text-sc-1cqv9mi-0 cLyiiX\">Pro Tag zahlen Mieterinnen und Mieter 16 Euro f\u00fcr einen Zweisitzer-Korb. Dieser Preis gilt bereits ab dem 1. April 2026. Eine ganze Woche kostet 96 Euro. Damit bleiben die Preise laut Bernhard Sourdeau in Laboe stabil. \u201eDie K\u00f6rbe hatten bereits eine ganz ordentliche Preiskategorie. Da wollten wir nicht noch etwas draufschlagen\u201c, sagt Sourdeau. Es sei nicht gerechtfertigt, wenn die K\u00f6rbe in <a href=\"https:\/\/www.kn-online.de\/themen\/laboe\/\" target=\"_self\" rel=\"nofollow noopener\" title=\"https:\/\/www.kn-online.de\/themen\/laboe\/\" data-vars-event-category=\"intext_link\" data-vars-event-action=\"click\" data-vars-event-label=\"https:\/\/www.kn-online.de\/themen\/laboe\/\">Laboe <\/a>deutlich teurer w\u00fcrden als in den Nachbarorten. In Heikendorf etwa kostet ein Tageskorb (je nach Standort) zwischen 13 und 15 Euro. Urspr\u00fcnglich hatten die neuen Strandkorbvermieter geplant, die Preise in Laboe aufgrund der hohen Investition in die neue Strandkorb-Produktion anzuheben.<\/p>\n<p>Wird es Sondertarife f\u00fcr Strandk\u00f6rbe in Laboe geben?<\/p>\n<p class=\"Textstyled__Text-sc-1cqv9mi-0 cLyiiX\">Die neuen Strandkorbvermieter wollen eine hohe Auslastung ihrer K\u00f6rbe in Laboe erreichen. Daher wird es besondere Angebote wie den Sonnenuntergangstarif in den Abendstunden geben. W\u00e4hrend der Vor- und Nachsaison (au\u00dferhalb der Ferien) k\u00f6nnen K\u00f6rbe zudem wochenweise g\u00fcnstiger gebucht werden. Dies soll auch \u00fcber eine Art Untervermietung von Jahresk\u00f6rben m\u00f6glich sein. Ist der Jahreskorbnutzer selbst f\u00fcr einen l\u00e4ngeren Zeitraum nicht da, kann er das dem \u201eStrandbutler\u201c-Team melden. Diese sorgen f\u00fcr eine entsprechende Hinterlegung im Buchungssystem. <\/p>\n<p class=\"Editorialstyled__Editorial-sc-1bfvh9l-0 cSmjnJ\">KN<\/p>\n","protected":false},"excerpt":{"rendered":"Kostenfrei bis 19:00 Uhr lesen Tipps zur Buchung und Nutzung Kostenpflichtig Kostenpflichtig \ufeffStrandk\u00f6rbe in Laboe: So funktioniert die&hellip;\n","protected":false},"author":2,"featured_media":588219,"comment_status":"","ping_status":"","sticky":false,"template":"","format":"standard","meta":{"footnotes":""},"categories":[1852],"tags":[3364,29,548,663,3934,30,13,4949,14,15,12,1971],"class_list":{"0":"post-588218","1":"post","2":"type-post","3":"status-publish","4":"format-standard","5":"has-post-thumbnail","7":"category-kiel","8":"tag-de","9":"tag-deutschland","10":"tag-eu","11":"tag-europa","12":"tag-europe","13":"tag-germany","14":"tag-headlines","15":"tag-kiel","16":"tag-nachrichten","17":"tag-news","18":"tag-schlagzeilen","19":"tag-schleswig-holstein"},"share_on_mastodon":{"url":"https:\/\/pubeurope.com\/@de\/115579461568271735","error":""},"_links":{"self":[{"href":"https:\/\/www.europesays.com\/de\/wp-json\/wp\/v2\/posts\/588218","targetHints":{"allow":["GET"]}}],"collection":[{"href":"https:\/\/www.europesays.com\/de\/wp-json\/wp\/v2\/posts"}],"about":[{"href":"https:\/\/www.europesays.com\/de\/wp-json\/wp\/v2\/types\/post"}],"author":[{"embeddable":true,"href":"https:\/\/www.europesays.com\/de\/wp-json\/wp\/v2\/users\/2"}],"replies":[{"embeddable":true,"href":"https:\/\/www.europesays.com\/de\/wp-json\/wp\/v2\/comments?post=588218"}],"version-history":[{"count":0,"href":"https:\/\/www.europesays.com\/de\/wp-json\/wp\/v2\/posts\/588218\/revisions"}],"wp:featuredmedia":[{"embeddable":true,"href":"https:\/\/www.europesays.com\/de\/wp-json\/wp\/v2\/media\/588219"}],"wp:attachment":[{"href":"https:\/\/www.europesays.com\/de\/wp-json\/wp\/v2\/media?parent=588218"}],"wp:term":[{"taxonomy":"category","embeddable":true,"href":"https:\/\/www.europesays.com\/de\/wp-json\/wp\/v2\/categories?post=588218"},{"taxonomy":"post_tag","embeddable":true,"href":"https:\/\/www.europesays.com\/de\/wp-json\/wp\/v2\/tags?post=588218"}],"curies":[{"name":"wp","href":"https:\/\/api.w.org\/{rel}","templated":true}]}}