{"id":588220,"date":"2025-11-20T01:36:53","date_gmt":"2025-11-20T01:36:53","guid":{"rendered":"https:\/\/www.europesays.com\/de\/588220\/"},"modified":"2025-11-20T01:36:53","modified_gmt":"2025-11-20T01:36:53","slug":"robin-lenk-haetten-sie-gern-einen-cfc-spieler-in-ihrem-team","status":"publish","type":"post","link":"https:\/\/www.europesays.com\/de\/588220\/","title":{"rendered":"Robin Lenk, h\u00e4tten Sie gern einen CFC-Spieler in Ihrem Team?"},"content":{"rendered":"<p class=\"bold\">\n\t\t\t\t\t\t\t\t\t\t\tZwickau.<br \/>\n\t\t\t\t\t\t\t\t\t\t\t\t\t\t\t\tGeplant hatte \u201eFreie Presse\u201c ein Doppelinterview mit dem Sportdirektor der Schw\u00e4ne und des Chemnitzer FC. Chris L\u00f6we sagte aus Termingr\u00fcnden ab. Kollege Robin Lenk spricht \u00fcber das brisante Duell.\t\t\t\t<\/p>\n<p>            Freie Presse: Danke, dass Sie Zeit gefunden haben. H\u00e4tten Sie gern mit Chris L\u00f6we beim Interview \u00fcber das Bezirksderby geplaudert?<\/p>\n<p>\t\t<img decoding=\"async\" class=\"fp-plus-logo\" src=\"https:\/\/www.freiepresse.de\/img\/fpplus.svg\" alt=\"Freie Presse plus Logo\"\/><\/p>\n<p>Registrieren und testen.<\/p>\n<p>Jetzt mit Ihrer Registrierung 1 Monat gratis testen und alle Beitr\u00e4ge lesen.<\/p>\n<p>Schon Abonnent? Melden Sie sich mit ihren Zugangsdaten an.<\/p>\n","protected":false},"excerpt":{"rendered":"Zwickau. Geplant hatte \u201eFreie Presse\u201c ein Doppelinterview mit dem Sportdirektor der Schw\u00e4ne und des Chemnitzer FC. Chris L\u00f6we&hellip;\n","protected":false},"author":2,"featured_media":588221,"comment_status":"","ping_status":"","sticky":false,"template":"","format":"standard","meta":{"footnotes":""},"categories":[1851],"tags":[2770,3364,29,548,663,3934,30,13,14,15,859,12,19651],"class_list":{"0":"post-588220","1":"post","2":"type-post","3":"status-publish","4":"format-standard","5":"has-post-thumbnail","7":"category-chemnitz","8":"tag-chemnitz","9":"tag-de","10":"tag-deutschland","11":"tag-eu","12":"tag-europa","13":"tag-europe","14":"tag-germany","15":"tag-headlines","16":"tag-nachrichten","17":"tag-news","18":"tag-sachsen","19":"tag-schlagzeilen","20":"tag-sportvereine"},"share_on_mastodon":{"url":"https:\/\/pubeurope.com\/@de\/115579470258988535","error":""},"_links":{"self":[{"href":"https:\/\/www.europesays.com\/de\/wp-json\/wp\/v2\/posts\/588220","targetHints":{"allow":["GET"]}}],"collection":[{"href":"https:\/\/www.europesays.com\/de\/wp-json\/wp\/v2\/posts"}],"about":[{"href":"https:\/\/www.europesays.com\/de\/wp-json\/wp\/v2\/types\/post"}],"author":[{"embeddable":true,"href":"https:\/\/www.europesays.com\/de\/wp-json\/wp\/v2\/users\/2"}],"replies":[{"embeddable":true,"href":"https:\/\/www.europesays.com\/de\/wp-json\/wp\/v2\/comments?post=588220"}],"version-history":[{"count":0,"href":"https:\/\/www.europesays.com\/de\/wp-json\/wp\/v2\/posts\/588220\/revisions"}],"wp:featuredmedia":[{"embeddable":true,"href":"https:\/\/www.europesays.com\/de\/wp-json\/wp\/v2\/media\/588221"}],"wp:attachment":[{"href":"https:\/\/www.europesays.com\/de\/wp-json\/wp\/v2\/media?parent=588220"}],"wp:term":[{"taxonomy":"category","embeddable":true,"href":"https:\/\/www.europesays.com\/de\/wp-json\/wp\/v2\/categories?post=588220"},{"taxonomy":"post_tag","embeddable":true,"href":"https:\/\/www.europesays.com\/de\/wp-json\/wp\/v2\/tags?post=588220"}],"curies":[{"name":"wp","href":"https:\/\/api.w.org\/{rel}","templated":true}]}}