{"id":588226,"date":"2025-11-20T01:41:23","date_gmt":"2025-11-20T01:41:23","guid":{"rendered":"https:\/\/www.europesays.com\/de\/588226\/"},"modified":"2025-11-20T01:41:23","modified_gmt":"2025-11-20T01:41:23","slug":"buerohochhaus-wird-zum-barrierefreien-wohnhaus-mit-balkonen","status":"publish","type":"post","link":"https:\/\/www.europesays.com\/de\/588226\/","title":{"rendered":"B\u00fcrohochhaus wird zum barrierefreien Wohnhaus mit Balkonen"},"content":{"rendered":"<p>\t\t\t\t       <a href=\"https:\/\/www.baulinks.de\/\" target=\"_blank\" rel=\"noopener\">Baulinks<\/a>\u00a0-&gt;\u00a0<a href=\"https:\/\/www.baulinks.de\/webplugin\/n000.php4\" target=\"_blank\" rel=\"noopener\">Redaktion<\/a>\u00a0\u00a0||\u00a0<a href=\"https:\/\/www.baulinks.de\/webplugin\/2025\/1665.php4\" target=\"_blank\" rel=\"noopener\">\u00a02025\/1666\u00a0<\/a><a href=\"https:\/\/www.baulinks.de\/webplugin\/2025\/1667.php4\" target=\"_blank\" rel=\"noopener\">j\u00fcnger &gt;<\/a>\u00a0<a href=\"https:\/\/www.baulinks.de\/webplugin\/2025\/1668.php4\" target=\"_blank\" rel=\"noopener\">&gt;&gt;|<\/a>\u00a0\u00a0<\/p>\n<p>(20.11.2025) In Wiesbaden wird ein ehemaliges B\u00fcrohochhaus aus den 1960er-Jahren zum Wohnhaus mit seniorengerechten Wohnungen umgebaut. Das Projekt umfasst 65 barrierefreie Apartments sowie Fl\u00e4chen f\u00fcr Tagespflege und Einzelhandel. F\u00fcr mehr Wohnqualit\u00e4t erh\u00e4lt jede Einheit einen Balkon mit integrierter Begr\u00fcnung. Die nachtr\u00e4glich angebauten auskragenden Freisitze wurden mit einer vorgelagerten Stahlkonstruktion am Geb\u00e4ude befestigt. Dabei \u00fcbernimmt der Sch\u00f6ck Isokorb T Typ S die sichere Lastabtragung der bis zu zwei Tonnen schweren Balkonwannen und reduziert gleichzeitig W\u00e4rmebr\u00fccken.<\/p>\n<p>    \t<a popup=\"popup\" popupclass=\"scale_1200\" popupwidth=\"1200\" popupheight=\"800\" popupoptimal=\"0\" target=\"_blank\" href=\"https:\/\/www.baulinks.de\/\/webplugin\/2025\/i\/1666-schoeck-01.jpg\" rel=\"noopener\"><img decoding=\"async\" class=\"imgEnlarge scale_574\" src=\"https:\/\/www.europesays.com\/de\/wp-content\/uploads\/2025\/11\/1148_x_1666-schoeck-01.jpg\" alt=\"\" style=\"width:574px;\"\/><\/a><\/p>\n<p>Die Stahlkonstruktion der Balkone findet Halt an der Stahlkonstruktion, die am Bestandsgeb\u00e4ude zur Aussteifung und Verst\u00e4rkung angebracht wurde.  (Foto: Sch\u00f6ck \/ Th. Barth)\u00a0<\/p>\n<p>Um den hohen Lasteintrag durch die Balkone zu bew\u00e4ltigen, wurde die vorhandene Bausubstanz zun\u00e4chst durch eine Stahlkonstruktion mit St\u00fctzen und Quertrassen zur Aussteifung und Verst\u00e4rkung ert\u00fcchtigt. Die frei auskragenden Stahlstreben der Balkonplatten konnten so \u00fcber die horizontalen Tr\u00e4gerplatten mit dem Geb\u00e4ude verbunden werden. Die Ausf\u00fchrung aller Stahlarbeiten, einschlie\u00dflich der mit Ankerplatten versehenen Stahlstreben, lag in den H\u00e4nden der bei Fulda ans\u00e4ssigen Stahlbaufirma Hahner.<\/p>\n<p>    \t<a popup=\"popup\" popupclass=\"scale_1200\" popupwidth=\"1200\" popupheight=\"801\" popupoptimal=\"0\" target=\"_blank\" href=\"https:\/\/www.baulinks.de\/\/webplugin\/2025\/i\/1666-schoeck-02.jpg\" rel=\"noopener\"><img decoding=\"async\" class=\"imgEnlarge scale_574\" src=\"https:\/\/www.europesays.com\/de\/wp-content\/uploads\/2025\/11\/1148_x_1666-schoeck-02.jpg\" alt=\"\" style=\"width:574px;\"\/><\/a><\/p>\n<p>Sch\u00f6ck Isokorb T Typ S ist mit den Modulen S-N und S-V sowohl mit den Ankerplatten der Balkon-Stahlstreben als auch mit den horizontalen Tr\u00e4gerplatten aus Stahl verschraubt. (Bild: Sch\u00f6ck \/ Th. Barth)\u00a0<\/p>\n<p>Alexandru Savencu, zust\u00e4ndiger Bauleiter des f\u00fcr die Bauausf\u00fchrung verantwortlichen Wiesbadener Bauunternehmens Br\u00f6mer &amp; Sohn: \u201eDas Projekt war statisch anspruchsvoll. Bei den Balkonwannen werden die Pflanztr\u00f6ge auf die Spitze gestellt. Das f\u00fchrt zu sehr hohen Traglasten. Mit den B\u00e4umen summieren sich diese auf teils bis zu zwei Tonnen. Dazu kommt noch die Windlast.\u201d<\/p>\n<p>Sch\u00f6ck Isokorb T Typ S verbindet die Streben mit dem Geb\u00e4ude und tr\u00e4gt die Lasten sicher ab.\u00a0Das System besteht aus den Modulen S-N und S-V und \u00fcbertr\u00e4gt Momente, Quer- und Normalkr\u00e4fte. Es l\u00e4sst sich flexibel in den Bauablauf integrieren und erm\u00f6glicht eine schnelle Montage, da die Bauteile lediglich verschraubt werden. Die Lieferung erfolgte baubegleitend, sodass die Streben abschnittsweise montiert werden konnten.<\/p>\n<p>    \t<a popup=\"popup\" popupclass=\"scale_1200\" popupwidth=\"1200\" popupheight=\"801\" popupoptimal=\"0\" target=\"_blank\" href=\"https:\/\/www.baulinks.de\/\/webplugin\/2025\/i\/1666-schoeck-03.jpg\" rel=\"noopener\"><img decoding=\"async\" class=\"imgEnlarge scale_574\" src=\"https:\/\/www.europesays.com\/de\/wp-content\/uploads\/2025\/11\/1148_x_1666-schoeck-03.jpg\" alt=\"\" style=\"width:574px;\"\/><\/a><\/p>\n<p>Die Quertrassen sind fest mit den vertikalen Massivprofilen der Stahlkonstruktion am Geb\u00e4ude verbunden.  (Bild: Sch\u00f6ck \/ A. Schumacher)\u00a0<\/p>\n<p>Bautafel<\/p>\n<p align=\"left\"><img loading=\"lazy\" decoding=\"async\" src=\"https:\/\/www.europesays.com\/de\/wp-content\/uploads\/2025\/04\/emailzeichen.gif\" alt=\"\" width=\"24\" height=\"25\" align=\"left\" border=\"0\" hspace=\"3\" vspace=\"3\"\/>Weitere Informationen k\u00f6nnen per\u00a0<a target=\"_self\" href=\"https:\/\/www.baulinks.de\/kontakt.php?ma=14871&amp;maname=Sch%26ouml%3Bck+Bauteile&amp;cf=https:\/\/www.baulinks.de\/webplugin\/2025\/1666.php4&amp;text=ich m\u00f6chte Sie bitten, mir Infos \u00fcber Isokorb T Typ S-N und Typ S-V kostenlos zuzusenden. \" rel=\"noopener\"><b>E-Mail an Sch\u00f6ck Bauteile<\/b><\/a> angefordert werden.<\/p>\n<p>&#13;<\/p>\n<p class=\"blPs_sa\">siehe auch f\u00fcr zus\u00e4tzliche Informationen:<\/p>\n<p>&#13;<br \/>\n&#13;<\/p>\n<p class=\"blPs_wm\" align=\"left\">ausgew\u00e4hlte weitere Meldungen:<\/p>\n<p class=\"blPs_sz\">siehe zudem:<\/p>\n","protected":false},"excerpt":{"rendered":"Baulinks\u00a0-&gt;\u00a0Redaktion\u00a0\u00a0||\u00a0\u00a02025\/1666\u00a0j\u00fcnger &gt;\u00a0&gt;&gt;|\u00a0\u00a0 (20.11.2025) In Wiesbaden wird ein ehemaliges B\u00fcrohochhaus aus den 1960er-Jahren zum Wohnhaus mit seniorengerechten Wohnungen umgebaut.&hellip;\n","protected":false},"author":2,"featured_media":588227,"comment_status":"","ping_status":"","sticky":false,"template":"","format":"standard","meta":{"footnotes":""},"categories":[1847],"tags":[2250,10016,3364,29,548,663,3934,30,13,2052,14,15,12,140870,140871,4544],"class_list":{"0":"post-588226","1":"post","2":"type-post","3":"status-publish","4":"format-standard","5":"has-post-thumbnail","7":"category-wiesbaden","8":"tag-architektur","9":"tag-balkon","10":"tag-de","11":"tag-deutschland","12":"tag-eu","13":"tag-europa","14":"tag-europe","15":"tag-germany","16":"tag-headlines","17":"tag-hessen","18":"tag-nachrichten","19":"tag-news","20":"tag-schlagzeilen","21":"tag-stahlbau","22":"tag-umwidmung","23":"tag-wiesbaden"},"share_on_mastodon":{"url":"https:\/\/pubeurope.com\/@de\/115579486254652027","error":""},"_links":{"self":[{"href":"https:\/\/www.europesays.com\/de\/wp-json\/wp\/v2\/posts\/588226","targetHints":{"allow":["GET"]}}],"collection":[{"href":"https:\/\/www.europesays.com\/de\/wp-json\/wp\/v2\/posts"}],"about":[{"href":"https:\/\/www.europesays.com\/de\/wp-json\/wp\/v2\/types\/post"}],"author":[{"embeddable":true,"href":"https:\/\/www.europesays.com\/de\/wp-json\/wp\/v2\/users\/2"}],"replies":[{"embeddable":true,"href":"https:\/\/www.europesays.com\/de\/wp-json\/wp\/v2\/comments?post=588226"}],"version-history":[{"count":0,"href":"https:\/\/www.europesays.com\/de\/wp-json\/wp\/v2\/posts\/588226\/revisions"}],"wp:featuredmedia":[{"embeddable":true,"href":"https:\/\/www.europesays.com\/de\/wp-json\/wp\/v2\/media\/588227"}],"wp:attachment":[{"href":"https:\/\/www.europesays.com\/de\/wp-json\/wp\/v2\/media?parent=588226"}],"wp:term":[{"taxonomy":"category","embeddable":true,"href":"https:\/\/www.europesays.com\/de\/wp-json\/wp\/v2\/categories?post=588226"},{"taxonomy":"post_tag","embeddable":true,"href":"https:\/\/www.europesays.com\/de\/wp-json\/wp\/v2\/tags?post=588226"}],"curies":[{"name":"wp","href":"https:\/\/api.w.org\/{rel}","templated":true}]}}