{"id":58881,"date":"2025-04-25T01:30:21","date_gmt":"2025-04-25T01:30:21","guid":{"rendered":"https:\/\/www.europesays.com\/de\/58881\/"},"modified":"2025-04-25T01:30:21","modified_gmt":"2025-04-25T01:30:21","slug":"brandenburg-berliner-senatorin-kiziltepe-nennt-tesla-nazi-auto","status":"publish","type":"post","link":"https:\/\/www.europesays.com\/de\/58881\/","title":{"rendered":"Brandenburg: Berliner Senatorin Kiziltepe nennt Tesla &#8222;Nazi-Auto&#8220;"},"content":{"rendered":"<p class=\"metatextline\">Stand: 24.04.2025 18:54 Uhr<\/p>\n<p class=\"textabsatz columns twelve  m-ten  m-offset-one l-eight l-offset-two\">\n        <strong>Tesla-Chef Musk st\u00f6\u00dft wegen seiner politischen \u00c4u\u00dferungen auf Protest. Der Elektroautobauer erlebt Umsatz- und Gewinnr\u00fcckg\u00e4nge. Berlins Arbeitssenatorin Kiziltepe (SPD) spricht von &#8222;Nazi-Auto&#8220; &#8211; und erntet Kritik von einem Parteikollegen.<\/strong>\n    <\/p>\n<p class=\"textabsatz m-ten m-offset-one l-eight l-offset-two columns twelve\">\nBerlins Arbeitssenatorin Cansel Kiziltepe (SPD) sorgt mit einer Attacke auf Tesla f\u00fcr gro\u00dfen Unmut beim Nachbarn Brandenburg &#8211; dort steht Europas einzige Autofabrik von Firmenchef Elon Musk. Die SPD-Politikerin hatte beim Portal X geschrieben &#8222;Wer will auch ein Nazi-Auto fahren?&#8220; und einen Artikel von rbb|24 mit der \u00dcberschrift &#8222;<a href=\"https:\/\/www.rbb24.de\/wirtschaft\/beitrag\/2025\/04\/kfz-zulassungen-berlin-brandenburg-alternative-antriebe-absatzzahlen-tesla.html\" title=\"Hersteller von E-Autos erleben Absatzhoch - abgesehen von Tesla\" class=\"textlink--extern\" target=\"_blank\" rel=\"noopener nofollow\">Hersteller von E-Autos erleben Absatzhoch &#8211; abgesehen von Tesla<\/a>&#8220; geteilt.<br \/>\u00a0<br \/>Brandenburgs Wirtschaftsminister und Parteigenosse Daniel Keller forderte sie auf, die \u00c4u\u00dferung zur\u00fcckzunehmen. Musk, der US-Pr\u00e4sident Donald Trump ber\u00e4t, st\u00f6\u00dft mit rechten politischen Ansichten auf wachsende Kritik.<\/p>\n<p>            <img loading=\"lazy\" decoding=\"async\" class=\"ts-image\" src=\"https:\/\/www.europesays.com\/de\/wp-content\/uploads\/2025\/04\/rbb-audio-rbb24-abendschau-23-04-2025-philliph-hoeppner-100.jpg\" alt=\"Archivbild: Verkehr Elektroautos Ein Tesla-Elektroauto links und ein e-Golf von Volkswagen von der VW-eigenen Mietwagenfirma We Share rechts an einer Ladestation der Firma innogy in Berlin. (Quelle: imago images\/Ditsch)\" title=\"Audio: rbb24 Abendschau | 23.04.2025 | Philliph H\u00f6ppner | imago images\/Ditsch\"\/><\/p>\n<p>Hersteller von E-Autos erleben Absatzhoch &#8211; abgesehen von Tesla<\/p>\n<p>            Tesla musste im ersten Quartal einen deutlich h\u00f6heren Gewinnr\u00fcckgang verschmerzen als erwartet. Parallel dazu sind die Autoverk\u00e4ufe in Deutschland stark eingebrochen. Dabei sind insbesondere E-Autos aktuell ziemlich beliebt. Von M. Devantier und O. Noffke<a href=\"https:\/\/www.rbb24.de\/wirtschaft\/beitrag\/2025\/04\/kfz-zulassungen-berlin-brandenburg-alternative-antriebe-absatzzahlen-tesla.html\" title=\"mehr\" class=\"textlink--extern\" target=\"_blank\" rel=\"noopener nofollow\">mehr<\/a><\/p>\n<p>    Minister: Nazi-Vergleich verletzt Tesla-Mitarbeiter<\/p>\n<p class=\"textabsatz--contains-image  m-six l-five textabsatz columns twelve\">\n&#8222;Ein solcher Nazi-Vergleich verletzt die Menschen, die dort arbeiten und ist f\u00fcr eine Arbeitssenatorin v\u00f6llig unangebracht&#8220;, antwortete Keller auf rbb-Anfrage. &#8222;Ich erwarte, dass die Arbeitssenatorin ihren historisch untragbaren Vergleich zur\u00fccknimmt und sich wieder sachlich den gro\u00dfen wirtschaftlichen und arbeitsmarktpolitischen Herausforderungen zuwendet, die Berlin und Brandenburg gemeinsam angehen sollten.&#8220;<\/p>\n<p class=\"absatzbild__info__text\">\n                        US-Pr\u00e4sident Donald Trump gemeinsam mit Tesla-Chef Elon Musk bei einer &#8222;Tesla-Show&#8220; im M\u00e4rz 2025 vor dem Wei\u00dfen Haus. Bild: picture alliance \/ Associated Press\n                    <\/p>\n<p>    Keller verweist auf Bedeutung von Tesla<\/p>\n<p class=\"textabsatz m-ten m-offset-one l-eight l-offset-two columns twelve\">\nDer Autobauer hatte das vergangene Quartal nach einem Modellwechsel und Kontroversen um die politische Rolle von Musk mit Umsatz- und Gewinnr\u00fcckgang abgeschlossen.<br \/>\u00a0<br \/>&#8222;Jeder kann \u00fcber Elon Musk seine pers\u00f6nliche Meinung haben&#8220;, sagte Keller. &#8222;Mir ist aber wichtig, dass wir die Menschen hinter der Tesla-Fabrik in Gr\u00fcnheide nicht vergessen. Hier arbeiten 11.000 Menschen aus 150 Nationen &#8211; \u00fcber die H\u00e4lfte der Mitarbeiter leben in Berlin.&#8220;<br \/>\u00a0<br \/>Dabei gehe es um gut bezahlte, unbefristete Arbeitspl\u00e4tze, sagte Keller. Tesla sei in Gr\u00fcnheide zum gr\u00f6\u00dften Arbeitgeber in Brandenburg geworden. &#8222;Brandenburg und Berlin profitieren davon hinsichtlich Besch\u00e4ftigung und Wertsch\u00f6pfung.&#8220;<\/p>\n<p>    Unternehmensverb\u00e4nde kritisieren Kiziltepe<\/p>\n<p class=\"textabsatz m-ten m-offset-one l-eight l-offset-two columns twelve\">\nKritik an der \u00c4u\u00dferung von Kiziltepe \u00fcbten auch die Unternehmensverb\u00e4nde Berlin-Brandenburg (UVB). Eine solche Verunglimpfung sei eines Mitglieds des Berliner Senats unw\u00fcrdigt, erkl\u00e4rte UVB-Hauptgesch\u00e4ftsf\u00fchrer Alexander Schirp. Auch f\u00fcr die Besch\u00e4ftigten bei Tesla sei dies ein Affront. Schirp f\u00fcgte hinzu: &#8222;Die Chancen auf Investitionen des Herstellers in der Hauptstadt werden dadurch nicht gr\u00f6\u00dfer. F\u00fcr den Wahlkampf lassen \u00c4u\u00dferungen auf diesem Niveau nichts Gutes erahnen.&#8220;<\/p>\n<p class=\"textabsatz m-ten m-offset-one l-eight l-offset-two columns twelve\">\nSendung: \u00a0<\/p>\n<p class=\"textabsatz m-ten m-offset-one l-eight l-offset-two columns twelve\">\nDie Kommentarfunktion wurde am 24.05.X2025 um 18:29 Uhr geschlossen. Die Kommentare dienen zum Austausch der Nutzerinnen und Nutzer und der Redaktion \u00fcber die berichteten Themen. Wir schlie\u00dfen die Kommentarfunktion unter anderem, wenn die Zahl der Kommentare so gro\u00df ist, dass sie nicht mehr zeitnah moderiert werden k\u00f6nnen. Weiter schlie\u00dfen wir die Kommentarfunktion, wenn die Kommentare sich nicht mehr auf das Thema beziehen oder eine Vielzahl der Kommentare die Regeln unserer Kommentarrichtlinien verletzt.<\/p>\n<p>                                        <a class=\"backlink__link\" href=\"https:\/\/www.rbb24.de\/wirtschaft\/beitrag\/2025\/04\/tesla-kritik-arbeitssenatorin-kiziltepe-brandenburg-gruenheide.html\" rel=\"nofollow noopener\" target=\"_blank\"><\/p>\n<p>                                                <img loading=\"lazy\" decoding=\"async\" alt=\"Rundfunk Berlin-Brandenburg\" src=\"https:\/\/www.europesays.com\/de\/wp-content\/uploads\/2025\/04\/1745108282_195_lra-rbb-logo-100.svg.svg+xml\" height=\"40\" width=\"40\"\/><\/p>\n<p>                                        <\/a><\/p>\n","protected":false},"excerpt":{"rendered":"Stand: 24.04.2025 18:54 Uhr Tesla-Chef Musk st\u00f6\u00dft wegen seiner politischen \u00c4u\u00dferungen auf Protest. Der Elektroautobauer erlebt Umsatz- und&hellip;\n","protected":false},"author":2,"featured_media":58882,"comment_status":"","ping_status":"","sticky":false,"template":"","format":"standard","meta":{"footnotes":""},"categories":[1816],"tags":[1960,1958,1959,1957,1956,1890,29,30,2239],"class_list":{"0":"post-58881","1":"post","2":"type-post","3":"status-publish","4":"format-standard","5":"has-post-thumbnail","7":"category-brandenburg","8":"tag-aktuelle-nachrichten-aus-berlin-und-brandenburg","9":"tag-aktuelle-nachrichten-aus-brandenburg","10":"tag-aktuelle-news-aus-berlin-und-brandenburg","11":"tag-aktuelle-news-aus-brandenburg","12":"tag-berlin-und-brandenburg","13":"tag-brandenburg","14":"tag-deutschland","15":"tag-germany","16":"tag-rbb"},"share_on_mastodon":{"url":"https:\/\/pubeurope.com\/@de\/114396019339433780","error":""},"_links":{"self":[{"href":"https:\/\/www.europesays.com\/de\/wp-json\/wp\/v2\/posts\/58881","targetHints":{"allow":["GET"]}}],"collection":[{"href":"https:\/\/www.europesays.com\/de\/wp-json\/wp\/v2\/posts"}],"about":[{"href":"https:\/\/www.europesays.com\/de\/wp-json\/wp\/v2\/types\/post"}],"author":[{"embeddable":true,"href":"https:\/\/www.europesays.com\/de\/wp-json\/wp\/v2\/users\/2"}],"replies":[{"embeddable":true,"href":"https:\/\/www.europesays.com\/de\/wp-json\/wp\/v2\/comments?post=58881"}],"version-history":[{"count":0,"href":"https:\/\/www.europesays.com\/de\/wp-json\/wp\/v2\/posts\/58881\/revisions"}],"wp:featuredmedia":[{"embeddable":true,"href":"https:\/\/www.europesays.com\/de\/wp-json\/wp\/v2\/media\/58882"}],"wp:attachment":[{"href":"https:\/\/www.europesays.com\/de\/wp-json\/wp\/v2\/media?parent=58881"}],"wp:term":[{"taxonomy":"category","embeddable":true,"href":"https:\/\/www.europesays.com\/de\/wp-json\/wp\/v2\/categories?post=58881"},{"taxonomy":"post_tag","embeddable":true,"href":"https:\/\/www.europesays.com\/de\/wp-json\/wp\/v2\/tags?post=58881"}],"curies":[{"name":"wp","href":"https:\/\/api.w.org\/{rel}","templated":true}]}}