{"id":588812,"date":"2025-11-20T07:25:13","date_gmt":"2025-11-20T07:25:13","guid":{"rendered":"https:\/\/www.europesays.com\/de\/588812\/"},"modified":"2025-11-20T07:25:13","modified_gmt":"2025-11-20T07:25:13","slug":"kritik-aus-moenchengladbach-zum-jhq-gelaende","status":"publish","type":"post","link":"https:\/\/www.europesays.com\/de\/588812\/","title":{"rendered":"Kritik aus M\u00f6nchengladbach zum JHQ-Gel\u00e4nde"},"content":{"rendered":"<p class=\"small date article__date\">Ver\u00f6ffentlicht:\u00a0Donnerstag, 20.11.2025 06:00<\/p>\n<p>Auf dem JHQ-Gel\u00e4nde in M\u00f6nchengladbach soll kein Platz f\u00fcr Gewerbefl\u00e4chen der Stadt sein. So lautet der Beschluss der Landesregierung in D\u00fcsseldorf. Stattdessen sollen hier ein Abschiebegef\u00e4ngnis und Kasernen f\u00fcr die Bundeswehr gebaut werden. Daf\u00fcr kommt Kritik von Politikern aus der Stadt.\u00a0<\/p>\n<p><img decoding=\"async\" alt=\"\" src=\"https:\/\/www.europesays.com\/de\/wp-content\/uploads\/2025\/11\/jhq-gelaende-kuenftiger-aussichtsberg.jpg&#038;crop=0x49x825x516&#038;resize=825x516&#038;dt=202511200604540.jpeg\" data-size=\"825x516\"\/>\u00a9 Radio 90,1<\/p>\n<p>Eigentlich hatte die Stadt gehofft, dass auf dem etwa 400 Hektar gro\u00dfen JHQ-Gel\u00e4nde auch Platz f\u00fcr neue Gewerbefl\u00e4chen sein w\u00fcrde. Das Land plant aber ein Abschiebegef\u00e4ngnis und Kasernen. Das sei ein massiver R\u00fcckschritt f\u00fcr die wirtschaftliche Entwicklung in unserer Stadt, sagt die SPD-Ratsfraktion. Die Fl\u00e4che w\u00fcrde dringend gebraucht werden, um Arbeitspl\u00e4tze zu schaffen. Auch der Kreisverband der Linken in M\u00f6nchengladbach kritisiert die Pl\u00e4ne: Statt eines Milit\u00e4rst\u00fctzpunktes h\u00e4tte hier dringend ben\u00f6tigter sozialer Wohnraum, ein Jugendzentrum oder andere \u00f6ffentliche Einrichtungen entstehen k\u00f6nnen. Beide Parteien fordern vom Land, die Pl\u00e4ne nochmal zu \u00fcberarbeiten.<\/p>\n","protected":false},"excerpt":{"rendered":"Ver\u00f6ffentlicht:\u00a0Donnerstag, 20.11.2025 06:00 Auf dem JHQ-Gel\u00e4nde in M\u00f6nchengladbach soll kein Platz f\u00fcr Gewerbefl\u00e4chen der Stadt sein. So lautet&hellip;\n","protected":false},"author":2,"featured_media":588813,"comment_status":"","ping_status":"","sticky":false,"template":"","format":"standard","meta":{"footnotes":""},"categories":[1849],"tags":[140977,3364,29,548,663,3934,30,13,1229,7771,4455,14,15,1209,16,12],"class_list":{"0":"post-588812","1":"post","2":"type-post","3":"status-publish","4":"format-standard","5":"has-post-thumbnail","7":"category-moenchengladbach","8":"tag-jhq-gelnde","9":"tag-de","10":"tag-deutschland","11":"tag-eu","12":"tag-europa","13":"tag-europe","14":"tag-germany","15":"tag-headlines","16":"tag-kritik","17":"tag-mnchengladbach","18":"tag-moenchengladbach","19":"tag-nachrichten","20":"tag-news","21":"tag-nordrhein-westfalen","22":"tag-politik","23":"tag-schlagzeilen"},"share_on_mastodon":{"url":"https:\/\/pubeurope.com\/@de\/115580838645695954","error":""},"_links":{"self":[{"href":"https:\/\/www.europesays.com\/de\/wp-json\/wp\/v2\/posts\/588812","targetHints":{"allow":["GET"]}}],"collection":[{"href":"https:\/\/www.europesays.com\/de\/wp-json\/wp\/v2\/posts"}],"about":[{"href":"https:\/\/www.europesays.com\/de\/wp-json\/wp\/v2\/types\/post"}],"author":[{"embeddable":true,"href":"https:\/\/www.europesays.com\/de\/wp-json\/wp\/v2\/users\/2"}],"replies":[{"embeddable":true,"href":"https:\/\/www.europesays.com\/de\/wp-json\/wp\/v2\/comments?post=588812"}],"version-history":[{"count":0,"href":"https:\/\/www.europesays.com\/de\/wp-json\/wp\/v2\/posts\/588812\/revisions"}],"wp:featuredmedia":[{"embeddable":true,"href":"https:\/\/www.europesays.com\/de\/wp-json\/wp\/v2\/media\/588813"}],"wp:attachment":[{"href":"https:\/\/www.europesays.com\/de\/wp-json\/wp\/v2\/media?parent=588812"}],"wp:term":[{"taxonomy":"category","embeddable":true,"href":"https:\/\/www.europesays.com\/de\/wp-json\/wp\/v2\/categories?post=588812"},{"taxonomy":"post_tag","embeddable":true,"href":"https:\/\/www.europesays.com\/de\/wp-json\/wp\/v2\/tags?post=588812"}],"curies":[{"name":"wp","href":"https:\/\/api.w.org\/{rel}","templated":true}]}}